{"id":51947,"date":"2021-10-07T00:00:00","date_gmt":"2021-10-07T05:00:00","guid":{"rendered":"https:\/\/www.medellin.gov.co\/es\/saladeprensa\/noticias\/la-alcaldia-de-medellin-reforzara-intervencion-integral-en-zona-priorizada-de-el-poblado\/"},"modified":"2022-03-27T21:51:31","modified_gmt":"2022-03-28T02:51:31","slug":"la-alcaldia-de-medellin-reforzara-intervencion-integral-en-zona-priorizada-de-el-poblado","status":"publish","type":"post","link":"https:\/\/www.medellin.gov.co\/es\/sala-de-prensa\/noticias\/la-alcaldia-de-medellin-reforzara-intervencion-integral-en-zona-priorizada-de-el-poblado\/","title":{"rendered":"La Alcald\u00eda de Medell\u00edn reforzar\u00e1 intervenci\u00f3n integral en zona priorizada de El Poblado"},"content":{"rendered":"<p><span style=\"vertical-align: inherit;\"><span style=\"vertical-align: inherit;\"><\/p>\n<div class=\"wrap contenido\">\n<div class=\"noticia\">\n<div class=\"imagen\">\n<div class=\"divContImageNoticia input_plantilla input_background\" data-input=\"fotografia\" ruta=\"\/galerias\/Imagenes\/Galer\u00eda d\u00eda a d\u00eda 2021\/500_400\/20211008-intervencion-integral-1.jpg\" fotografo=\"Foto Alcald\u00eda de Medelll\u00edn\" descripcion=\"La Alcald\u00eda de Medell\u00edn reforzar\u00e1 intervenci\u00f3n integral en zona priorizada de El Poblado. \" style=\"background-image:url('\/irj\/go\/km\/docs\/galerias\/Imagenes\/Galer\u00eda d\u00eda a d\u00eda 2021\/500_400\/20211008-intervencion-integral-1.jpg')\"><\/div>\n<p class=\"pMetaDesc\">Foto: La Alcald\u00eda de Medell\u00edn reforzar\u00e1 intervenci\u00f3n integral en zona priorizada de El Poblado. <\/p>\n<p class=\"pMetaFotografo\">Fot\u00f3grafo: Foto Alcald\u00eda de Medelll\u00edn<\/p>\n<\/div>\n<p class=\"fecha\"><span class=\"input_plantilla input_text\" data-input=\"fecha\">2021-10-08<\/span><\/p>\n<p><span itemprop=\"name\" class=\"input_plantilla input_text\" data-input=\"titulo\">La Alcald\u00eda de Medell\u00edn reforzar\u00e1 intervenci\u00f3n integral en zona priorizada de El Poblado<\/span><\/p>\n<h5 class=\"input_plantilla input_text\" data-input=\"autor\">Por Stephen Arboleda<\/h5>\n<div class=\"cuerpo input_plantilla input_area\" data-input=\"contenido\">\n<p>.: El Puesto de Mando Unificado para el Parque Lleras, Provenza y Manila seguir\u00e1 en funcionamiento a ra\u00edz de los buenos resultados.<\/p>\n<p>.: Se han realizado 76 acciones integrales entre la Administraci\u00f3n Municipal y la Polic\u00eda Metropolitana y 44 procedimientos de restablecimiento de derechos a menores hallados en la zona de toque de queda.<\/p>\n<p>.: A la fecha, se han sancionado 48 establecimientos comerciales, se han impuesto 457 comparendos y se han ejecutado 75 traslados y capturas por diferentes conductas.<\/p>\n<p><a href=\"\/irj\/go\/km\/docs\/galerias\/Audios\/Audios d\u00eda a d\u00eda 2021 - 3\/20211009-Intervencion-El-Poblado-01.mp3\" class=\"aContEnlace liMp3\" download=\"\" data-mce-href=\"\/irj\/go\/km\/docs\/galerias\/Audios\/Audios d\u00eda a d\u00eda 2021 - 3\/20211009-Intervencion-El-Poblado-01.mp3\"><span>Palabras de Jos\u00e9 Gerardo Acevedo, secretario de Seguridad y Convivencia.<\/span><span><\/span><span>1242 Kb<\/span><\/a><\/p>\n<p><a href=\"\/irj\/go\/km\/docs\/galerias\/Audios\/Audios d\u00eda a d\u00eda 2021 - 3\/20211009-Intervencion-El-Poblado-02.mp3\" class=\"aContEnlace liMp3\" download=\"\" data-mce-href=\"\/irj\/go\/km\/docs\/galerias\/Audios\/Audios d\u00eda a d\u00eda 2021 - 3\/20211009-Intervencion-El-Poblado-02.mp3\"><span>Palabras de Luis Guillermo Orjuela, director de la Corporaci\u00f3n Zona Rosa.<\/span><span><\/span><span>1765 Kb<\/span><\/a><\/p>\n<p>Como parte de la iniciativa de intervenci\u00f3n integral, acompa\u00f1amiento y control en la zona comercial y de esparcimiento de la comuna 14- El Poblado, que comprende los sectores del Parque Lleras, Provenza y Manila, la Alcald\u00eda de Medell\u00edn, a trav\u00e9s de la Secretar\u00eda de Seguridad y en articulaci\u00f3n con la Polic\u00eda Metropolitana, reforzar\u00e1 actividades con la presencia extendida de un Puesto de Mando Unificado (PMU) con el objetivo de seguir impactando la reducci\u00f3n de delitos y hacer control efectivo a los establecimientos abiertos al p\u00fablico.<\/p>\n<p>Desde el inicio de la intervenci\u00f3n integral, en julio pasado, la Secretar\u00eda de Seguridad y Convivencia ha desplegado 76 acciones en la zona, como puestos de control, verificaci\u00f3n a establecimientos, patrullajes articulados y operativos, entre otros, de la mano de la Polic\u00eda Metropolitana con personal de diferentes especialidades, inspecciones de polic\u00eda, la Unidad de Convivencia y Operativa, adem\u00e1s de dependencias de la Administraci\u00f3n Municipal, para garantizar la tranquilidad y el sano esparcimiento en el territorio de la ciudad m\u00e1s visitado por turistas locales y extranjeros.<\/p>\n<p>\u201c<em>Hemos visto c\u00f3mo una de las zonas m\u00e1s importantes de la ciudad, pero que tambi\u00e9n se ha deprimido con los a\u00f1os, hoy tiene una nueva visi\u00f3n por parte de la Administraci\u00f3n Municipal. Hay voluntad y hay acciones para darle la importancia que se merece. Gracias al compromiso de la Secretar\u00eda de Seguridad, de Desarrollo Econ\u00f3mico, a Espacio P\u00fablico, de Gobierno y de la Alcald\u00eda, este lugar tiene un plan estrat\u00e9gico de recuperaci\u00f3n<\/em>\u201d, dijo el director de la Corporaci\u00f3n Zona Rosa, Luis Guillermo Orjuela.<\/p>\n<p>Con la articulaci\u00f3n efectiva de las autoridades y la tecnolog\u00eda aplicada a la vigilancia (disposici\u00f3n estrat\u00e9gica de c\u00e1maras y seguimiento), en la zona se han aumentado las capturas por hurto en un 112 % (121 casos), adem\u00e1s de los controles a peatones y transe\u00fantes, de los que se reportan ya m\u00e1s de 7.200 procedimientos de requisa.<\/p>\n<p><a href=\"\/irj\/go\/km\/docs\/galerias\/Imagenes\/Galer%C3%ADa%20d%C3%ADa%20a%20d%C3%ADa%202021\/20211009-Intervencion-El-Poblado-2.JPG\" title=\"La Alcald\u00eda de Medell\u00edn reforzar\u00e1 intervenci\u00f3n integral en zona priorizada de El Poblado\" target=\"_blank\" rel=\"noopener\" data-mce-href=\"\/irj\/go\/km\/docs\/galerias\/Imagenes\/Galer%C3%ADa%20d%C3%ADa%20a%20d%C3%ADa%202021\/20211009-Intervencion-El-Poblado-2.JPG\"><img src=\"\/irj\/go\/km\/docs\/galerias\/Imagenes\/Galer%C3%ADa%20d%C3%ADa%20a%20d%C3%ADa%202021\/1000_450\/20211009-Intervencion-El-Poblado-2.jpg\" alt=\"La Alcald\u00eda de Medell\u00edn reforzar\u00e1 intervenci\u00f3n integral en zona priorizada de El Poblado\" width=\"100%\" data-mce-src=\"\/irj\/go\/km\/docs\/galerias\/Imagenes\/Galer%C3%ADa%20d%C3%ADa%20a%20d%C3%ADa%202021\/1000_450\/20211009-Intervencion-El-Poblado-2.jpg\"><\/a><\/p>\n<p>\u201c<em>Tenemos que ser conscientes de todo lo que implica una intervenci\u00f3n en una zona tan compleja y en la que hay poblaci\u00f3n tan diversa. Estamos aplicando todas nuestras capacidades para que los visitantes y locales se sientan tranquilos, que nos ayuden colaborando activamente, como hasta ahora lo hacen los comerciantes. Ya tenemos m\u00e1s de 70 botones de p\u00e1nico conectados y vamos a reforzar las actividades de control y prevenci\u00f3n para seguir con buenos resultados<\/em>\u201d, dijo el secretario de Seguridad y Convivencia, Jos\u00e9 Gerardo Acevedo.<\/p>\n<p>En una de estas acciones, en septiembre pasado, una alerta ciudadana desde un hostal, donde una banda de tres hombres y una mujer perpetraron un asalto a varios ciudadanos extranjeros, desencaden\u00f3 una persecuci\u00f3n que termin\u00f3 con cuatro capturas, la recuperaci\u00f3n de joyas, celulares, relojes de lujo e incluso los pasaportes de las v\u00edctimas.<\/p>\n<p>En el marco de la intervenci\u00f3n, adem\u00e1s, se ha realizado la suspensi\u00f3n temporal de 48 establecimientos por irregularidades de aforo, documentaci\u00f3n o incumplimiento de la norma; se han impuesto 457 comparendos y se han ejecutado 75 capturas o traslados al Centro de Traslado por Protecci\u00f3n.<\/p>\n<p>\u201c<em>Estamos complementando nuestras actividades. El Puesto de Mando Unificado solo para esta comuna seguir\u00e1 de manera extendida y la medida de toque de queda para menores tambi\u00e9n, con los controles que venimos ejerciendo. Ya se han encontrado 44 de ellos a los que se les han restablecido los derechos<\/em>\u201d, agreg\u00f3 el Secretario.<\/p>\n<\/div>\n<div class=\"compartir\">Compartir en:<a title=\"\" href=\"http:\/\/www.facebook.com\/share.php?u=\" class=\"btCompartirFacebook btCompartir\" target=\"_blank\" rel=\"noopener\"><\/a><a title=\"\" href=\"http:\/\/twitter.com\/home?status=Haz%20clic%20para%20ver%20esta%20noticia%20en%20\" class=\"btCompartirTwitter btCompartir\"><\/a><a title=\"\" href=\"whatsapp:\/\/send?text=Haz%20clic%20para%20ver%20esta%20noticia%20en%20\" class=\"btCompartirWa btCompartir\"><\/a><\/div>\n<\/div>\n<p><script>try{comprobarImagen();fixBtnRedes();hitsMedellin();}catch(e){}<\/script><\/div>\n<p><\/span><\/span><\/p>\n","protected":false},"excerpt":{"rendered":"<p>Foto: La Alcald\u00eda de Medell\u00edn reforzar\u00e1 intervenci\u00f3n integral en zona priorizada de El Poblado. Fot\u00f3grafo: Foto Alcald\u00eda de Medelll\u00edn 2021-10-08 La Alcald\u00eda de Medell\u00edn reforzar\u00e1 intervenci\u00f3n integral en zona priorizada de El Poblado Por Stephen &#8230;<\/p>\n","protected":false},"author":1,"featured_media":56733,"comment_status":"open","ping_status":"open","sticky":false,"template":"","format":"standard","meta":[],"categories":[21],"tags":[440,442,443],"formato_nota":[],"programas_tax":[],"acf":[],"_links":{"self":[{"href":"https:\/\/www.medellin.gov.co\/es\/wp-json\/wp\/v2\/posts\/51947"}],"collection":[{"href":"https:\/\/www.medellin.gov.co\/es\/wp-json\/wp\/v2\/posts"}],"about":[{"href":"https:\/\/www.medellin.gov.co\/es\/wp-json\/wp\/v2\/types\/post"}],"author":[{"embeddable":true,"href":"https:\/\/www.medellin.gov.co\/es\/wp-json\/wp\/v2\/users\/1"}],"replies":[{"embeddable":true,"href":"https:\/\/www.medellin.gov.co\/es\/wp-json\/wp\/v2\/comments?post=51947"}],"version-history":[{"count":1,"href":"https:\/\/www.medellin.gov.co\/es\/wp-json\/wp\/v2\/posts\/51947\/revisions"}],"predecessor-version":[{"id":53574,"href":"https:\/\/www.medellin.gov.co\/es\/wp-json\/wp\/v2\/posts\/51947\/revisions\/53574"}],"wp:featuredmedia":[{"embeddable":true,"href":"https:\/\/www.medellin.gov.co\/es\/wp-json\/wp\/v2\/media\/56733"}],"wp:attachment":[{"href":"https:\/\/www.medellin.gov.co\/es\/wp-json\/wp\/v2\/media?parent=51947"}],"wp:term":[{"taxonomy":"category","embeddable":true,"href":"https:\/\/www.medellin.gov.co\/es\/wp-json\/wp\/v2\/categories?post=51947"},{"taxonomy":"post_tag","embeddable":true,"href":"https:\/\/www.medellin.gov.co\/es\/wp-json\/wp\/v2\/tags?post=51947"},{"taxonomy":"formato_nota","embeddable":true,"href":"https:\/\/www.medellin.gov.co\/es\/wp-json\/wp\/v2\/formato_nota?post=51947"},{"taxonomy":"programas_tax","embeddable":true,"href":"https:\/\/www.medellin.gov.co\/es\/wp-json\/wp\/v2\/programas_tax?post=51947"}],"curies":[{"name":"wp","href":"https:\/\/api.w.org\/{rel}","templated":true}]}}