{"id":51957,"date":"2021-10-08T00:00:00","date_gmt":"2021-10-08T05:00:00","guid":{"rendered":"https:\/\/www.medellin.gov.co\/es\/saladeprensa\/noticias\/este-fin-de-semana-metrosalud-tendra-sus-puntos-de-vacunacion-contra-covid-19-extramurales\/"},"modified":"2022-03-27T21:51:35","modified_gmt":"2022-03-28T02:51:35","slug":"este-fin-de-semana-metrosalud-tendra-sus-puntos-de-vacunacion-contra-covid-19-extramurales","status":"publish","type":"post","link":"https:\/\/www.medellin.gov.co\/es\/sala-de-prensa\/noticias\/este-fin-de-semana-metrosalud-tendra-sus-puntos-de-vacunacion-contra-covid-19-extramurales\/","title":{"rendered":"Este fin de semana Metrosalud tendr\u00e1 sus puntos de vacunaci\u00f3n contra Covid-19 extramurales"},"content":{"rendered":"<p><span style=\"vertical-align: inherit;\"><span style=\"vertical-align: inherit;\"><\/p>\n<div class=\"wrap contenido\">\n<div class=\"noticia\">\n<div class=\"imagen\">\n<div class=\"divContImageNoticia input_plantilla input_background\" data-input=\"fotografia\" ruta=\"\/galerias\/Imagenes\/Galer\u00eda d\u00eda a d\u00eda 2021\/500_400\/20210526-vacunacion-mayores-55-1.jpg\" fotografo=\"Foto Alcald\u00eda de Medelll\u00edn\" descripcion=\"Con la llegada de nuevas dosis, Medell\u00edn inicia la vacunaci\u00f3n sin cita previa para mayores de 55 a\u00f1os.\" style=\"background-image:url('\/irj\/go\/km\/docs\/galerias\/Imagenes\/Galer\u00eda d\u00eda a d\u00eda 2021\/500_400\/20210526-vacunacion-mayores-55-1.jpg')\"><\/div>\n<p class=\"pMetaDesc\">Foto: Con la llegada de nuevas dosis, Medell\u00edn inicia la vacunaci\u00f3n sin cita previa para mayores de 55 a\u00f1os.<\/p>\n<p class=\"pMetaFotografo\">Fot\u00f3grafo: Foto Alcald\u00eda de Medelll\u00edn<\/p>\n<\/div>\n<p class=\"fecha\"><span class=\"input_plantilla input_text\" data-input=\"fecha\">2021-10-08<\/span><\/p>\n<p><span itemprop=\"name\" class=\"input_plantilla input_text\" data-input=\"titulo\">Este fin de semana Metrosalud tendr\u00e1 sus puntos de vacunaci\u00f3n contra Covid-19 extramurales<\/span><\/p>\n<h5 class=\"input_plantilla input_text\" data-input=\"autor\">Por M\u00e1bel Hern\u00e1ndez Toro<\/h5>\n<div class=\"cuerpo input_plantilla input_area\" data-input=\"contenido\">\n<p>.: Durante el s\u00e1bado 9 y el domingo 10 de octubre en Unidades Hospitalarias y Centros de Salud no vacunar\u00e1n contra Covid-19. Los vacunadores estar\u00e1n en campo haciendo b\u00fasqueda de personas que no est\u00e1n inmunizadas.&nbsp;&nbsp;<\/p>\n<p>.: Para este s\u00e1bado estar\u00e1n habilitados en Medell\u00edn diez puntos masivos de vacunaci\u00f3n y nueve para el domingo.<\/p>\n<p><a href=\"\/irj\/go\/km\/docs\/galerias\/Audios\/Audios d\u00eda a d\u00eda 2021 - 3\/20211008-Vacunacion-Covid-01.mp3\" class=\"aContEnlace liMp3\" download=\"\" data-mce-href=\"\/irj\/go\/km\/docs\/galerias\/Audios\/Audios d\u00eda a d\u00eda 2021 - 3\/20211008-Vacunacion-Covid-01.mp3\"><span>Palabras de Martha Cecilia Castrill\u00f3n, gerente de Metrosalud.&nbsp;<\/span><span><\/span><span>1416 Kb<\/span><\/a><\/p>\n<p>Con el fin de acercar la vacunaci\u00f3n contra COVID-19 a las personas de 12 a\u00f1os en adelante que no han podido iniciar o terminar sus esquemas, la Alcald\u00eda de Medell\u00edn, a trav\u00e9s de la Secretar\u00eda de Salud y la ESE Metrosalud, pone a disposici\u00f3n de la comunidad puestos de vacunaci\u00f3n extramurales, este s\u00e1bado 9 y domingo 10 de octubre, en puntos estrat\u00e9gicos.<\/p>\n<p>\u201c<em>Tenemos una informaci\u00f3n muy importante para los ciudadanos y es que este s\u00e1bado y domingo no estaremos vacunando ni en las Unidades Hospitalarias, ni en los Centros de Salud de Metrosalud. Como estrategia de la Alcald\u00eda vamos a ir a buscar a las personas que no se han vacunado<\/em>\u201d, explic\u00f3 la gerente de la ESE Metrosalud, Martha Cecilia Castrill\u00f3n Su\u00e1rez.<\/p>\n<p>Comunas como 1 &#8211; Popular, 2 &#8211; Santa Cruz, 3 &#8211; Manrique, 4 &#8211; Aranjuez, 5 &#8211; Castilla, 6- Doce de Octubre 8 &#8211; Villa Hermosa, 9 &#8211; Buenos Aires, 10 &#8211; Candelaria y 14 &#8211; Poblado, son los sectores en donde los porcentajes de vacunaci\u00f3n est\u00e1n por debajo de las coberturas, es por esto que con la estrategia extramural se busca llegar a toda esta poblaci\u00f3n que se ha identificado con limitaciones laborales, m\u00e9dicas, familiares, de tiempo, entre otras.<\/p>\n<p>Algunos de los puntos extramurales que estar\u00e1n habilitados para estos dos d\u00edas son Parroquia Carpinelo (comuna 1), Parroquia Nuestra Se\u00f1ora de La Asunci\u00f3n, (comuna 2), Parroquia San Nicol\u00e1s de Tolentino (comuna 4), Parroquia Nuestra Se\u00f1ora de los Dolores las Estancias (comuna 8), Parroquia Nuestra Se\u00f1ora de la Milagrosa, Parroquia Sagrado Coraz\u00f3n (comuna 9), de 10:00 a.m. a 7:00 p.m.<\/p>\n<p>Igualmente, estar\u00e1n habilitados los puntos masivos de la Cl\u00ednica de la 80, ITM Fraternidad, terminales del Norte y del Sur, coliseo de Voleibol en el Estadio Atanasio Girardot y los centros comerciales Gran Plaza, Florida, San Diego, Oviedo y Unicentro de 8:00 a.m. a 5:00 p.m. Por motivos de cierre, el domingo el punto de Gran Plaza no estar\u00e1 habilitado. Para consultar todos los dem\u00e1s puntos de vacunaci\u00f3n que estar\u00e1n habilitados durante estos dos d\u00edas, est\u00e9 atento a las redes sociales de la Alcald\u00eda de Medell\u00edn.<\/p>\n<p>El Ministerio de Salud y Protecci\u00f3n Social de Colombia, para la aplicaci\u00f3n de la segunda dosis de las vacunas Pfizer, Moderna y AstraZeneca, recomienda esperar 84 d\u00edas. Sin embargo, el usuario podr\u00e1 optar por recibir la segunda dosis en el intervalo entre 28 y 84 d\u00edas.<\/p>\n<p>La Administraci\u00f3n Municipal invita a toda la poblaci\u00f3n mayor de 12 a\u00f1os a que haga parte de estas jornadas de vacunaci\u00f3n, en donde podr\u00e1 aplicarse la primera o segunda dosis de todas las farmac\u00e9uticas seg\u00fan sea el caso de cada persona.<\/p>\n<\/div>\n<div class=\"compartir\">Compartir en:<a title=\"\" href=\"http:\/\/www.facebook.com\/share.php?u=\" class=\"btCompartirFacebook btCompartir\" target=\"_blank\" rel=\"noopener\"><\/a><a title=\"\" href=\"http:\/\/twitter.com\/home?status=Haz%20clic%20para%20ver%20esta%20noticia%20en%20\" class=\"btCompartirTwitter btCompartir\"><\/a><a title=\"\" href=\"whatsapp:\/\/send?text=Haz%20clic%20para%20ver%20esta%20noticia%20en%20\" class=\"btCompartirWa btCompartir\"><\/a><\/div>\n<\/div>\n<p><script>try{comprobarImagen();fixBtnRedes();hitsMedellin();}catch(e){}<\/script><\/div>\n<p><\/span><\/span><\/p>\n","protected":false},"excerpt":{"rendered":"<p>Foto: Con la llegada de nuevas dosis, Medell\u00edn inicia la vacunaci\u00f3n sin cita previa para mayores de 55 a\u00f1os. Fot\u00f3grafo: Foto Alcald\u00eda de Medelll\u00edn 2021-10-08 Este fin de semana Metrosalud tendr\u00e1 sus puntos de vacunaci\u00f3n &#8230;<\/p>\n","protected":false},"author":1,"featured_media":56738,"comment_status":"open","ping_status":"open","sticky":false,"template":"","format":"standard","meta":[],"categories":[18],"tags":[437,451,435,452],"formato_nota":[],"programas_tax":[],"acf":[],"_links":{"self":[{"href":"https:\/\/www.medellin.gov.co\/es\/wp-json\/wp\/v2\/posts\/51957"}],"collection":[{"href":"https:\/\/www.medellin.gov.co\/es\/wp-json\/wp\/v2\/posts"}],"about":[{"href":"https:\/\/www.medellin.gov.co\/es\/wp-json\/wp\/v2\/types\/post"}],"author":[{"embeddable":true,"href":"https:\/\/www.medellin.gov.co\/es\/wp-json\/wp\/v2\/users\/1"}],"replies":[{"embeddable":true,"href":"https:\/\/www.medellin.gov.co\/es\/wp-json\/wp\/v2\/comments?post=51957"}],"version-history":[{"count":1,"href":"https:\/\/www.medellin.gov.co\/es\/wp-json\/wp\/v2\/posts\/51957\/revisions"}],"predecessor-version":[{"id":53579,"href":"https:\/\/www.medellin.gov.co\/es\/wp-json\/wp\/v2\/posts\/51957\/revisions\/53579"}],"wp:featuredmedia":[{"embeddable":true,"href":"https:\/\/www.medellin.gov.co\/es\/wp-json\/wp\/v2\/media\/56738"}],"wp:attachment":[{"href":"https:\/\/www.medellin.gov.co\/es\/wp-json\/wp\/v2\/media?parent=51957"}],"wp:term":[{"taxonomy":"category","embeddable":true,"href":"https:\/\/www.medellin.gov.co\/es\/wp-json\/wp\/v2\/categories?post=51957"},{"taxonomy":"post_tag","embeddable":true,"href":"https:\/\/www.medellin.gov.co\/es\/wp-json\/wp\/v2\/tags?post=51957"},{"taxonomy":"formato_nota","embeddable":true,"href":"https:\/\/www.medellin.gov.co\/es\/wp-json\/wp\/v2\/formato_nota?post=51957"},{"taxonomy":"programas_tax","embeddable":true,"href":"https:\/\/www.medellin.gov.co\/es\/wp-json\/wp\/v2\/programas_tax?post=51957"}],"curies":[{"name":"wp","href":"https:\/\/api.w.org\/{rel}","templated":true}]}}