{"id":51961,"date":"2021-10-08T00:00:00","date_gmt":"2021-10-08T05:00:00","guid":{"rendered":"https:\/\/www.medellin.gov.co\/es\/saladeprensa\/noticias\/el-aeroparque-juan-pablo-ii-y-el-parque-norte-han-recibido-170-295-visitantes-en-medio-de-la-reactivacion-economica\/"},"modified":"2022-03-27T21:51:38","modified_gmt":"2022-03-28T02:51:38","slug":"el-aeroparque-juan-pablo-ii-y-el-parque-norte-han-recibido-170-295-visitantes-en-medio-de-la-reactivacion-economica","status":"publish","type":"post","link":"https:\/\/www.medellin.gov.co\/es\/sala-de-prensa\/noticias\/el-aeroparque-juan-pablo-ii-y-el-parque-norte-han-recibido-170-295-visitantes-en-medio-de-la-reactivacion-economica\/","title":{"rendered":"El Aeroparque Juan Pablo II y el Parque Norte han recibido 170.295 visitantes en medio de la reactivaci\u00f3n econ\u00f3mica"},"content":{"rendered":"<p><span style=\"vertical-align: inherit;\"><span style=\"vertical-align: inherit;\"><\/p>\n<div class=\"wrap contenido\">\n<div class=\"noticia\">\n<div class=\"imagen\">\n<div class=\"divContImageNoticia input_plantilla input_background\" data-input=\"fotografia\" ruta=\"\/galerias\/Imagenes\/Galer\u00eda d\u00eda a d\u00eda 2021\/500_400\/20211009-Metroparques-1.jpg\" fotografo=\"Foto Alcald\u00eda de Medell\u00edn\" descripcion=\"El Aeroparque Juan Pablo II y el Parque Norte han recibido 170.295 visitantes en medio de la reactivaci\u00f3n econ\u00f3mica.\" style=\"background-image:url('\/irj\/go\/km\/docs\/galerias\/Imagenes\/Galer\u00eda d\u00eda a d\u00eda 2021\/500_400\/20211009-Metroparques-1.jpg')\"><\/div>\n<p class=\"pMetaDesc\">Foto: El Aeroparque Juan Pablo II y el Parque Norte han recibido 170.295 visitantes en medio de la reactivaci\u00f3n econ\u00f3mica.<\/p>\n<p class=\"pMetaFotografo\">Fot\u00f3grafo: Foto Alcald\u00eda de Medell\u00edn<\/p>\n<\/div>\n<p class=\"fecha\"><span class=\"input_plantilla input_text\" data-input=\"fecha\">2021-10-08<\/span><\/p>\n<p><span itemprop=\"name\" class=\"input_plantilla input_text\" data-input=\"titulo\">El Aeroparque Juan Pablo II y el Parque Norte han recibido 170.295 visitantes en medio de la reactivaci\u00f3n econ\u00f3mica<\/span><\/p>\n<h5 class=\"input_plantilla input_text\" data-input=\"autor\">Clara Marcela Mu\u00f1oz Gonz\u00e1lez<\/h5>\n<div class=\"cuerpo input_plantilla input_area\" data-input=\"contenido\">\n<p>.: En promedio, cada escenario acoge a 2.000 personas los domingos.<\/p>\n<p>.: En 2021, con 150.000 usuarios, se super\u00f3 la cifra de visitantes alcanzada en 2019.<\/p>\n<p>.: Son los parques tem\u00e1ticos m\u00e1s grandes de Medell\u00edn y promueven la recreaci\u00f3n a trav\u00e9s del juego y la diversi\u00f3n.<\/p>\n<p><a href=\"\/irj\/go\/km\/docs\/galerias\/Audios\/Audios d\u00eda a d\u00eda 2021 - 3\/20211009-Metroparques-01.mp3\" class=\"aContEnlace liMp3\" download=\"\" data-mce-href=\"\/irj\/go\/km\/docs\/galerias\/Audios\/Audios d\u00eda a d\u00eda 2021 - 3\/20211009-Metroparques-01.mp3\"><span>Palabras de Mar\u00eda Eugenia Dom\u00ednguez, gerente general de Metroparques (intervenci\u00f3n 1).<\/span><span><\/span><span>912 Kb<\/span><\/a><\/p>\n<p><a href=\"\/irj\/go\/km\/docs\/galerias\/Audios\/Audios d\u00eda a d\u00eda 2021 - 3\/20211009-Metroparques-02.mp3\" class=\"aContEnlace liMp3\" download=\"\" data-mce-href=\"\/irj\/go\/km\/docs\/galerias\/Audios\/Audios d\u00eda a d\u00eda 2021 - 3\/20211009-Metroparques-02.mp3\"><span>20211009-Metroparques-02.mp3Palabras de Mar\u00eda Eugenia Dom\u00ednguez, gerente general de Metroparques (intervenci\u00f3n 2).<\/span><span><\/span><span>509 Kb<\/span><\/a><\/p>\n<p><a href=\"\/irj\/go\/km\/docs\/galerias\/Audios\/Audios d\u00eda a d\u00eda 2021 - 3\/20211009-Metroparques-03.mp3\" class=\"aContEnlace liMp3\" download=\"\" data-mce-href=\"\/irj\/go\/km\/docs\/galerias\/Audios\/Audios d\u00eda a d\u00eda 2021 - 3\/20211009-Metroparques-03.mp3\"><span>Palabras de Maribel Giraldo, usuaria.<\/span><span><\/span><span>712 Kb<\/span><\/a><\/p>\n<p>Gracias a la reactivaci\u00f3n econ\u00f3mica, este a\u00f1o 113.148 personas han visitado el Parque Norte y 57.147 el Aeroparque Juan Pablo II. Estos, los parques m\u00e1s grandes de la ciudad, permiten disfrutar de la fauna, la flora y otras atracciones, en familia y a cielo abierto.<\/p>\n<p>En 2021 se han gestionado alianzas empresariales para aprovechar las instalaciones de estos lugares y realizar actividades en ellos, como espacios seguros e incluyentes, con oferta de atracciones mec\u00e1nicas y gastron\u00f3micas.<\/p>\n<p>\u201c<em>En Medell\u00edn siguen pasando cosas buenas. En la reactivaci\u00f3n econ\u00f3mica, de la mano de la Alcald\u00eda de Medell\u00edn, nuestros parques se han visto beneficiados. En lo que va corrido del a\u00f1o ya superamos la cifra de usuarios de 2019, con&nbsp; m\u00e1s de 150.000 personas que han regresado porque conf\u00edan en nosotros y esto ha contribuido a que los comerciantes que est\u00e1n dentro de los parques tambi\u00e9n hayan mejorado su calidad de vida<\/em>\u201d, expres\u00f3 la gerente general de Metroparques, Mar\u00eda Eugenia Dom\u00ednguez.<\/p>\n<p><a data-mce-href=\"\/irj\/go\/km\/docs\/galerias\/Imagenes\/Galer%C3%ADa%20d%C3%ADa%20a%20d%C3%ADa%202021\/20211009-Metroparques-2.jpg\" href=\"\/irj\/go\/km\/docs\/galerias\/Imagenes\/Galer%C3%ADa%20d%C3%ADa%20a%20d%C3%ADa%202021\/20211009-Metroparques-2.jpg\" title=\"El Aeroparque Juan Pablo II y el Parque Norte han recibido 170.295 visitantes en medio de la reactivaci\u00f3n econ\u00f3mica \" target=\"_blank\" rel=\"noopener\"><img src=\"\/irj\/go\/km\/docs\/galerias\/Imagenes\/Galer%C3%ADa%20d%C3%ADa%20a%20d%C3%ADa%202021\/1000_450\/20211009-Metroparques-2.jpg\" alt=\"El Aeroparque Juan Pablo II y el Parque Norte han recibido 170.295 visitantes en medio de la reactivaci\u00f3n econ\u00f3mica \" width=\"100%\"><\/a><br data-mce-bogus=\"1\"><\/p>\n<p>El Parque Norte tiene 23 atracciones mec\u00e1nicas como el Kamikaze, Viaje al Centro de la Tierra, Maui y Crash. Cuenta con juegos para toda la familia como Polar, Globos, Tren M\u00edtico y Jungla Prehist\u00f3rica. En el Aeroparque Juan Pablo II se encuentra la zona acu\u00e1tica con variedad de piscinas: de olas, de toboganes, semiol\u00edmpica, did\u00e1ctica y para ni\u00f1os.<\/p>\n<p>\u201c<em>Me encuentro en el Aeroparque Juan Pablo II, un parque espectacular para que vengan con sus familias y disfruten. Estoy con mi hija disfrutando de este espectacular parque. Me parece muy lindo y, adem\u00e1s, tienen mucho cuidado con sus visitantes\u201d,<\/em> expres\u00f3 Maribel Giraldo, una de las usuarias.<\/p>\n<p>La Administraci\u00f3n Municipal invita a todos los ciudadanos a disfrutar de los parques de diversiones, con cumplimiento de las normas de bioseguridad, para que las familias se re\u00fanan en un entorno al aire libre y disfruten de la flora y la fauna.<\/p>\n<p>La reactivaci\u00f3n no solo es econ\u00f3mica, busca tambi\u00e9n la salud mental y la diversi\u00f3n de las familias. Toda la informaci\u00f3n de los parques, horarios, tarifas y protocolos, puede ser consultada en <a href=\"http:\/\/www.parquenorte.gov.co\" data-mce-href=\"http:\/\/www.parquenorte.gov.co\">www.parquenorte.gov.co<\/a> y <a href=\"http:\/\/www.aeroparquejuanpabloii.gov.co\" data-mce-href=\"http:\/\/www.aeroparquejuanpabloii.gov.co\">www.aeroparquejuanpabloii.gov.co<\/a>.<\/p>\n<\/div>\n<div class=\"compartir\">Compartir en:<a title=\"\" href=\"http:\/\/www.facebook.com\/share.php?u=\" class=\"btCompartirFacebook btCompartir\" target=\"_blank\" rel=\"noopener\"><\/a><a title=\"\" href=\"http:\/\/twitter.com\/home?status=Haz%20clic%20para%20ver%20esta%20noticia%20en%20\" class=\"btCompartirTwitter btCompartir\"><\/a><a title=\"\" href=\"whatsapp:\/\/send?text=Haz%20clic%20para%20ver%20esta%20noticia%20en%20\" class=\"btCompartirWa btCompartir\"><\/a><\/div>\n<\/div>\n<p><script>try{comprobarImagen();fixBtnRedes();hitsMedellin();}catch(e){}<\/script><\/div>\n<p><\/span><\/span><\/p>\n","protected":false},"excerpt":{"rendered":"<p>Foto: El Aeroparque Juan Pablo II y el Parque Norte han recibido 170.295 visitantes en medio de la reactivaci\u00f3n econ\u00f3mica. Fot\u00f3grafo: Foto Alcald\u00eda de Medell\u00edn 2021-10-08 El Aeroparque Juan Pablo II y el Parque Norte &#8230;<\/p>\n","protected":false},"author":1,"featured_media":56740,"comment_status":"open","ping_status":"open","sticky":false,"template":"","format":"standard","meta":[],"categories":[16,17],"tags":[433,440,426,450],"formato_nota":[],"programas_tax":[],"acf":[],"_links":{"self":[{"href":"https:\/\/www.medellin.gov.co\/es\/wp-json\/wp\/v2\/posts\/51961"}],"collection":[{"href":"https:\/\/www.medellin.gov.co\/es\/wp-json\/wp\/v2\/posts"}],"about":[{"href":"https:\/\/www.medellin.gov.co\/es\/wp-json\/wp\/v2\/types\/post"}],"author":[{"embeddable":true,"href":"https:\/\/www.medellin.gov.co\/es\/wp-json\/wp\/v2\/users\/1"}],"replies":[{"embeddable":true,"href":"https:\/\/www.medellin.gov.co\/es\/wp-json\/wp\/v2\/comments?post=51961"}],"version-history":[{"count":1,"href":"https:\/\/www.medellin.gov.co\/es\/wp-json\/wp\/v2\/posts\/51961\/revisions"}],"predecessor-version":[{"id":53581,"href":"https:\/\/www.medellin.gov.co\/es\/wp-json\/wp\/v2\/posts\/51961\/revisions\/53581"}],"wp:featuredmedia":[{"embeddable":true,"href":"https:\/\/www.medellin.gov.co\/es\/wp-json\/wp\/v2\/media\/56740"}],"wp:attachment":[{"href":"https:\/\/www.medellin.gov.co\/es\/wp-json\/wp\/v2\/media?parent=51961"}],"wp:term":[{"taxonomy":"category","embeddable":true,"href":"https:\/\/www.medellin.gov.co\/es\/wp-json\/wp\/v2\/categories?post=51961"},{"taxonomy":"post_tag","embeddable":true,"href":"https:\/\/www.medellin.gov.co\/es\/wp-json\/wp\/v2\/tags?post=51961"},{"taxonomy":"formato_nota","embeddable":true,"href":"https:\/\/www.medellin.gov.co\/es\/wp-json\/wp\/v2\/formato_nota?post=51961"},{"taxonomy":"programas_tax","embeddable":true,"href":"https:\/\/www.medellin.gov.co\/es\/wp-json\/wp\/v2\/programas_tax?post=51961"}],"curies":[{"name":"wp","href":"https:\/\/api.w.org\/{rel}","templated":true}]}}