{"id":51967,"date":"2021-10-10T00:00:00","date_gmt":"2021-10-10T05:00:00","guid":{"rendered":"https:\/\/www.medellin.gov.co\/es\/saladeprensa\/noticias\/20-100-personas-se-beneficiaran-con-las-vacaciones-recreativas-del-inder-medellin-en-la-semana-de-receso-escolar\/"},"modified":"2022-03-27T21:51:41","modified_gmt":"2022-03-28T02:51:41","slug":"20-100-personas-se-beneficiaran-con-las-vacaciones-recreativas-del-inder-medellin-en-la-semana-de-receso-escolar","status":"publish","type":"post","link":"https:\/\/www.medellin.gov.co\/es\/sala-de-prensa\/noticias\/20-100-personas-se-beneficiaran-con-las-vacaciones-recreativas-del-inder-medellin-en-la-semana-de-receso-escolar\/","title":{"rendered":"20.100 personas se beneficiar\u00e1n con las vacaciones recreativas del INDER Medell\u00edn en la semana de receso escolar"},"content":{"rendered":"<p><span style=\"vertical-align: inherit;\"><span style=\"vertical-align: inherit;\"><\/p>\n<div class=\"wrap contenido\">\n<div class=\"noticia\">\n<div class=\"imagen\">\n<div class=\"divContImageNoticia input_plantilla input_background\" data-input=\"fotografia\" ruta=\"\/galerias\/Imagenes\/Galer\u00eda d\u00eda a d\u00eda 2021\/500_400\/20211010-Semana-Receso-Escolar-1.jpg\" fotografo=\"Foto Alcald\u00eda de Medell\u00edn\" descripcion=\"20.100 personas se beneficiar\u00e1n con las vacaciones recreativas del INDER Medell\u00edn en la semana de receso escolar.\" style=\"background-image:url('\/irj\/go\/km\/docs\/galerias\/Imagenes\/Galer\u00eda d\u00eda a d\u00eda 2021\/500_400\/20211010-Semana-Receso-Escolar-1.jpg')\"><\/div>\n<p class=\"pMetaDesc\">Foto: 20.100 personas se beneficiar\u00e1n con las vacaciones recreativas del INDER Medell\u00edn en la semana de receso escolar.<\/p>\n<p class=\"pMetaFotografo\">Fot\u00f3grafo: Foto Alcald\u00eda de Medell\u00edn<\/p>\n<\/div>\n<p class=\"fecha\"><span class=\"input_plantilla input_text\" data-input=\"fecha\">2021-10-10<\/span><\/p>\n<p><span itemprop=\"name\" class=\"input_plantilla input_text\" data-input=\"titulo\">20.100 personas se beneficiar\u00e1n con las vacaciones recreativas del INDER Medell\u00edn en la semana de receso escolar<\/span><\/p>\n<h5 class=\"input_plantilla input_text\" data-input=\"autor\">Por Diego Giraldo Parra<\/h5>\n<div class=\"cuerpo input_plantilla input_area\" data-input=\"contenido\">\n<p>.: En las 16 comunas y cinco corregimientos se tendr\u00e1 programaci\u00f3n para ni\u00f1os, j\u00f3venes, sus padres y familiares.<\/p>\n<p>.: La oferta para estudiantes y a la comunidad en general durante dicha semana es gratuita.<\/p>\n<p>.: M\u00e1s de 160 formadores se encargar\u00e1n de las actividades en estos d\u00edas.<\/p>\n<p>Del 11 al 17 de octubre se cumplir\u00e1 la semana de receso escolar y la Administraci\u00f3n Municipal, por medio del INDER, prepar\u00f3 una serie de actividades bajo la estrategia En Vacaciones Medell\u00edn es Puro Juego.<\/p>\n<p><a href=\"\/irj\/go\/km\/docs\/galerias\/Audios\/Audios d\u00eda a d\u00eda 2021 - 3\/20211010-Semana-Receso-Escolar-01.mp3\" class=\"aContEnlace liMp3\" download=\"\" data-mce-href=\"\/irj\/go\/km\/docs\/galerias\/Audios\/Audios d\u00eda a d\u00eda 2021 - 3\/20211010-Semana-Receso-Escolar-01.mp3\"><span>Palabras de Isabela Luna, subdirectora de Fomento del INDER Medell\u00edn.<\/span><span><\/span><span>3009 Kb<\/span><\/a><\/p>\n<p>El objetivo es ofrecer una alternativa de aprovechamiento del tiempo libre durante estos d\u00edas con programaci\u00f3n en las 16 comunas y cinco corregimientos. Se har\u00e1n actividades gastron\u00f3micas, juegos dirigidos, talleres de manualidades, juegos cooperativos, actividades acu\u00e1ticas, carruseles recreativos, juegos de piso, pel\u00edculas, juegos predeportivos, carreras de observaci\u00f3n, juegos tradicionales, bingos, juegos de calle, entre otras.<\/p>\n<p>\u201cEn esta semana de receso del sector educativo, el INDER Medell\u00edn va a reactivar la parte psicol\u00f3gica y econ\u00f3mica. La propuesta es integrar nuestra oferta como Escuelas Populares del Deporte, Desarrollo Deportivo, recreaci\u00f3n y Ludotekas con la programaci\u00f3n de vacaciones\u201d, expres\u00f3 la subdirectora de Fomento del INDER Medell\u00edn, Isabela Luna.<\/p>\n<p>Los puntos de atenci\u00f3n habituales del INDER Medell\u00edn en toda la ciudad ser\u00e1n los mismos en los que se desarrollar\u00e1n las actividades de las Vacaciones Recreativas; canchas, placas polideportivas, Unidades de Vida Articulada, entre otros. La participaci\u00f3n no tiene costo y se puede indagar con el personal del instituto en cada comuna. M\u00e1s de 160 formadores estar\u00e1n a cargo de la programaci\u00f3n.<\/p>\n<p><a data-mce-href=\"\/irj\/go\/km\/docs\/galerias\/Imagenes\/Galer%C3%ADa%20d%C3%ADa%20a%20d%C3%ADa%202021\/20211010-Semana-Receso-Escolar-2.JPG\" href=\"\/irj\/go\/km\/docs\/galerias\/Imagenes\/Galer%C3%ADa%20d%C3%ADa%20a%20d%C3%ADa%202021\/20211010-Semana-Receso-Escolar-2.JPG\" title=\"20.100 personas se beneficiar\u00e1n con las vacaciones recreativas del INDER Medell\u00edn en la semana de receso escolar\" target=\"_blank\" rel=\"noopener\"><img src=\"\/irj\/go\/km\/docs\/galerias\/Imagenes\/Galer%C3%ADa%20d%C3%ADa%20a%20d%C3%ADa%202021\/1000_450\/20211010-Semana-Receso-Escolar-2.jpg\" alt=\"20.100 personas se beneficiar\u00e1n con las vacaciones recreativas del INDER Medell\u00edn en la semana de receso escolar\" width=\"100%\"><\/a><br data-mce-bogus=\"1\"><\/p>\n<p>Adicionalmente, el INDER Medell\u00edn tendr\u00e1 habilitadas 10 piscinas barriales y el Complejo Acu\u00e1tico de la Unidad Deportiva Atanasio Girardot para pr\u00e1ctica libre.&nbsp; \u201c<em>Vamos a informar de la programaci\u00f3n a trav\u00e9s de los formadores, la gesti\u00f3n territorial y de escenarios. Todos nuestros usuarios, que hacen parte de la oferta, van a tener las vacaciones recreativas, porque vamos a utilizar diferentes estrategias metodol\u00f3gicas que nos permitan acompa\u00f1ar este proceso de la recreaci\u00f3n<\/em>\u201d, concluy\u00f3 la Subdirectora.<\/p>\n<p>A esta programaci\u00f3n se suman alternativas como el Parque Norte y el Aeroparque Juan Pablo II, los parques tem\u00e1ticos m\u00e1s grandes de Medell\u00edn. All\u00ed se podr\u00e1 disfrutar de la piscina de olas m\u00e1s grande del \u00c1rea Metropolitana y experimentar las atracciones mec\u00e1nicas. Estas instalaciones cuentan con amplias zonas para el descanso y la recreaci\u00f3n y son lugares que cumplen con todos los protocolos de bioseguridad para el bienestar y el encuentro de los visitantes.<\/p>\n<\/div>\n<div class=\"compartir\">Compartir en:<a title=\"\" href=\"http:\/\/www.facebook.com\/share.php?u=\" class=\"btCompartirFacebook btCompartir\" target=\"_blank\" rel=\"noopener\"><\/a><a title=\"\" href=\"http:\/\/twitter.com\/home?status=Haz%20clic%20para%20ver%20esta%20noticia%20en%20\" class=\"btCompartirTwitter btCompartir\"><\/a><a title=\"\" href=\"whatsapp:\/\/send?text=Haz%20clic%20para%20ver%20esta%20noticia%20en%20\" class=\"btCompartirWa btCompartir\"><\/a><\/div>\n<\/div>\n<p><script>try{comprobarImagen();fixBtnRedes();hitsMedellin();}catch(e){}<\/script><\/div>\n<p><\/span><\/span><\/p>\n","protected":false},"excerpt":{"rendered":"<p>Foto: 20.100 personas se beneficiar\u00e1n con las vacaciones recreativas del INDER Medell\u00edn en la semana de receso escolar. Fot\u00f3grafo: Foto Alcald\u00eda de Medell\u00edn 2021-10-10 20.100 personas se beneficiar\u00e1n con las vacaciones recreativas del INDER Medell\u00edn &#8230;<\/p>\n","protected":false},"author":1,"featured_media":56743,"comment_status":"open","ping_status":"open","sticky":false,"template":"","format":"standard","meta":[],"categories":[17],"tags":[431,426,450],"formato_nota":[],"programas_tax":[],"acf":[],"_links":{"self":[{"href":"https:\/\/www.medellin.gov.co\/es\/wp-json\/wp\/v2\/posts\/51967"}],"collection":[{"href":"https:\/\/www.medellin.gov.co\/es\/wp-json\/wp\/v2\/posts"}],"about":[{"href":"https:\/\/www.medellin.gov.co\/es\/wp-json\/wp\/v2\/types\/post"}],"author":[{"embeddable":true,"href":"https:\/\/www.medellin.gov.co\/es\/wp-json\/wp\/v2\/users\/1"}],"replies":[{"embeddable":true,"href":"https:\/\/www.medellin.gov.co\/es\/wp-json\/wp\/v2\/comments?post=51967"}],"version-history":[{"count":1,"href":"https:\/\/www.medellin.gov.co\/es\/wp-json\/wp\/v2\/posts\/51967\/revisions"}],"predecessor-version":[{"id":53584,"href":"https:\/\/www.medellin.gov.co\/es\/wp-json\/wp\/v2\/posts\/51967\/revisions\/53584"}],"wp:featuredmedia":[{"embeddable":true,"href":"https:\/\/www.medellin.gov.co\/es\/wp-json\/wp\/v2\/media\/56743"}],"wp:attachment":[{"href":"https:\/\/www.medellin.gov.co\/es\/wp-json\/wp\/v2\/media?parent=51967"}],"wp:term":[{"taxonomy":"category","embeddable":true,"href":"https:\/\/www.medellin.gov.co\/es\/wp-json\/wp\/v2\/categories?post=51967"},{"taxonomy":"post_tag","embeddable":true,"href":"https:\/\/www.medellin.gov.co\/es\/wp-json\/wp\/v2\/tags?post=51967"},{"taxonomy":"formato_nota","embeddable":true,"href":"https:\/\/www.medellin.gov.co\/es\/wp-json\/wp\/v2\/formato_nota?post=51967"},{"taxonomy":"programas_tax","embeddable":true,"href":"https:\/\/www.medellin.gov.co\/es\/wp-json\/wp\/v2\/programas_tax?post=51967"}],"curies":[{"name":"wp","href":"https:\/\/api.w.org\/{rel}","templated":true}]}}