{"id":52039,"date":"2021-10-15T00:00:00","date_gmt":"2021-10-15T05:00:00","guid":{"rendered":"https:\/\/www.medellin.gov.co\/es\/saladeprensa\/noticias\/con-actividades-comerciales-gastronomicas-y-culturales-avanza-la-reactivacion-del-parque-lleras\/"},"modified":"2022-03-27T21:52:24","modified_gmt":"2022-03-28T02:52:24","slug":"con-actividades-comerciales-gastronomicas-y-culturales-avanza-la-reactivacion-del-parque-lleras","status":"publish","type":"post","link":"https:\/\/www.medellin.gov.co\/es\/sala-de-prensa\/noticias\/con-actividades-comerciales-gastronomicas-y-culturales-avanza-la-reactivacion-del-parque-lleras\/","title":{"rendered":"Con actividades comerciales, gastron\u00f3micas y culturales avanza la reactivaci\u00f3n del Parque Lleras"},"content":{"rendered":"<p><span style=\"vertical-align: inherit;\"><span style=\"vertical-align: inherit;\"><\/p>\n<div class=\"wrap contenido\">\n<div class=\"noticia\">\n<div class=\"imagen\">\n<div class=\"divContImageNoticia input_plantilla input_background\" data-input=\"fotografia\" ruta=\"\/galerias\/Imagenes\/Galer\u00eda d\u00eda a d\u00eda 2021\/500_400\/20211015-reactivacion-parque-lleras-1.jpg\" fotografo=\"Foto Alcald\u00eda de Medelll\u00edn\" descripcion=\"Con actividades comerciales, gastron\u00f3micas y culturales avanza la reactivaci\u00f3n del Parque Lleras. \" style=\"background-image:url('\/irj\/go\/km\/docs\/galerias\/Imagenes\/Galer\u00eda d\u00eda a d\u00eda 2021\/500_400\/20211015-reactivacion-parque-lleras-1.jpg')\"><\/div>\n<p class=\"pMetaDesc\">Foto: Con actividades comerciales, gastron\u00f3micas y culturales avanza la reactivaci\u00f3n del Parque Lleras. <\/p>\n<p class=\"pMetaFotografo\">Fot\u00f3grafo: Foto Alcald\u00eda de Medelll\u00edn<\/p>\n<\/div>\n<p class=\"fecha\"><span class=\"input_plantilla input_text\" data-input=\"fecha\">2021-10-15<\/span><\/p>\n<p><span itemprop=\"name\" class=\"input_plantilla input_text\" data-input=\"titulo\">Con actividades comerciales, gastron\u00f3micas y culturales avanza la reactivaci\u00f3n del Parque Lleras<\/span><\/p>\n<h5 class=\"input_plantilla input_text\" data-input=\"autor\">Por Aldemar Echavarr\u00eda<\/h5>\n<div class=\"cuerpo input_plantilla input_area\" data-input=\"contenido\">\n<p>.: Los establecimientos comerciales del sector han tenido, en promedio, un aumento superior al 46% de sus ingresos desde el inicio de la estrategia.&nbsp;<\/p>\n<p>.: Hasta diciembre de 2021 el Parque Lleras tendr\u00e1 durante todos los fines de semana una amplia presencia institucional con activaciones art\u00edsticas, feria de servicios, festivales, entre otras actividades.&nbsp;<\/p>\n<p>.: La oferta de ocio y entretenimiento del parque se complementa con un festival gastron\u00f3mico, una feria de artesanos, emprendedores y artistas, y nuevos metros cuadrados de aprovechamiento econ\u00f3mico del espacio p\u00fablico.&nbsp;<\/p>\n<p><a href=\"\/irj\/go\/km\/docs\/galerias\/Audios\/Audios d\u00eda a d\u00eda 2021 - 3\/20211015-reactivacion-parque-lleras-01.mp3\" class=\"aContEnlace liMp3\" download=\"\" data-mce-href=\"\/irj\/go\/km\/docs\/galerias\/Audios\/Audios d\u00eda a d\u00eda 2021 - 3\/20211015-reactivacion-parque-lleras-01.mp3\"><span>Palabras de Rodrigo Foronda, director de la Agencia APP.<\/span><span><\/span><span>973 Kb<\/span><\/a><\/p>\n<p><span><a href=\"\/irj\/go\/km\/docs\/galerias\/Audios\/Audios d\u00eda a d\u00eda 2021 - 3\/20211015-reactivacion-parque-lleras-02.mp3\" class=\"aContEnlace liMp3\" download=\"\" data-mce-href=\"\/irj\/go\/km\/docs\/galerias\/Audios\/Audios d\u00eda a d\u00eda 2021 - 3\/20211015-reactivacion-parque-lleras-02.mp3\"><span>Palabras de Esteban Restrepo, secretario de Gobierno.<\/span><span><\/span><span>1806 Kb<\/span><\/a><\/span><\/p>\n<p>En el Parque Lleras, el coraz\u00f3n del ocio y del entretenimiento de Medell\u00edn, inicia desde este fin de semana y hasta fin de a\u00f1o una nueva estrategia de reactivaci\u00f3n econ\u00f3mica para acompa\u00f1ar a los comerciantes del sector, fortalecer el turismo responsable, generar nuevos espacios para el disfrute ciudadano y reforzar la presencia institucional.&nbsp;<\/p>\n<p>Las actividades, articuladas entre diferentes dependencias de la Alcald\u00eda de Medell\u00edn, como la Agencia para la Gesti\u00f3n del Paisaje, el Patrimonio y las Alianzas P\u00fablico Privadas \u2013Agencia APP\u2013, y las secretar\u00edas de Gobierno y Desarrollo Econ\u00f3mico, comprenden un festival gastron\u00f3mico con seis <em>food trucks<\/em> de reconocidas marcas, una feria de artesanos, emprendedores y artistas, con m\u00e1s de 50 participantes y 135 nuevos metros cuadrados de aprovechamiento econ\u00f3mico con la extensi\u00f3n de negocio de cuatro establecimientos.&nbsp;<\/p>\n<p>\u201c<em>Todos invitados a ir con sus familias, con su pareja y con sus amigos al Parque Lleras. Con nuestra participaci\u00f3n en estos eventos estamos aportando un granito de arena para la reactivaci\u00f3n de los comerciantes y de esta zona de la ciudad para seguir impulsando el proceso de reactivaci\u00f3n econ\u00f3mica. Volvamos al Lleras<\/em>\u201d, expres\u00f3 el secretario de Gobierno, Esteban Restrepo.&nbsp;<\/p>\n<p>El proceso de reactivaci\u00f3n del Parque Lleras y Provenza, que ha vinculado a m\u00e1s 100 comerciantes del sector, ha permitido un aumento superior al 46% de los ingresos de los establecimientos, en promedio, desde el inicio de la estrategia; y la generaci\u00f3n de 342 empleos directos.&nbsp;<\/p>\n<p>Para Rodrigo Foronda Morales, director general de la Agencia APP, \u201c<em>la apropiaci\u00f3n del Parque Lleras por parte de la ciudadan\u00eda es una realidad. Desde la Administraci\u00f3n Municipal estamos liderando la generaci\u00f3n de nuevos espacios para esta zona. As\u00ed estamos promoviendo un nuevo aire y por eso queremos invitar a toda la ciudadan\u00eda a que se vuelque en nuestro parque, a que vengan, participen y disfruten de estos espacios que estamos construyendo, de la mano de los comerciantes y de los privados, para el disfrute de toda la ciudadan\u00eda<\/em>\u201d.&nbsp;<\/p>\n<p><a data-mce-href=\"https:\/\/www.medellin.gov.co\/irj\/go\/km\/docs\/galerias\/Imagenes\/Galer%C3%ADa%20d%C3%ADa%20a%20d%C3%ADa%202021\/20211015-reactivacion-parque-lleras-2.jpg\" href=\"https:\/\/www.medellin.gov.co\/irj\/go\/km\/docs\/galerias\/Imagenes\/Galer%C3%ADa%20d%C3%ADa%20a%20d%C3%ADa%202021\/20211015-reactivacion-parque-lleras-2.jpg\" target=\"_blank\" rel=\"noopener\"><img src=\"https:\/\/www.medellin.gov.co\/irj\/go\/km\/docs\/galerias\/Imagenes\/Galer%C3%ADa%20d%C3%ADa%20a%20d%C3%ADa%202021\/1000_450\/20211015-reactivacion-parque-lleras-2.jpg\" width=\"100%\" alt=\"\" data-mce-src=\"https:\/\/www.medellin.gov.co\/irj\/go\/km\/docs\/galerias\/Imagenes\/Galer%C3%ADa%20d%C3%ADa%20a%20d%C3%ADa%202021\/1000_450\/20211015-reactivacion-parque-lleras-2.jpg\"><\/a><\/p>\n<p>Otras de las acciones con las que la Administraci\u00f3n Municipal busca impulsar la reactivaci\u00f3n integral del Lleras son la intervenci\u00f3n de 2.125 metros cuadrados de arte urbano temporal por medio de la iniciativa Pinturita MED.&nbsp;<\/p>\n<p><em>\u201cInvitamos a la ciudadan\u00eda a disfrutar de comida peruana, italiana, empanadas, hamburguesas y carnes. Vengan a apoyar estos emprendimientos y estas econom\u00edas que necesitamos que crezcan al lado de las entidades gubernamentales y de la comunidad\u201d<\/em>, concluy\u00f3 Juan David Piedrahita, presidente de la Asociaci\u00f3n de <em>Food Trucks<\/em> de Medell\u00edn.&nbsp;<\/p>\n<p>Adicionalmente, la Alcald\u00eda de Medell\u00edn lidera la mesa permanente de atenci\u00f3n a la crisis con gremios, empresarios y comerciantes de El Poblado; el acompa\u00f1amiento en la implementaci\u00f3n de protocolos de bioseguridad, cultura ciudadana de autocuidado y control de aforos; y la vigencia del toque de queda nocturno para menores de edad desde las 7:00 p. m. hasta las 5:00 a. m.<\/p>\n<\/div>\n<div class=\"compartir\">Compartir en:<a title=\"\" href=\"http:\/\/www.facebook.com\/share.php?u=\" class=\"btCompartirFacebook btCompartir\" target=\"_blank\" rel=\"noopener\"><\/a><a title=\"\" href=\"http:\/\/twitter.com\/home?status=Haz%20clic%20para%20ver%20esta%20noticia%20en%20\" class=\"btCompartirTwitter btCompartir\"><\/a><a title=\"\" href=\"whatsapp:\/\/send?text=Haz%20clic%20para%20ver%20esta%20noticia%20en%20\" class=\"btCompartirWa btCompartir\"><\/a><\/div>\n<\/div>\n<p><script>try{comprobarImagen();fixBtnRedes();hitsMedellin();}catch(e){}<\/script><\/div>\n<p><\/span><\/span><\/p>\n","protected":false},"excerpt":{"rendered":"<p>Foto: Con actividades comerciales, gastron\u00f3micas y culturales avanza la reactivaci\u00f3n del Parque Lleras. Fot\u00f3grafo: Foto Alcald\u00eda de Medelll\u00edn 2021-10-15 Con actividades comerciales, gastron\u00f3micas y culturales avanza la reactivaci\u00f3n del Parque Lleras Por Aldemar Echavarr\u00eda .: &#8230;<\/p>\n","protected":false},"author":1,"featured_media":56779,"comment_status":"open","ping_status":"open","sticky":false,"template":"","format":"standard","meta":[],"categories":[8,17],"tags":[440,442,443],"formato_nota":[],"programas_tax":[],"acf":[],"_links":{"self":[{"href":"https:\/\/www.medellin.gov.co\/es\/wp-json\/wp\/v2\/posts\/52039"}],"collection":[{"href":"https:\/\/www.medellin.gov.co\/es\/wp-json\/wp\/v2\/posts"}],"about":[{"href":"https:\/\/www.medellin.gov.co\/es\/wp-json\/wp\/v2\/types\/post"}],"author":[{"embeddable":true,"href":"https:\/\/www.medellin.gov.co\/es\/wp-json\/wp\/v2\/users\/1"}],"replies":[{"embeddable":true,"href":"https:\/\/www.medellin.gov.co\/es\/wp-json\/wp\/v2\/comments?post=52039"}],"version-history":[{"count":1,"href":"https:\/\/www.medellin.gov.co\/es\/wp-json\/wp\/v2\/posts\/52039\/revisions"}],"predecessor-version":[{"id":53620,"href":"https:\/\/www.medellin.gov.co\/es\/wp-json\/wp\/v2\/posts\/52039\/revisions\/53620"}],"wp:featuredmedia":[{"embeddable":true,"href":"https:\/\/www.medellin.gov.co\/es\/wp-json\/wp\/v2\/media\/56779"}],"wp:attachment":[{"href":"https:\/\/www.medellin.gov.co\/es\/wp-json\/wp\/v2\/media?parent=52039"}],"wp:term":[{"taxonomy":"category","embeddable":true,"href":"https:\/\/www.medellin.gov.co\/es\/wp-json\/wp\/v2\/categories?post=52039"},{"taxonomy":"post_tag","embeddable":true,"href":"https:\/\/www.medellin.gov.co\/es\/wp-json\/wp\/v2\/tags?post=52039"},{"taxonomy":"formato_nota","embeddable":true,"href":"https:\/\/www.medellin.gov.co\/es\/wp-json\/wp\/v2\/formato_nota?post=52039"},{"taxonomy":"programas_tax","embeddable":true,"href":"https:\/\/www.medellin.gov.co\/es\/wp-json\/wp\/v2\/programas_tax?post=52039"}],"curies":[{"name":"wp","href":"https:\/\/api.w.org\/{rel}","templated":true}]}}