{"id":52049,"date":"2021-10-16T00:00:00","date_gmt":"2021-10-16T05:00:00","guid":{"rendered":"https:\/\/www.medellin.gov.co\/es\/saladeprensa\/noticias\/medellin-avanza-en-la-conservacion-de-cuencas-abastecedoras-del-acueducto-municipal-en-cinco-poblaciones-del-norte-antioqueno\/"},"modified":"2022-03-27T21:52:31","modified_gmt":"2022-03-28T02:52:31","slug":"medellin-avanza-en-la-conservacion-de-cuencas-abastecedoras-del-acueducto-municipal-en-cinco-poblaciones-del-norte-antioqueno","status":"publish","type":"post","link":"https:\/\/www.medellin.gov.co\/es\/sala-de-prensa\/noticias\/medellin-avanza-en-la-conservacion-de-cuencas-abastecedoras-del-acueducto-municipal-en-cinco-poblaciones-del-norte-antioqueno\/","title":{"rendered":"Medell\u00edn avanza en la conservaci\u00f3n de cuencas abastecedoras del acueducto municipal en cinco poblaciones del norte antioque\u00f1o"},"content":{"rendered":"<p><span style=\"vertical-align: inherit;\"><span style=\"vertical-align: inherit;\"><\/p>\n<div class=\"wrap contenido\">\n<div class=\"noticia\">\n<div class=\"imagen\">\n<div class=\"divContImageNoticia input_plantilla input_background\" data-input=\"fotografia\" ruta=\"\/galerias\/Imagenes\/Galer\u00eda d\u00eda a d\u00eda 2021\/500_400\/20211017-conservacion-de-cuencas-1.jpg\" fotografo=\"Foto Alcald\u00eda de Medelll\u00edn\" descripcion=\"Medell\u00edn avanza en la conservaci\u00f3n de cuencas abastecedoras del acueducto municipal en cinco poblaciones del norte antioque\u00f1o.\" style=\"background-image:url('\/irj\/go\/km\/docs\/galerias\/Imagenes\/Galer\u00eda d\u00eda a d\u00eda 2021\/500_400\/20211017-conservacion-de-cuencas-1.jpg')\"><\/div>\n<p class=\"pMetaDesc\">Foto: Medell\u00edn avanza en la conservaci\u00f3n de cuencas abastecedoras del acueducto municipal en cinco poblaciones del norte antioque\u00f1o.<\/p>\n<p class=\"pMetaFotografo\">Fot\u00f3grafo: Foto Alcald\u00eda de Medelll\u00edn<\/p>\n<\/div>\n<p class=\"fecha\"><span class=\"input_plantilla input_text\" data-input=\"fecha\">2021-10-17<\/span><\/p>\n<p><span itemprop=\"name\" class=\"input_plantilla input_text\" data-input=\"titulo\">Medell\u00edn avanza en la conservaci\u00f3n de cuencas abastecedoras del acueducto municipal en cinco poblaciones del norte antioque\u00f1o<\/span><\/p>\n<h5 class=\"input_plantilla input_text\" data-input=\"autor\">Por Juan David Yepes Toro<\/h5>\n<div class=\"cuerpo input_plantilla input_area\" data-input=\"contenido\">\n<p>.: El proceso se adelanta en predios de San Pedro de los Milagros, Entrerr\u00edos, Santa Rosa de Osos, Belmira y Donmat\u00edas.&nbsp;<\/p>\n<p>.: Se invierten $1.200 millones para la protecci\u00f3n del recurso h\u00eddrico.&nbsp;<\/p>\n<p>.: Las intervenciones incluyen suministro e instalaci\u00f3n de bebederos ecol\u00f3gicos, huertos le\u00f1eros y estufas eficientes.&nbsp;<\/p>\n<p><a href=\"\/irj\/go\/km\/docs\/galerias\/Audios\/Audios d\u00eda a d\u00eda 2021 - 3\/20211017-conservacion-de-cuencas-01.mp3\" class=\"aContEnlace liMp3\" download=\"\" data-mce-href=\"\/irj\/go\/km\/docs\/galerias\/Audios\/Audios d\u00eda a d\u00eda 2021 - 3\/20211017-conservacion-de-cuencas-01.mp3\"><span>Palabras de Luis Humberto Ossa, subsecretario de Recursos Naturales.<\/span><span><\/span><span>576 Kb<\/span><\/a><\/p>\n<p>La Alcald\u00eda de Medell\u00edn, a trav\u00e9s de la Secretar\u00eda de Medio Ambiente, destin\u00f3 $1.200 millones para avanzar en la protecci\u00f3n de la calidad y cantidad del recurso h\u00eddrico de las cuencas abastecedoras externas de los sistemas de acueducto municipal, por medio de acciones de implementaci\u00f3n de estrategias de conservaci\u00f3n y buenas pr\u00e1cticas agr\u00edcolas para la producci\u00f3n sostenible.&nbsp;<\/p>\n<p>El proceso hace parte del programa de conservaci\u00f3n y restauraci\u00f3n a largo plazo de los servicios ambientales en las cuencas del embalse Riogrande II, que aporta el 33 % del agua para el sistema de acueducto de EPM en el Valle de Aburr\u00e1.&nbsp;<\/p>\n<p>All\u00ed se realizan visitas en los predios de las cuencas abastecedoras externas del embalse Riogrande II en San Pedro de los Milagros, Entrerr\u00edos, Santa Rosa de Osos, Belmira y Donmat\u00edas, identificando las zonas a restaurar y los requerimientos de saneamiento y aplicaci\u00f3n de buenas pr\u00e1cticas agr\u00edcolas. Los propietarios firman un compromiso de conservaci\u00f3n por m\u00ednimo 10 a\u00f1os, en el que especifican sus responsabilidades y se dejan definidos los mantenimientos que deben implementar.&nbsp;<\/p>\n<p><em>\u201cEste proyecto incluye estrategias de conservaci\u00f3n y restauraci\u00f3n de servicios ambientales, manejo y mantenimiento de plantaciones, consolidaci\u00f3n de la biodiversidad, producci\u00f3n sostenible, adem\u00e1s de sensibilizaci\u00f3n en temas como el uso responsable de agroqu\u00edmicos, herramientas de trabajo, y manejo adecuado de residuos, entre otros componentes, que son definidos de com\u00fan acuerdo con los propietarios de los predios\u201d, <\/em>explic\u00f3 el subsecretario de Recursos Naturales Renovables de la Secretar\u00eda de Medio Ambiente, Luis Humberto Ossa.&nbsp;<\/p>\n<p>Las intervenciones incluyen suministro e instalaci\u00f3n de bebederos ecol\u00f3gicos como opci\u00f3n de almacenamiento de agua disponible para los animales, huertos le\u00f1eros y estufas eficientes para la cocci\u00f3n en le\u00f1a que permiten cocinar los alimentos de forma pr\u00e1ctica y r\u00e1pida, reduciendo enfermedades respiratorias y, sobre todo, apost\u00e1ndole al cuidado del medio ambiente. Igualmente, se hace mantenimiento a pozos s\u00e9pticos y con los propietarios de los predios se adelantan procesos de sensibilizaci\u00f3n en el manejo integrado de plagas, elaboraci\u00f3n y uso de fertilizantes org\u00e1nicos y buenas pr\u00e1cticas de seguridad y salud.&nbsp;<\/p>\n<p>Ante la necesidad de cuidar las cuencas abastecedoras y sus ecosistemas estrat\u00e9gicos, asociados a los servicios ambientales necesarios para la provisi\u00f3n del agua, se conform\u00f3 el Fondo del Agua como mecanismo para la conservaci\u00f3n y restauraci\u00f3n a largo plazo de los servicios ambientales en las cuencas de los embalses Riogrande II.<\/p>\n<\/div>\n<div class=\"compartir\">Compartir en:<a title=\"\" href=\"http:\/\/www.facebook.com\/share.php?u=\" class=\"btCompartirFacebook btCompartir\" target=\"_blank\" rel=\"noopener\"><\/a><a title=\"\" href=\"http:\/\/twitter.com\/home?status=Haz%20clic%20para%20ver%20esta%20noticia%20en%20\" class=\"btCompartirTwitter btCompartir\"><\/a><a title=\"\" href=\"whatsapp:\/\/send?text=Haz%20clic%20para%20ver%20esta%20noticia%20en%20\" class=\"btCompartirWa btCompartir\"><\/a><\/div>\n<\/div>\n<p><script>try{comprobarImagen();fixBtnRedes();hitsMedellin();}catch(e){}<\/script><\/div>\n<p><\/span><\/span><\/p>\n","protected":false},"excerpt":{"rendered":"<p>Foto: Medell\u00edn avanza en la conservaci\u00f3n de cuencas abastecedoras del acueducto municipal en cinco poblaciones del norte antioque\u00f1o. Fot\u00f3grafo: Foto Alcald\u00eda de Medelll\u00edn 2021-10-17 Medell\u00edn avanza en la conservaci\u00f3n de cuencas abastecedoras del acueducto municipal &#8230;<\/p>\n","protected":false},"author":1,"featured_media":56784,"comment_status":"open","ping_status":"open","sticky":false,"template":"","format":"standard","meta":[],"categories":[13],"tags":[445,441,436,455],"formato_nota":[],"programas_tax":[],"acf":[],"_links":{"self":[{"href":"https:\/\/www.medellin.gov.co\/es\/wp-json\/wp\/v2\/posts\/52049"}],"collection":[{"href":"https:\/\/www.medellin.gov.co\/es\/wp-json\/wp\/v2\/posts"}],"about":[{"href":"https:\/\/www.medellin.gov.co\/es\/wp-json\/wp\/v2\/types\/post"}],"author":[{"embeddable":true,"href":"https:\/\/www.medellin.gov.co\/es\/wp-json\/wp\/v2\/users\/1"}],"replies":[{"embeddable":true,"href":"https:\/\/www.medellin.gov.co\/es\/wp-json\/wp\/v2\/comments?post=52049"}],"version-history":[{"count":1,"href":"https:\/\/www.medellin.gov.co\/es\/wp-json\/wp\/v2\/posts\/52049\/revisions"}],"predecessor-version":[{"id":53625,"href":"https:\/\/www.medellin.gov.co\/es\/wp-json\/wp\/v2\/posts\/52049\/revisions\/53625"}],"wp:featuredmedia":[{"embeddable":true,"href":"https:\/\/www.medellin.gov.co\/es\/wp-json\/wp\/v2\/media\/56784"}],"wp:attachment":[{"href":"https:\/\/www.medellin.gov.co\/es\/wp-json\/wp\/v2\/media?parent=52049"}],"wp:term":[{"taxonomy":"category","embeddable":true,"href":"https:\/\/www.medellin.gov.co\/es\/wp-json\/wp\/v2\/categories?post=52049"},{"taxonomy":"post_tag","embeddable":true,"href":"https:\/\/www.medellin.gov.co\/es\/wp-json\/wp\/v2\/tags?post=52049"},{"taxonomy":"formato_nota","embeddable":true,"href":"https:\/\/www.medellin.gov.co\/es\/wp-json\/wp\/v2\/formato_nota?post=52049"},{"taxonomy":"programas_tax","embeddable":true,"href":"https:\/\/www.medellin.gov.co\/es\/wp-json\/wp\/v2\/programas_tax?post=52049"}],"curies":[{"name":"wp","href":"https:\/\/api.w.org\/{rel}","templated":true}]}}