{"id":52110,"date":"2021-10-23T00:00:00","date_gmt":"2021-10-23T05:00:00","guid":{"rendered":"https:\/\/www.medellin.gov.co\/es\/saladeprensa\/noticias\/mas-de-6-500-personas-han-participado-en-procesos-de-gestion-transparente-promovidos-por-la-alcaldia-de-medellin\/"},"modified":"2022-03-27T21:53:05","modified_gmt":"2022-03-28T02:53:05","slug":"mas-de-6-500-personas-han-participado-en-procesos-de-gestion-transparente-promovidos-por-la-alcaldia-de-medellin","status":"publish","type":"post","link":"https:\/\/www.medellin.gov.co\/es\/sala-de-prensa\/noticias\/mas-de-6-500-personas-han-participado-en-procesos-de-gestion-transparente-promovidos-por-la-alcaldia-de-medellin\/","title":{"rendered":"M\u00e1s de 6.500 personas han participado en procesos de gesti\u00f3n transparente promovidos por la Alcald\u00eda de Medell\u00edn"},"content":{"rendered":"<p><span style=\"vertical-align: inherit;\"><span style=\"vertical-align: inherit;\"><\/p>\n<div class=\"wrap contenido\">\n<div class=\"noticia\">\n<div class=\"imagen\">\n<div class=\"divContImageNoticia input_plantilla input_background\" data-input=\"fotografia\" ruta=\"\/galerias\/Imagenes\/Galer\u00eda d\u00eda a d\u00eda 2021\/500_400\/20211024-gestion-transparente-1.jpg\" fotografo=\"Foto Alcald\u00eda de Medelll\u00edn\" descripcion=\"M\u00e1s de 6.500 personas han participado en procesos de gesti\u00f3n transparente promovidos por la Alcald\u00eda de Medell\u00edn. \" style=\"background-image:url('\/irj\/go\/km\/docs\/galerias\/Imagenes\/Galer\u00eda d\u00eda a d\u00eda 2021\/500_400\/20211024-gestion-transparente-1.jpg')\"><\/div>\n<p class=\"pMetaDesc\">Foto: M\u00e1s de 6.500 personas han participado en procesos de gesti\u00f3n transparente promovidos por la Alcald\u00eda de Medell\u00edn. <\/p>\n<p class=\"pMetaFotografo\">Fot\u00f3grafo: Foto Alcald\u00eda de Medelll\u00edn<\/p>\n<\/div>\n<p class=\"fecha\"><span class=\"input_plantilla input_text\" data-input=\"fecha\">2021-10-24<\/span><\/p>\n<p><span itemprop=\"name\" class=\"input_plantilla input_text\" data-input=\"titulo\">M\u00e1s de 6.500 personas han participado en procesos de gesti\u00f3n transparente promovidos por la Alcald\u00eda de Medell\u00edn<\/span><\/p>\n<h5 class=\"input_plantilla input_text\" data-input=\"autor\">Por Juli\u00e1n C\u00e9spedes<\/h5>\n<div class=\"cuerpo input_plantilla input_area\" data-input=\"contenido\">\n<p>.: Del total de participantes, 3.990 son mujeres.<\/p>\n<p>.: A la fecha, la Secretar\u00eda de Participaci\u00f3n Ciudadana ha capacitado a 354 organizaciones e instancias de participaci\u00f3n para la rendici\u00f3n social de cuentas.<\/p>\n<p>.: Medell\u00edn es l\u00edder en Colombia en atender el control social a la gesti\u00f3n p\u00fablica y desarrollar estrategias enfocadas en la vigilancia de los recursos.<\/p>\n<p><a href=\"\/irj\/go\/km\/docs\/pccdesign\/medellin\/Temas\/ParticipacionCiudadana\/Noticias\/Shared Content\/Documentos\/2021\/20211024-gestion-transparente-01.mp3\" class=\"aContEnlace liMp3\" download=\"\" data-mce-href=\"\/irj\/go\/km\/docs\/pccdesign\/medellin\/Temas\/ParticipacionCiudadana\/Noticias\/Shared Content\/Documentos\/2021\/20211024-gestion-transparente-01.mp3\"><span>Palabras de Juan Guillermo Berr\u00edo Londo\u00f1o, secretario de Participaci\u00f3n Ciudadana.<\/span><span>1641 Kb<\/span><\/a><\/p>\n<p>Este a\u00f1o, la Alcald\u00eda de Medell\u00edn ha realizado seis seminarios de control social a la gesti\u00f3n p\u00fablica con \u00e9nfasis en juventudes, servicios p\u00fablicos domiciliarios, inclusi\u00f3n y discapacidad, salud y alimentaci\u00f3n escolar. Con ellos, se han impactado m\u00e1s de 6.500 ciudadanos, de los cuales 3.990 son mujeres. Adem\u00e1s, se acompa\u00f1\u00f3 la puesta en marcha de siete planes de control social a la gesti\u00f3n p\u00fablica en esos temas.<\/p>\n<p>La Administraci\u00f3n Municipal ha implementado un plan de capacitaci\u00f3n sobre los mecanismos para la rendici\u00f3n de cuentas a la ciudadan\u00eda que ha beneficiado a 354 organizaciones e instancias sociales como preparaci\u00f3n para el D\u00eda Blanco, un evento de ciudad que tendr\u00e1 lugar en noviembre, en el cual esas organizaciones dar\u00e1n cuenta de su gesti\u00f3n ante las comunidades donde se insertan y que movilizar\u00e1 a alrededor de 2.000 personas.<\/p>\n<p><em>\u201cNuestra intenci\u00f3n es que la ciudadan\u00eda cuide y vigile los recursos p\u00fablicos como estrategia de gesti\u00f3n transparente, por ejemplo, durante todo un d\u00eda vamos a tener a cerca de 300 organizaciones que le contar\u00e1n a la comunidad c\u00f3mo se ejecutaron sus proyectos en los diferentes territorios. Esto lo hacemos porque desde la transparencia creamos la Medell\u00edn Futuro\u201d,<\/em> destac\u00f3 el secretario de Participaci\u00f3n Ciudadana, Juan Guillermo Berr\u00edo Londo\u00f1o.<\/p>\n<p><a href=\"https:\/\/www.medellin.gov.co\/irj\/go\/km\/docs\/galerias\/Imagenes\/Galer%C3%ADa%20d%C3%ADa%20a%20d%C3%ADa%202021\/20211024-gestion-transparente-2.jpg\" target=\"_blank\" rel=\"noopener\" data-mce-href=\"https:\/\/www.medellin.gov.co\/irj\/go\/km\/docs\/galerias\/Imagenes\/Galer%C3%ADa%20d%C3%ADa%20a%20d%C3%ADa%202021\/20211024-gestion-transparente-2.jpg\"><img src=\"https:\/\/www.medellin.gov.co\/irj\/go\/km\/docs\/galerias\/Imagenes\/Galer%C3%ADa%20d%C3%ADa%20a%20d%C3%ADa%202021\/1000_450\/20211024-gestion-transparente-2.jpg\" alt=\"\" width=\"100%\" data-mce-src=\"https:\/\/www.medellin.gov.co\/irj\/go\/km\/docs\/galerias\/Imagenes\/Galer%C3%ADa%20d%C3%ADa%20a%20d%C3%ADa%202021\/1000_450\/20211024-gestion-transparente-2.jpg\"><\/a><\/p>\n<p>Con una inversi\u00f3n que es 200 % mayor a la ejecutada en a\u00f1os anteriores, equivalente a $897 millones, y como un ejercicio de transparencia y cuidado de lo p\u00fablico, la Alcald\u00eda de Medell\u00edn promueve estrategias de movilizaci\u00f3n social con el fin de lograr la corresponsabilidad comunitaria en el cuidado de los recursos p\u00fablicos.<\/p>\n<p>La capital antioque\u00f1a es l\u00edder, a nivel nacional, en atender el control social a la gesti\u00f3n p\u00fablica con un equipo especializado de la Secretar\u00eda de Participaci\u00f3n Ciudadana el cual se enfoca en ofrecer insumos, actividades y formaci\u00f3n a los ciudadanos para la vigilancia de lo p\u00fablico.<\/p>\n<p>Sobre las herramientas que brinda la Alcald\u00eda de Medell\u00edn para ejercer el control social, Nancy Andrea L\u00f3pez, beneficiaria de las capacitaciones de gesti\u00f3n transparente, dijo que <em>\u201clo mejor de todo es que, d\u00eda a d\u00eda, nos vamos cualificando como l\u00edderes, como organizaci\u00f3n, y nos vamos metiendo m\u00e1s en nuestro coraz\u00f3n que ser legales y transparentes es muy necesario cuando estamos trabajando para la comunidad\u201d.<\/em><\/p>\n<p>Con estos ejercicios formativos y con la rendici\u00f3n de cuentas de las organizaciones sociales y comunitarias, la democracia imparable llega a los territorios con transparencia y liderazgo para la construcci\u00f3n de la Medell\u00edn Futuro.<\/p>\n<\/div>\n<div class=\"compartir\">Compartir en:<a title=\"\" href=\"http:\/\/www.facebook.com\/share.php?u=\" class=\"btCompartirFacebook btCompartir\" target=\"_blank\" rel=\"noopener\"><\/a><a title=\"\" href=\"http:\/\/twitter.com\/home?status=Haz%20clic%20para%20ver%20esta%20noticia%20en%20\" class=\"btCompartirTwitter btCompartir\"><\/a><a title=\"\" href=\"whatsapp:\/\/send?text=Haz%20clic%20para%20ver%20esta%20noticia%20en%20\" class=\"btCompartirWa btCompartir\"><\/a><\/div>\n<\/div>\n<p><script>try{comprobarImagen();fixBtnRedes();hitsMedellin();}catch(e){}<\/script><\/div>\n<p><\/span><\/span><\/p>\n","protected":false},"excerpt":{"rendered":"<p>Foto: M\u00e1s de 6.500 personas han participado en procesos de gesti\u00f3n transparente promovidos por la Alcald\u00eda de Medell\u00edn. Fot\u00f3grafo: Foto Alcald\u00eda de Medelll\u00edn 2021-10-24 M\u00e1s de 6.500 personas han participado en procesos de gesti\u00f3n transparente &#8230;<\/p>\n","protected":false},"author":1,"featured_media":56814,"comment_status":"open","ping_status":"open","sticky":false,"template":"","format":"standard","meta":[],"categories":[16],"tags":[432,453,455],"formato_nota":[],"programas_tax":[],"acf":[],"_links":{"self":[{"href":"https:\/\/www.medellin.gov.co\/es\/wp-json\/wp\/v2\/posts\/52110"}],"collection":[{"href":"https:\/\/www.medellin.gov.co\/es\/wp-json\/wp\/v2\/posts"}],"about":[{"href":"https:\/\/www.medellin.gov.co\/es\/wp-json\/wp\/v2\/types\/post"}],"author":[{"embeddable":true,"href":"https:\/\/www.medellin.gov.co\/es\/wp-json\/wp\/v2\/users\/1"}],"replies":[{"embeddable":true,"href":"https:\/\/www.medellin.gov.co\/es\/wp-json\/wp\/v2\/comments?post=52110"}],"version-history":[{"count":1,"href":"https:\/\/www.medellin.gov.co\/es\/wp-json\/wp\/v2\/posts\/52110\/revisions"}],"predecessor-version":[{"id":53656,"href":"https:\/\/www.medellin.gov.co\/es\/wp-json\/wp\/v2\/posts\/52110\/revisions\/53656"}],"wp:featuredmedia":[{"embeddable":true,"href":"https:\/\/www.medellin.gov.co\/es\/wp-json\/wp\/v2\/media\/56814"}],"wp:attachment":[{"href":"https:\/\/www.medellin.gov.co\/es\/wp-json\/wp\/v2\/media?parent=52110"}],"wp:term":[{"taxonomy":"category","embeddable":true,"href":"https:\/\/www.medellin.gov.co\/es\/wp-json\/wp\/v2\/categories?post=52110"},{"taxonomy":"post_tag","embeddable":true,"href":"https:\/\/www.medellin.gov.co\/es\/wp-json\/wp\/v2\/tags?post=52110"},{"taxonomy":"formato_nota","embeddable":true,"href":"https:\/\/www.medellin.gov.co\/es\/wp-json\/wp\/v2\/formato_nota?post=52110"},{"taxonomy":"programas_tax","embeddable":true,"href":"https:\/\/www.medellin.gov.co\/es\/wp-json\/wp\/v2\/programas_tax?post=52110"}],"curies":[{"name":"wp","href":"https:\/\/api.w.org\/{rel}","templated":true}]}}