{"id":52112,"date":"2021-10-24T00:00:00","date_gmt":"2021-10-24T05:00:00","guid":{"rendered":"https:\/\/www.medellin.gov.co\/es\/saladeprensa\/noticias\/con-apoyo-de-la-alcaldia-de-medellin-el-desfile-de-silleteros-nuevamente-lleno-de-colorido-las-calles-de-queens-en-new-york\/"},"modified":"2022-03-27T21:53:06","modified_gmt":"2022-03-28T02:53:06","slug":"con-apoyo-de-la-alcaldia-de-medellin-el-desfile-de-silleteros-nuevamente-lleno-de-colorido-las-calles-de-queens-en-new-york","status":"publish","type":"post","link":"https:\/\/www.medellin.gov.co\/es\/sala-de-prensa\/noticias\/con-apoyo-de-la-alcaldia-de-medellin-el-desfile-de-silleteros-nuevamente-lleno-de-colorido-las-calles-de-queens-en-new-york\/","title":{"rendered":"Con apoyo de la Alcald\u00eda de Medell\u00edn, el Desfile de Silleteros nuevamente llen\u00f3 de colorido las calles de Queens, en New York"},"content":{"rendered":"<p><span style=\"vertical-align: inherit;\"><span style=\"vertical-align: inherit;\"><\/p>\n<div class=\"wrap contenido\">\n<div class=\"noticia\">\n<div class=\"imagen\">\n<div class=\"divContImageNoticia input_plantilla input_background\" data-input=\"fotografia\" ruta=\"\/galerias\/Imagenes\/Galer\u00eda d\u00eda a d\u00eda 2021\/500_400\/20211025-desfile-de-silleteros-1.jpg\" fotografo=\"Foto Alcald\u00eda de Medelll\u00edn\" descripcion=\"Con apoyo de la Alcald\u00eda de Medell\u00edn, el Desfile de Silleteros nuevamente llen\u00f3 de colorido las calles de Queens, en New York.\" style=\"background-image:url('\/irj\/go\/km\/docs\/galerias\/Imagenes\/Galer\u00eda d\u00eda a d\u00eda 2021\/500_400\/20211025-desfile-de-silleteros-1.jpg')\"><\/div>\n<p class=\"pMetaDesc\">Foto: Con apoyo de la Alcald\u00eda de Medell\u00edn, el Desfile de Silleteros nuevamente llen\u00f3 de colorido las calles de Queens, en New York.<\/p>\n<p class=\"pMetaFotografo\">Fot\u00f3grafo: Foto Alcald\u00eda de Medelll\u00edn<\/p>\n<\/div>\n<p class=\"fecha\"><span class=\"input_plantilla input_text\" data-input=\"fecha\">2021-10-25<\/span><\/p>\n<p><span itemprop=\"name\" class=\"input_plantilla input_text\" data-input=\"titulo\">Con apoyo de la Alcald\u00eda de Medell\u00edn, el Desfile de Silleteros nuevamente llen\u00f3 de colorido las calles de Queens, en New York<\/span><\/p>\n<h5 class=\"input_plantilla input_text\" data-input=\"autor\">Por Nidia Stella Escobar Cruz<\/h5>\n<div class=\"cuerpo input_plantilla input_area\" data-input=\"contenido\">\n<p>.: 15 silleteros del corregimiento de Santa Elena desfilaron en la ciudad de Queens en el marco de la celebraci\u00f3n de la colonia colombiana en dicha ciudad.&nbsp;<\/p>\n<p>.: La actividad se enmarca en el Flower Festival International que se realiza en Estados Unidos desde el a\u00f1o 2009.&nbsp;<\/p>\n<p>.: Por primera vez la Alcald\u00eda de Medell\u00edn se vincula y acompa\u00f1a directamente a los campesinos silleteros, como parte de la promoci\u00f3n y el fomento del patrimonio de Colombia.&nbsp;<\/p>\n<p><a href=\"\/irj\/go\/km\/docs\/pccdesign\/medellin\/Temas\/Cultura\/Noticias\/Shared Content\/Documentos\/2021\/20211025-desfile-de-silleteros-01.mp3\" class=\"aContEnlace liMp3\" download=\"\" data-mce-href=\"\/irj\/go\/km\/docs\/pccdesign\/medellin\/Temas\/Cultura\/Noticias\/Shared Content\/Documentos\/2021\/20211025-desfile-de-silleteros-01.mp3\"><span>Palabras de \u00c1lvaro Narv\u00e1ez, secretario de Cultura Ciudadana.<\/span><span>852 Kb<\/span><\/a><\/p>\n<p>Una de las tradiciones m\u00e1s apreciadas de Colombia lleg\u00f3 a las calles de Queens, en New York, con el Desfile de Silleteros, en el que participaron 15 silleteros provenientes del corregimiento de Santa Elena, en Medell\u00edn. La actividad se llev\u00f3 a cabo en el marco del Flower Festival International 2021.&nbsp;<\/p>\n<p>Durante la semana, los silleteros estuvieron trabajando en la elaboraci\u00f3n de las silletas que fueron exhibidas en un desfile que disfrutaron 2.000 personas, en la Av. 37 en Queens. Con sus atuendos aut\u00e9nticos de las monta\u00f1as, alpargatas, las blusas blancas de anchos boleros, ruanas y carrieles, los silleteros hicieron un recorrido que llen\u00f3 de flores y colorido una de las zonas m\u00e1s concurridas de la \u2018capital del mundo\u2019.&nbsp;<\/p>\n<p><em>\u201cTuvimos finalistas y ganadores de distintas categor\u00edas, volvimos a la ciudad de New York y esta vez los acompa\u00f1amos de manera muy importante. En las calles de Queens, latinos y personas de todo el mundo pudieron ver nuestro patrimonio y celebrar con los silleteros este gran evento. Queremos seguir moviendo la cultura, internacionalizarla, y esto es parte de la apuesta que estamos haciendo para llevar nuestro patrimonio al mundo\u201d<\/em>, dijo el secretario de Cultura Ciudadana, \u00c1lvaro Narv\u00e1ez.&nbsp;<\/p>\n<p>Esto se logra gracias a la articulaci\u00f3n de la Alcald\u00eda de Medell\u00edn y el Bureau (Fundaci\u00f3n privada sin \u00e1nimo de lucro encargada de promocionar a Medell\u00edn y Antioquia en el mercado nacional e internacional) con la organizaci\u00f3n del Flower Festival International, una festividad que celebra la tradici\u00f3n colombiana y que cont\u00f3, adem\u00e1s, con muestras culturales y patrimoniales de diferentes zonas del pa\u00eds como el Carnaval de Barranquilla, entre otras manifestaciones que destacan la diversidad cultural de Colombia.&nbsp;<\/p>\n<p>El evento que promueve la riqueza de la cultura colombiana, congrega cada a\u00f1o entre 2.000 y 3.000 visitantes que pueden tener de cerca las tradiciones de su pa\u00eds, teniendo como eje central la cultura silletera y antioque\u00f1a.&nbsp;<\/p>\n<p>El Festival de las Flores New York naci\u00f3 en el a\u00f1o 2009 como un movimiento cultural colombiano que ha posicionado la imagen del pa\u00eds y su cultura ante la comunidad internacional. Este a\u00f1o se realiz\u00f3 el primer encuentro internacional con las tradiciones locales en este festival despu\u00e9s de la llegada de la pandemia del covid-19, y tuvo el acompa\u00f1amiento de la Alcald\u00eda de Medell\u00edn a trav\u00e9s de la Secretar\u00eda de Cultura Ciudadana y el Bureau.&nbsp;<\/p>\n<p><em>\u201cGracias a nuestra corporaci\u00f3n de silleteros, a todos los silleteros y silleteras de nuestro territorio y a la Alcald\u00eda de Medell\u00edn por darnos esa oportunidad de estar hoy en la capital del mundo, New York, represent\u00e1ndolos a ustedes con nuestras bonitas obras, abriendo brechas para que todos tengan la posibilidad de participar y conservar nuestro patrimonio cultural inmaterial de la Naci\u00f3n\u201d<\/em>, agradeci\u00f3 Carlos Jos\u00e9 Atehort\u00faa, uno de los silleteros participantes. &nbsp;&nbsp;<\/p>\n<p>Esta acci\u00f3n hace parte de los procesos de reactivaci\u00f3n y circulaci\u00f3n del arte y la cultura de Medell\u00edn en cumplimiento del Plan Especial de Salvaguardia de la manifestaci\u00f3n cultural silletera (PES)&nbsp;que preserva, visibiliza y protege la manifestaci\u00f3n silletera como expresi\u00f3n de identidad, historia y cultura.<\/p>\n<\/div>\n<div class=\"compartir\">Compartir en:<a title=\"\" href=\"http:\/\/www.facebook.com\/share.php?u=\" class=\"btCompartirFacebook btCompartir\" target=\"_blank\" rel=\"noopener\"><\/a><a title=\"\" href=\"http:\/\/twitter.com\/home?status=Haz%20clic%20para%20ver%20esta%20noticia%20en%20\" class=\"btCompartirTwitter btCompartir\"><\/a><a title=\"\" href=\"whatsapp:\/\/send?text=Haz%20clic%20para%20ver%20esta%20noticia%20en%20\" class=\"btCompartirWa btCompartir\"><\/a><\/div>\n<\/div>\n<p><script>try{comprobarImagen();fixBtnRedes();hitsMedellin();}catch(e){}<\/script><\/div>\n<p><\/span><\/span><\/p>\n","protected":false},"excerpt":{"rendered":"<p>Foto: Con apoyo de la Alcald\u00eda de Medell\u00edn, el Desfile de Silleteros nuevamente llen\u00f3 de colorido las calles de Queens, en New York. Fot\u00f3grafo: Foto Alcald\u00eda de Medelll\u00edn 2021-10-25 Con apoyo de la Alcald\u00eda de &#8230;<\/p>\n","protected":false},"author":1,"featured_media":56815,"comment_status":"open","ping_status":"open","sticky":false,"template":"","format":"standard","meta":[],"categories":[31,17],"tags":[444,429,453,455],"formato_nota":[],"programas_tax":[],"acf":[],"_links":{"self":[{"href":"https:\/\/www.medellin.gov.co\/es\/wp-json\/wp\/v2\/posts\/52112"}],"collection":[{"href":"https:\/\/www.medellin.gov.co\/es\/wp-json\/wp\/v2\/posts"}],"about":[{"href":"https:\/\/www.medellin.gov.co\/es\/wp-json\/wp\/v2\/types\/post"}],"author":[{"embeddable":true,"href":"https:\/\/www.medellin.gov.co\/es\/wp-json\/wp\/v2\/users\/1"}],"replies":[{"embeddable":true,"href":"https:\/\/www.medellin.gov.co\/es\/wp-json\/wp\/v2\/comments?post=52112"}],"version-history":[{"count":1,"href":"https:\/\/www.medellin.gov.co\/es\/wp-json\/wp\/v2\/posts\/52112\/revisions"}],"predecessor-version":[{"id":53657,"href":"https:\/\/www.medellin.gov.co\/es\/wp-json\/wp\/v2\/posts\/52112\/revisions\/53657"}],"wp:featuredmedia":[{"embeddable":true,"href":"https:\/\/www.medellin.gov.co\/es\/wp-json\/wp\/v2\/media\/56815"}],"wp:attachment":[{"href":"https:\/\/www.medellin.gov.co\/es\/wp-json\/wp\/v2\/media?parent=52112"}],"wp:term":[{"taxonomy":"category","embeddable":true,"href":"https:\/\/www.medellin.gov.co\/es\/wp-json\/wp\/v2\/categories?post=52112"},{"taxonomy":"post_tag","embeddable":true,"href":"https:\/\/www.medellin.gov.co\/es\/wp-json\/wp\/v2\/tags?post=52112"},{"taxonomy":"formato_nota","embeddable":true,"href":"https:\/\/www.medellin.gov.co\/es\/wp-json\/wp\/v2\/formato_nota?post=52112"},{"taxonomy":"programas_tax","embeddable":true,"href":"https:\/\/www.medellin.gov.co\/es\/wp-json\/wp\/v2\/programas_tax?post=52112"}],"curies":[{"name":"wp","href":"https:\/\/api.w.org\/{rel}","templated":true}]}}