{"id":522454,"date":"2026-04-29T05:00:59","date_gmt":"2026-04-29T10:00:59","guid":{"rendered":"https:\/\/www.medellin.gov.co\/es\/?p=522454"},"modified":"2026-04-30T13:34:38","modified_gmt":"2026-04-30T18:34:38","slug":"en-medellin-mientras-prestan-servicio-militar-soldados-de-la-cuarta-brigada-del-ejercito-se-graduan-de-bachilleres","status":"publish","type":"post","link":"https:\/\/www.medellin.gov.co\/es\/sala-de-prensa\/noticias\/en-medellin-mientras-prestan-servicio-militar-soldados-de-la-cuarta-brigada-del-ejercito-se-graduan-de-bachilleres\/","title":{"rendered":"En Medell\u00edn, mientras prestan servicio militar, soldados de la Cuarta Brigada del Ej\u00e9rcito se grad\u00faan de bachilleres"},"content":{"rendered":"<blockquote><p>Gracias al trabajo conjunto entre la <a href=\"https:\/\/www.medellin.gov.co\/\">Alcald\u00eda de Medell\u00edn<\/a>, la Cuarta Brigada del Ej\u00e9rcito Nacional y la Corporaci\u00f3n Centro de Desarrollo Integrado -Cendi-, veinte soldados combinaron sus actividades del servicio militar con las tareas acad\u00e9micas y se graduaron de bachilleres. Hay otros 54 estudiando en busca del t\u00edtulo de secundaria para acceder a m\u00e1s oportunidades educativas y laborales en su futuro.<\/p><\/blockquote>\n<p>Weimar Tap\u00ed Conde es moreno, serio y parece t\u00edmido. Es ind\u00edgena<a href=\"https:\/\/www.onic.org.co\/pueblos\/1094-embera\" target=\"_blank\" rel=\"noopener\"> embera dobid\u00e1<\/a> del <a href=\"https:\/\/www.choco.gov.co\/\" target=\"_blank\" rel=\"noopener\">Choc\u00f3<\/a>. Naci\u00f3 en Quibd\u00f3, vivi\u00f3 en el resguardo Jengad\u00f3 en el municipio de <a href=\"https:\/\/www.rioquito-choco.gov.co\/\" target=\"_blank\" rel=\"noopener\">R\u00edo Quito<\/a> y estando en su departamento entr\u00f3 al Ej\u00e9rcito Nacional a prestar servicio militar. En agosto de 2025 lleg\u00f3 a <a href=\"https:\/\/www.instagram.com\/alcaldiademed\/\" target=\"_blank\" rel=\"noopener\">Medell\u00edn<\/a>, con un compa\u00f1ero de la instituci\u00f3n, para recibir un entrenamiento. En esta ciudad se gradu\u00f3 de bachiller estudiando en la <a href=\"https:\/\/www.ejercito.mil.co\/cuarta-brigada\/\" target=\"_blank\" rel=\"noopener\">Cuarta Brigada<\/a> y ahora quiere ser soldado profesional.<\/p>\n<div id=\"attachment_522460\" style=\"width: 970px\" class=\"wp-caption alignnone\"><img aria-describedby=\"caption-attachment-522460\" loading=\"lazy\" class=\"wp-image-522460 size-full\" title=\"Weimar Tap\u00ed, soldado de la Cuarta Brigada del Ej\u00e9rcito Nacional.\" src=\"https:\/\/www.medellin.gov.co\/es\/wp-content\/uploads\/2026\/04\/Imagen-soldados-de-la-Cuarta-Brigada-del-Ejercito-se-graduan-de-bachilleres-TAPI.jpg\" alt=\"Imagen soldados de la Cuarta Brigada del Ej\u00e9rcito se grad\u00faan de bachilleres TAPI\" width=\"960\" height=\"720\" srcset=\"https:\/\/www.medellin.gov.co\/es\/wp-content\/uploads\/2026\/04\/Imagen-soldados-de-la-Cuarta-Brigada-del-Ejercito-se-graduan-de-bachilleres-TAPI.jpg 960w, https:\/\/www.medellin.gov.co\/es\/wp-content\/uploads\/2026\/04\/Imagen-soldados-de-la-Cuarta-Brigada-del-Ejercito-se-graduan-de-bachilleres-TAPI-300x225.jpg 300w, https:\/\/www.medellin.gov.co\/es\/wp-content\/uploads\/2026\/04\/Imagen-soldados-de-la-Cuarta-Brigada-del-Ejercito-se-graduan-de-bachilleres-TAPI-150x113.jpg 150w, https:\/\/www.medellin.gov.co\/es\/wp-content\/uploads\/2026\/04\/Imagen-soldados-de-la-Cuarta-Brigada-del-Ejercito-se-graduan-de-bachilleres-TAPI-768x576.jpg 768w\" sizes=\"(max-width: 960px) 100vw, 960px\" \/><p id=\"caption-attachment-522460\" class=\"wp-caption-text\">Weimar Tap\u00ed, soldado de la Cuarta Brigada del Ej\u00e9rcito Nacional.<\/p><\/div>\n<p>\u00c9l, Deiner David Pineda Ben\u00edtez y Santiago Londo\u00f1o Urrego son parte del grupo de veinte soldados de la Cuarta Brigada que se graduaron de bachilleres. Combinaron sus actividades del servicio militar con el estudio, gracias a la labor en equipo entre el Ej\u00e9rcito, la <a href=\"https:\/\/www.medellin.gov.co\/\" target=\"_blank\" rel=\"noopener\">Alcald\u00eda de Medell\u00edn<\/a> -mediante la <a href=\"https:\/\/www.medellin.gov.co\/es\/secretaria-de-educacion\/\" target=\"_blank\" rel=\"noopener\">Secretar\u00eda de Educaci\u00f3n<\/a>&#8211; y la <a href=\"https:\/\/www.cendiacademico.edu.co\/\" target=\"_blank\" rel=\"noopener\">Corporaci\u00f3n Centro de Desarrollo Integrado -Cendi-<\/a>, en un beneficio que es gratuito para ellos, los estudiantes.<\/p>\n<div id=\"attachment_522461\" style=\"width: 970px\" class=\"wp-caption alignnone\"><img aria-describedby=\"caption-attachment-522461\" loading=\"lazy\" class=\"wp-image-522461 size-full\" title=\"De izquierda a derecha, Santiago Londo\u00f1o, Deiner Pineda y Weimar Tap\u00ed, soldados de la Cuarta Brigada del Ej\u00e9rcito.\" src=\"https:\/\/www.medellin.gov.co\/es\/wp-content\/uploads\/2026\/04\/Imagen-soldados-de-la-Cuarta-Brigada-del-Ejercito-se-graduan-de-bachilleres-SENTADOS.jpg\" alt=\"Imagen soldados de la Cuarta Brigada del Ej\u00e9rcito se grad\u00faan de bachilleres SENTADOS\" width=\"960\" height=\"720\" srcset=\"https:\/\/www.medellin.gov.co\/es\/wp-content\/uploads\/2026\/04\/Imagen-soldados-de-la-Cuarta-Brigada-del-Ejercito-se-graduan-de-bachilleres-SENTADOS.jpg 960w, https:\/\/www.medellin.gov.co\/es\/wp-content\/uploads\/2026\/04\/Imagen-soldados-de-la-Cuarta-Brigada-del-Ejercito-se-graduan-de-bachilleres-SENTADOS-300x225.jpg 300w, https:\/\/www.medellin.gov.co\/es\/wp-content\/uploads\/2026\/04\/Imagen-soldados-de-la-Cuarta-Brigada-del-Ejercito-se-graduan-de-bachilleres-SENTADOS-150x113.jpg 150w, https:\/\/www.medellin.gov.co\/es\/wp-content\/uploads\/2026\/04\/Imagen-soldados-de-la-Cuarta-Brigada-del-Ejercito-se-graduan-de-bachilleres-SENTADOS-768x576.jpg 768w\" sizes=\"(max-width: 960px) 100vw, 960px\" \/><p id=\"caption-attachment-522461\" class=\"wp-caption-text\">De izquierda a derecha, Santiago Londo\u00f1o, Deiner Pineda y Weimar Tap\u00ed, soldados de la Cuarta Brigada del Ej\u00e9rcito.<\/p><\/div>\n<p>La Secretar\u00eda de Educaci\u00f3n trabaja desde 2025 con soldados de la Cuarta Brigada, a trav\u00e9s de la oferta del programa Educaci\u00f3n para J\u00f3venes y Adultos. Esta estrategia busca que personas que no han culminado sus ciclos acad\u00e9micos de b\u00e1sica y media puedan finalizar sus estudios y continuar su proceso hacia la educaci\u00f3n superior.<\/p>\n<p>Para la poblaci\u00f3n que hace parte del Ej\u00e9rcito se garantiza el derecho a la educaci\u00f3n mediante una jornada semipresencial de 10 horas semanales, por medio de cobertura contratada. En 2025 se atendieron 150 soldados.<\/p>\n<p>La Alcald\u00eda busca que ning\u00fan ni\u00f1o, joven o adulto se quede sin educaci\u00f3n primaria y secundaria, adem\u00e1s de las opciones que brinda para que miles de ciudadanos accedan a la educaci\u00f3n superior. En este caso, los profesores y las clases llegaron hasta la Cuarta Brigada de la S\u00e9ptima Divisi\u00f3n del Ej\u00e9rcito, en el occidente de la ciudad (comuna 11, Laureles \u2013 Estadio), para contribuir a la formaci\u00f3n de estos j\u00f3venes que, con el t\u00edtulo de bachilleres, tendr\u00e1n nuevas oportunidades de estudio y trabajo.<\/p>\n<h4><strong>Juntos Transformando Vidas<\/strong><\/h4>\n<p>Este empe\u00f1o tambi\u00e9n es una convicci\u00f3n del Ej\u00e9rcito. La mayor Mary Viviana Ramos Geliz, oficial psic\u00f3loga de la Cuarta Brigada, explica al respecto: <em>\u201cEn medio de nuestro programa Juntos Transformando Vidas estamos logrando que j\u00f3venes que, por alguna raz\u00f3n en su vida civil tuvieron que dejar sus estudios acad\u00e9micos de primaria o de bachillerato y al prestar su servicio militar puedan cerrar esas brechas y salir graduados o aprender a leer, a escribir y llevarse unas competencias acad\u00e9micas que les permitan mejorar su calidad de vida una vez terminen el servicio militar\u201d.<\/em><\/p>\n<h6><div class=\"iframe-container\"><iframe title=\"YouTube video player\" src=\"https:\/\/www.youtube.com\/embed\/-0uKqh1QePo?si=6ooQkS_0LghKrlvP\" width=\"100%\" height=\"350\" frameborder=\"0\" allowfullscreen=\"allowfullscreen\"><span data-mce-type=\"bookmark\" style=\"display: inline-block; width: 0px; overflow: hidden; line-height: 0;\" class=\"mce_SELRES_start\">\ufeff<\/span><\/iframe><\/div>La mayor Mary Viviana Ramos Geliz, oficial psic\u00f3loga de la Cuarta Brigada del Ej\u00e9rcito, habla de c\u00f3mo, mediante una alianza con la Alcald\u00eda de Medell\u00edn, los soldados pueden terminar sus estudios de primaria y bachillerato mientras prestan servicio militar.<\/h6>\n<p>As\u00ed, agrega la mayor, estos j\u00f3venes podr\u00e1n presentarse <em>\u201cal <a href=\"https:\/\/www.colmayor.edu.co\/\" target=\"_blank\" rel=\"noopener\">Colegio Mayor de Antioquia<\/a>, al <a href=\"https:\/\/www.itm.edu.co\/\" target=\"_blank\" rel=\"noopener\">ITM<\/a>, a las diferentes instituciones que tiene la Alcald\u00eda de Medell\u00edn, y realizar estudios t\u00e9cnicos, tecnol\u00f3gicos o incluso carreras universitarias\u201d.<\/em><\/p>\n<p>Aparte de los veinte soldados que ya se graduaron, hay 54 estudiando para lograr su t\u00edtulo de bachilleres y 104 empezando su ciclo acad\u00e9mico en primaria o secundaria. Adicionalmente, el Ej\u00e9rcito hizo convenios para que los j\u00f3venes hagan cursos de preparaci\u00f3n con miras a presentar las pruebas Saber.<\/p>\n<p>De acuerdo con la mayor Ramos, en 2026 hay 300 cupos para j\u00f3venes que estudien su bachillerato mientras prestan servicio militar y en caso de que m\u00e1s soldados lo requieran, se gestionar\u00eda con la Alcald\u00eda la posibilidad de aumentarlos. <em>\u201cLo ideal es que adem\u00e1s de llevarse su libreta militar en conducta excelente, puedan llevarse su diploma de bachillerato y que tengan oportunidades reales para poder transformar su vida y la de sus familias. El \u00fanico costo que tiene para ellos es ese deseo y ese inter\u00e9s de poder culminar sus estudios acad\u00e9micos a nivel de bachillerato o primaria. Este servicio es cubierto completamente por la Secretar\u00eda de Educaci\u00f3n <\/em><em>de Medell\u00edn\u201d,<\/em> agrega la oficial.<\/p>\n<div id=\"attachment_522463\" style=\"width: 970px\" class=\"wp-caption alignnone\"><img aria-describedby=\"caption-attachment-522463\" loading=\"lazy\" class=\"wp-image-522463 size-full\" title=\"De izquierda a derecha, los soldados Weimar Tap\u00ed y Santiago Londo\u00f1o, la mayor Mary Viviana Ramos y el soldado Deiner Pineda, de la Cuarta Brigada del Ej\u00e9rcito.\" src=\"https:\/\/www.medellin.gov.co\/es\/wp-content\/uploads\/2026\/04\/Imagen-soldados-de-la-Cuarta-Brigada-del-Ejercito-se-graduan-de-bachilleres-CUATRO.jpg\" alt=\"Imagen soldados de la Cuarta Brigada del Ej\u00e9rcito se grad\u00faan de bachilleres CUATRO\" width=\"960\" height=\"720\" srcset=\"https:\/\/www.medellin.gov.co\/es\/wp-content\/uploads\/2026\/04\/Imagen-soldados-de-la-Cuarta-Brigada-del-Ejercito-se-graduan-de-bachilleres-CUATRO.jpg 960w, https:\/\/www.medellin.gov.co\/es\/wp-content\/uploads\/2026\/04\/Imagen-soldados-de-la-Cuarta-Brigada-del-Ejercito-se-graduan-de-bachilleres-CUATRO-300x225.jpg 300w, https:\/\/www.medellin.gov.co\/es\/wp-content\/uploads\/2026\/04\/Imagen-soldados-de-la-Cuarta-Brigada-del-Ejercito-se-graduan-de-bachilleres-CUATRO-150x113.jpg 150w, https:\/\/www.medellin.gov.co\/es\/wp-content\/uploads\/2026\/04\/Imagen-soldados-de-la-Cuarta-Brigada-del-Ejercito-se-graduan-de-bachilleres-CUATRO-768x576.jpg 768w\" sizes=\"(max-width: 960px) 100vw, 960px\" \/><p id=\"caption-attachment-522463\" class=\"wp-caption-text\">De izquierda a derecha, los soldados Weimar Tap\u00ed y Santiago Londo\u00f1o, la mayor Mary Viviana Ramos y el soldado Deiner Pineda, de la Cuarta Brigada del Ej\u00e9rcito.<\/p><\/div>\n<h4><strong>Resguardo Jengad\u00f3<\/strong><\/h4>\n<p>Weimar Tap\u00ed Conde tiene 18 a\u00f1os. Es el segundo de ocho hijos. Sus padres son Blumer Tap\u00ed y Omaira Conde. Su infancia la vivi\u00f3 en el resguardo Jengad\u00f3 de R\u00edo Quito (Choc\u00f3), donde estudi\u00f3 hasta el grado octavo. Luego su padre empez\u00f3 a trabajar en una organizaci\u00f3n ind\u00edgena en Quibd\u00f3 y su familia emigr\u00f3 para la capital chocoana. All\u00ed Weimar se retir\u00f3 del colegio.<\/p>\n<p><em>\u201cDesde ni\u00f1o quise prestar servicio militar\u201d,<\/em> expresa el muchacho. Por eso, a mediados de 2025, ya con 18 a\u00f1os, ingres\u00f3 al Ej\u00e9rcito en Quibd\u00f3 y est\u00e1 en Medell\u00edn desde agosto de ese a\u00f1o, cuando lleg\u00f3 a recibir un entrenamiento.<\/p>\n<div id=\"attachment_522466\" style=\"width: 970px\" class=\"wp-caption alignnone\"><img aria-describedby=\"caption-attachment-522466\" loading=\"lazy\" class=\"wp-image-522466 size-full\" title=\"De izquierda a derecha, Weimar Tap\u00ed, Santiago Londo\u00f1o y Deiner Pineda, soldados de la Cuarta Brigada del Ej\u00e9rcito.\" src=\"https:\/\/www.medellin.gov.co\/es\/wp-content\/uploads\/2026\/04\/Imagen-soldados-de-la-Cuarta-Brigada-del-Ejercito-se-graduan-de-bachilleres-SOLDADOS.jpg\" alt=\"Imagen soldados de la Cuarta Brigada del Ej\u00e9rcito se grad\u00faan de bachilleres SOLDADOS\" width=\"960\" height=\"720\" srcset=\"https:\/\/www.medellin.gov.co\/es\/wp-content\/uploads\/2026\/04\/Imagen-soldados-de-la-Cuarta-Brigada-del-Ejercito-se-graduan-de-bachilleres-SOLDADOS.jpg 960w, https:\/\/www.medellin.gov.co\/es\/wp-content\/uploads\/2026\/04\/Imagen-soldados-de-la-Cuarta-Brigada-del-Ejercito-se-graduan-de-bachilleres-SOLDADOS-300x225.jpg 300w, https:\/\/www.medellin.gov.co\/es\/wp-content\/uploads\/2026\/04\/Imagen-soldados-de-la-Cuarta-Brigada-del-Ejercito-se-graduan-de-bachilleres-SOLDADOS-150x113.jpg 150w, https:\/\/www.medellin.gov.co\/es\/wp-content\/uploads\/2026\/04\/Imagen-soldados-de-la-Cuarta-Brigada-del-Ejercito-se-graduan-de-bachilleres-SOLDADOS-768x576.jpg 768w\" sizes=\"(max-width: 960px) 100vw, 960px\" \/><p id=\"caption-attachment-522466\" class=\"wp-caption-text\">De izquierda a derecha, Weimar Tap\u00ed, Santiago Londo\u00f1o y Deiner Pineda, soldados de la Cuarta Brigada del Ej\u00e9rcito.<\/p><\/div>\n<p>Se levanta a las 4:00 a. m., se ba\u00f1a, organiza el dormitorio, desayuna, hace labores de aseo en la brigada, pasa a formar con sus superiores y se concentra en trabajos administrativos; almuerza, sigue en tareas de archivo o de jardiner\u00eda y m\u00e1s tarde cena. En la noche forma de nuevo y a descansar. Lunes y jueves enfatiza en entrenamiento f\u00edsico.<\/p>\n<p>Estas actividades del d\u00eda a d\u00eda las mezcl\u00f3 con el estudio. Los lunes y jueves, de 2:00 p. m. a 6:00 p. m., ve\u00eda clases con Tiffany Olaya, una profesora que recuerdan con gratitud los alumnos, al igual que al profesor Carlos. As\u00ed, entre agosto y diciembre curs\u00f3 noveno, d\u00e9cimo y once y se gradu\u00f3.<\/p>\n<div id=\"attachment_522468\" style=\"width: 1034px\" class=\"wp-caption alignnone\"><img aria-describedby=\"caption-attachment-522468\" loading=\"lazy\" class=\"wp-image-522468 size-large\" title=\"Ceremonia de graduaci\u00f3n de veinte soldados de la Cuarta Brigada del Ej\u00e9rcito\" src=\"https:\/\/www.medellin.gov.co\/es\/wp-content\/uploads\/2026\/04\/Imagen-soldados-de-la-Cuarta-Brigada-del-Ejercito-se-graduan-de-bachilleres-GRADUANDOS-1024x681.jpg\" alt=\"Imagen soldados de la Cuarta Brigada del Ej\u00e9rcito se grad\u00faan de bachilleres GRADUANDOS\" width=\"1024\" height=\"681\" srcset=\"https:\/\/www.medellin.gov.co\/es\/wp-content\/uploads\/2026\/04\/Imagen-soldados-de-la-Cuarta-Brigada-del-Ejercito-se-graduan-de-bachilleres-GRADUANDOS-1024x681.jpg 1024w, https:\/\/www.medellin.gov.co\/es\/wp-content\/uploads\/2026\/04\/Imagen-soldados-de-la-Cuarta-Brigada-del-Ejercito-se-graduan-de-bachilleres-GRADUANDOS-300x200.jpg 300w, https:\/\/www.medellin.gov.co\/es\/wp-content\/uploads\/2026\/04\/Imagen-soldados-de-la-Cuarta-Brigada-del-Ejercito-se-graduan-de-bachilleres-GRADUANDOS-150x100.jpg 150w, https:\/\/www.medellin.gov.co\/es\/wp-content\/uploads\/2026\/04\/Imagen-soldados-de-la-Cuarta-Brigada-del-Ejercito-se-graduan-de-bachilleres-GRADUANDOS-768x511.jpg 768w, https:\/\/www.medellin.gov.co\/es\/wp-content\/uploads\/2026\/04\/Imagen-soldados-de-la-Cuarta-Brigada-del-Ejercito-se-graduan-de-bachilleres-GRADUANDOS.jpg 1082w\" sizes=\"(max-width: 1024px) 100vw, 1024px\" \/><p id=\"caption-attachment-522468\" class=\"wp-caption-text\">Ceremonia de graduaci\u00f3n de veinte soldados de la Cuarta Brigada del Ej\u00e9rcito que terminaron su bachillerato mientras prestan servicio militar.<\/p><\/div>\n<p><em>\u201cLa familia hace mucha falta, pero uno se acostumbra. He ido al centro y compro ropa. Me gusta esta ciudad. Ser bachiller es un orgullo grande. Gracias a todos los que ayudaron para que esto pasara. Quisiera quedarme aqu\u00ed otro a\u00f1o y seguir en el Ej\u00e9rcito para ser soldado profesional\u201d,<\/em> expresa Weimar, quien aprovech\u00f3 que un t\u00edo vino a Medell\u00edn y envi\u00f3 con \u00e9l el diploma y el acta de grado, que ya est\u00e1n guardados con cuidado en Quibd\u00f3.<\/p>\n<h4><strong>El mayor<\/strong><\/h4>\n<p>Con Weimar se gradu\u00f3 Deiner David Pineda Ben\u00edtez, de 20 a\u00f1os, alto y rubio. Naci\u00f3 en Medell\u00edn, se crio en el barrio Santo Domingo Savio, nororiente de la ciudad, y despu\u00e9s pas\u00f3 a vivir en San Javier, en el occidente.<\/p>\n<div id=\"attachment_522469\" style=\"width: 970px\" class=\"wp-caption alignnone\"><img aria-describedby=\"caption-attachment-522469\" loading=\"lazy\" class=\"wp-image-522469 size-full\" title=\"Deiner Pineda, soldado de la Cuarta Brigada del Ej\u00e9rcito.\" src=\"https:\/\/www.medellin.gov.co\/es\/wp-content\/uploads\/2026\/04\/Imagen-soldados-de-la-Cuarta-Brigada-del-Ejercito-se-graduan-de-bachilleres-PINEDA.jpg\" alt=\"Imagen soldados de la Cuarta Brigada del Ej\u00e9rcito se grad\u00faan de bachilleres PINEDA\" width=\"960\" height=\"720\" srcset=\"https:\/\/www.medellin.gov.co\/es\/wp-content\/uploads\/2026\/04\/Imagen-soldados-de-la-Cuarta-Brigada-del-Ejercito-se-graduan-de-bachilleres-PINEDA.jpg 960w, https:\/\/www.medellin.gov.co\/es\/wp-content\/uploads\/2026\/04\/Imagen-soldados-de-la-Cuarta-Brigada-del-Ejercito-se-graduan-de-bachilleres-PINEDA-300x225.jpg 300w, https:\/\/www.medellin.gov.co\/es\/wp-content\/uploads\/2026\/04\/Imagen-soldados-de-la-Cuarta-Brigada-del-Ejercito-se-graduan-de-bachilleres-PINEDA-150x113.jpg 150w, https:\/\/www.medellin.gov.co\/es\/wp-content\/uploads\/2026\/04\/Imagen-soldados-de-la-Cuarta-Brigada-del-Ejercito-se-graduan-de-bachilleres-PINEDA-768x576.jpg 768w\" sizes=\"(max-width: 960px) 100vw, 960px\" \/><p id=\"caption-attachment-522469\" class=\"wp-caption-text\">Deiner Pineda, soldado de la Cuarta Brigada del Ej\u00e9rcito.<\/p><\/div>\n<p>Su madre es Olga Pineda y es el mayor de cuatro hijos, todos hombres. <em>\u201cNunca pens\u00e9 ser militar, sino estudiar y trabajar\u201d,<\/em> cuenta y, las vueltas de la vida, fue \u00e9l quien dio el discurso en la ceremonia de graduaci\u00f3n: <em>\u201cMe lo asignaron; era el que m\u00e1s participaba en clases\u201d.<\/em><\/p>\n<p>Un primo suyo se incorpor\u00f3 al Ej\u00e9rcito y ya termin\u00f3 el servicio militar. Deiner lo ve\u00eda y se anim\u00f3 tambi\u00e9n a entrar a la instituci\u00f3n. Entonces, en octubre de 2024 se present\u00f3 y fue asignado al Batall\u00f3n de Apoyo y Servicios para el Combate N.\u00ba 4, ubicado en la sede de la Cuarta Brigada.<\/p>\n<h4><strong>Disciplina y orden<\/strong><\/h4>\n<p>Estando en este batall\u00f3n curs\u00f3 los grados d\u00e9cimo y once: <em>\u201cEra una meta ser bachiller. En el Ej\u00e9rcito, uno de la guardia me dijo: \u2018Aqu\u00ed puede seguir estudiando\u2019. Mi plan es ir ahorrando para irme para la Escuela Militar de Suboficiales Sargento Inocencio Chinc\u00e1\u201d.<\/em> As\u00ed mismo, quiere estudiar derecho.<\/p>\n\n\t\t<style type=\"text\/css\">\n\t\t\t#gallery-1 {\n\t\t\t\tmargin: auto;\n\t\t\t}\n\t\t\t#gallery-1 .gallery-item {\n\t\t\t\tfloat: left;\n\t\t\t\tmargin-top: 10px;\n\t\t\t\ttext-align: center;\n\t\t\t\twidth: 50%;\n\t\t\t}\n\t\t\t#gallery-1 img {\n\t\t\t\tborder: 2px solid #cfcfcf;\n\t\t\t}\n\t\t\t#gallery-1 .gallery-caption {\n\t\t\t\tmargin-left: 0;\n\t\t\t}\n\t\t\t\/* see gallery_shortcode() in wp-includes\/media.php *\/\n\t\t<\/style>\n\t\t<div id='gallery-1' class='gallery galleryid-522454 gallery-columns-2 gallery-size-full'><dl class='gallery-item'>\n\t\t\t<dt class='gallery-icon landscape'>\n\t\t\t\t<a href='https:\/\/www.medellin.gov.co\/es\/sala-de-prensa\/noticias\/en-medellin-mientras-prestan-servicio-militar-soldados-de-la-cuarta-brigada-del-ejercito-se-graduan-de-bachilleres\/imagen-soldados-de-la-cuarta-brigada-del-ejercito-se-graduan-de-bachilleres-mesa\/'><img width=\"884\" height=\"720\" src=\"https:\/\/www.medellin.gov.co\/es\/wp-content\/uploads\/2026\/04\/Imagen-soldados-de-la-Cuarta-Brigada-del-Ejercito-se-graduan-de-bachilleres-MESA-e1777040788151.jpg\" class=\"attachment-full size-full\" alt=\"Imagen soldados de la Cuarta Brigada del Ej\u00e9rcito se grad\u00faan de bachilleres MESA\" loading=\"lazy\" srcset=\"https:\/\/www.medellin.gov.co\/es\/wp-content\/uploads\/2026\/04\/Imagen-soldados-de-la-Cuarta-Brigada-del-Ejercito-se-graduan-de-bachilleres-MESA-e1777040788151.jpg 884w, https:\/\/www.medellin.gov.co\/es\/wp-content\/uploads\/2026\/04\/Imagen-soldados-de-la-Cuarta-Brigada-del-Ejercito-se-graduan-de-bachilleres-MESA-e1777040788151-300x244.jpg 300w, https:\/\/www.medellin.gov.co\/es\/wp-content\/uploads\/2026\/04\/Imagen-soldados-de-la-Cuarta-Brigada-del-Ejercito-se-graduan-de-bachilleres-MESA-e1777040788151-150x122.jpg 150w, https:\/\/www.medellin.gov.co\/es\/wp-content\/uploads\/2026\/04\/Imagen-soldados-de-la-Cuarta-Brigada-del-Ejercito-se-graduan-de-bachilleres-MESA-e1777040788151-768x626.jpg 768w\" sizes=\"(max-width: 884px) 100vw, 884px\" \/><\/a>\n\t\t\t<\/dt><\/dl><dl class='gallery-item'>\n\t\t\t<dt class='gallery-icon landscape'>\n\t\t\t\t<a href='https:\/\/www.medellin.gov.co\/es\/sala-de-prensa\/noticias\/en-medellin-mientras-prestan-servicio-militar-soldados-de-la-cuarta-brigada-del-ejercito-se-graduan-de-bachilleres\/imagen-soldados-de-la-cuarta-brigada-del-ejercito-se-graduan-de-bachilleres-diplomas\/'><img width=\"884\" height=\"720\" src=\"https:\/\/www.medellin.gov.co\/es\/wp-content\/uploads\/2026\/04\/Imagen-soldados-de-la-Cuarta-Brigada-del-Ejercito-se-graduan-de-bachilleres-DIPLOMAS.jpg\" class=\"attachment-full size-full\" alt=\"Imagen soldados de la Cuarta Brigada del Ej\u00e9rcito se grad\u00faan de bachilleres DIPLOMAS\" loading=\"lazy\" srcset=\"https:\/\/www.medellin.gov.co\/es\/wp-content\/uploads\/2026\/04\/Imagen-soldados-de-la-Cuarta-Brigada-del-Ejercito-se-graduan-de-bachilleres-DIPLOMAS.jpg 884w, https:\/\/www.medellin.gov.co\/es\/wp-content\/uploads\/2026\/04\/Imagen-soldados-de-la-Cuarta-Brigada-del-Ejercito-se-graduan-de-bachilleres-DIPLOMAS-300x244.jpg 300w, https:\/\/www.medellin.gov.co\/es\/wp-content\/uploads\/2026\/04\/Imagen-soldados-de-la-Cuarta-Brigada-del-Ejercito-se-graduan-de-bachilleres-DIPLOMAS-150x122.jpg 150w, https:\/\/www.medellin.gov.co\/es\/wp-content\/uploads\/2026\/04\/Imagen-soldados-de-la-Cuarta-Brigada-del-Ejercito-se-graduan-de-bachilleres-DIPLOMAS-768x626.jpg 768w\" sizes=\"(max-width: 884px) 100vw, 884px\" \/><\/a>\n\t\t\t<\/dt><\/dl><br style=\"clear: both\" \/>\n\t\t<\/div>\n\n<h6>Ceremonia de graduaci\u00f3n de veinte soldados de la Cuarta Brigada del Ej\u00e9rcito que terminaron su bachillerato mientras prestan servicio militar.<\/h6>\n<p>Una de sus tareas en el servicio militar es asear la capilla de la Cuarta Brigada y organizar elementos para las celebraciones religiosas: <em>\u201cMe gustan la disciplina y el orden\u201d<\/em> del Ej\u00e9rcito, anota.<\/p>\n\n\t\t<style type=\"text\/css\">\n\t\t\t#gallery-2 {\n\t\t\t\tmargin: auto;\n\t\t\t}\n\t\t\t#gallery-2 .gallery-item {\n\t\t\t\tfloat: left;\n\t\t\t\tmargin-top: 10px;\n\t\t\t\ttext-align: center;\n\t\t\t\twidth: 50%;\n\t\t\t}\n\t\t\t#gallery-2 img {\n\t\t\t\tborder: 2px solid #cfcfcf;\n\t\t\t}\n\t\t\t#gallery-2 .gallery-caption {\n\t\t\t\tmargin-left: 0;\n\t\t\t}\n\t\t\t\/* see gallery_shortcode() in wp-includes\/media.php *\/\n\t\t<\/style>\n\t\t<div id='gallery-2' class='gallery galleryid-522454 gallery-columns-2 gallery-size-full'><dl class='gallery-item'>\n\t\t\t<dt class='gallery-icon landscape'>\n\t\t\t\t<a href='https:\/\/www.medellin.gov.co\/es\/sala-de-prensa\/noticias\/en-medellin-mientras-prestan-servicio-militar-soldados-de-la-cuarta-brigada-del-ejercito-se-graduan-de-bachilleres\/imagen-soldados-de-la-cuarta-brigada-del-ejercito-se-graduan-de-bachilleres-capilla-1\/'><img width=\"960\" height=\"720\" src=\"https:\/\/www.medellin.gov.co\/es\/wp-content\/uploads\/2026\/04\/Imagen-soldados-de-la-Cuarta-Brigada-del-Ejercito-se-graduan-de-bachilleres-CAPILLA-1.jpg\" class=\"attachment-full size-full\" alt=\"Imagen soldados de la Cuarta Brigada del Ej\u00e9rcito se grad\u00faan de bachilleres CAPILLA 1\" loading=\"lazy\" aria-describedby=\"gallery-2-522477\" srcset=\"https:\/\/www.medellin.gov.co\/es\/wp-content\/uploads\/2026\/04\/Imagen-soldados-de-la-Cuarta-Brigada-del-Ejercito-se-graduan-de-bachilleres-CAPILLA-1.jpg 960w, https:\/\/www.medellin.gov.co\/es\/wp-content\/uploads\/2026\/04\/Imagen-soldados-de-la-Cuarta-Brigada-del-Ejercito-se-graduan-de-bachilleres-CAPILLA-1-300x225.jpg 300w, https:\/\/www.medellin.gov.co\/es\/wp-content\/uploads\/2026\/04\/Imagen-soldados-de-la-Cuarta-Brigada-del-Ejercito-se-graduan-de-bachilleres-CAPILLA-1-150x113.jpg 150w, https:\/\/www.medellin.gov.co\/es\/wp-content\/uploads\/2026\/04\/Imagen-soldados-de-la-Cuarta-Brigada-del-Ejercito-se-graduan-de-bachilleres-CAPILLA-1-768x576.jpg 768w\" sizes=\"(max-width: 960px) 100vw, 960px\" \/><\/a>\n\t\t\t<\/dt>\n\t\t\t\t<dd class='wp-caption-text gallery-caption' id='gallery-2-522477'>\n\t\t\t\tCapilla de la Cuarta Brigada del Ej\u00e9rcito.\n\t\t\t\t<\/dd><\/dl><dl class='gallery-item'>\n\t\t\t<dt class='gallery-icon landscape'>\n\t\t\t\t<a href='https:\/\/www.medellin.gov.co\/es\/sala-de-prensa\/noticias\/en-medellin-mientras-prestan-servicio-militar-soldados-de-la-cuarta-brigada-del-ejercito-se-graduan-de-bachilleres\/imagen-soldados-de-la-cuarta-brigada-del-ejercito-se-graduan-de-bachilleres-capilla-2\/'><img width=\"960\" height=\"720\" src=\"https:\/\/www.medellin.gov.co\/es\/wp-content\/uploads\/2026\/04\/Imagen-soldados-de-la-Cuarta-Brigada-del-Ejercito-se-graduan-de-bachilleres-CAPILLA-2.jpg\" class=\"attachment-full size-full\" alt=\"Imagen soldados de la Cuarta Brigada del Ej\u00e9rcito se grad\u00faan de bachilleres CAPILLA 2\" loading=\"lazy\" srcset=\"https:\/\/www.medellin.gov.co\/es\/wp-content\/uploads\/2026\/04\/Imagen-soldados-de-la-Cuarta-Brigada-del-Ejercito-se-graduan-de-bachilleres-CAPILLA-2.jpg 960w, https:\/\/www.medellin.gov.co\/es\/wp-content\/uploads\/2026\/04\/Imagen-soldados-de-la-Cuarta-Brigada-del-Ejercito-se-graduan-de-bachilleres-CAPILLA-2-300x225.jpg 300w, https:\/\/www.medellin.gov.co\/es\/wp-content\/uploads\/2026\/04\/Imagen-soldados-de-la-Cuarta-Brigada-del-Ejercito-se-graduan-de-bachilleres-CAPILLA-2-150x113.jpg 150w, https:\/\/www.medellin.gov.co\/es\/wp-content\/uploads\/2026\/04\/Imagen-soldados-de-la-Cuarta-Brigada-del-Ejercito-se-graduan-de-bachilleres-CAPILLA-2-768x576.jpg 768w\" sizes=\"(max-width: 960px) 100vw, 960px\" \/><\/a>\n\t\t\t<\/dt><\/dl><br style=\"clear: both\" \/>\n\t\t<\/div>\n\n<p>En la ceremonia de graduaci\u00f3n lo acompa\u00f1aron un hermano y su madre. En el discurso les agradeci\u00f3 a sus superiores, a la profe Tiffany y habl\u00f3 del m\u00e9rito de sobrepasar las dificultades en el proceso acad\u00e9mico. <em>\u201cFue complicado, pero se pudo. Gracias al apoyo de esas personas o esos mandos que estuvieron ah\u00ed, pudimos lograrlo y salir adelante y nos puede ayudar para muchas cosas m\u00e1s\u201d,<\/em> dice despu\u00e9s de recordar esos meses de estudio.<\/p>\n<h4><strong>En el auditorio<\/strong><\/h4>\n<p>Santiago Londo\u00f1o Urrego parece el menor de los tres soldados, pero no lo es. Tiene 19 a\u00f1os y donde s\u00ed es el menor es en su familia. Sus padres son Luz Mary Londo\u00f1o y Bernardo David y tiene tres hermanas y un hermano.<\/p>\n<div id=\"attachment_522479\" style=\"width: 970px\" class=\"wp-caption alignnone\"><img aria-describedby=\"caption-attachment-522479\" loading=\"lazy\" class=\"wp-image-522479 size-full\" title=\"Santiago Londo\u00f1o, soldado de la Cuarta Brigada del Ej\u00e9rcito.\" src=\"https:\/\/www.medellin.gov.co\/es\/wp-content\/uploads\/2026\/04\/Imagen-soldados-de-la-Cuarta-Brigada-del-Ejercito-se-graduan-de-bachilleres-LONDONO.jpg\" alt=\"Imagen soldados de la Cuarta Brigada del Ej\u00e9rcito se grad\u00faan de bachilleres LONDONO\" width=\"960\" height=\"720\" srcset=\"https:\/\/www.medellin.gov.co\/es\/wp-content\/uploads\/2026\/04\/Imagen-soldados-de-la-Cuarta-Brigada-del-Ejercito-se-graduan-de-bachilleres-LONDONO.jpg 960w, https:\/\/www.medellin.gov.co\/es\/wp-content\/uploads\/2026\/04\/Imagen-soldados-de-la-Cuarta-Brigada-del-Ejercito-se-graduan-de-bachilleres-LONDONO-300x225.jpg 300w, https:\/\/www.medellin.gov.co\/es\/wp-content\/uploads\/2026\/04\/Imagen-soldados-de-la-Cuarta-Brigada-del-Ejercito-se-graduan-de-bachilleres-LONDONO-150x113.jpg 150w, https:\/\/www.medellin.gov.co\/es\/wp-content\/uploads\/2026\/04\/Imagen-soldados-de-la-Cuarta-Brigada-del-Ejercito-se-graduan-de-bachilleres-LONDONO-768x576.jpg 768w\" sizes=\"(max-width: 960px) 100vw, 960px\" \/><p id=\"caption-attachment-522479\" class=\"wp-caption-text\">Santiago Londo\u00f1o, soldado de la Cuarta Brigada del Ej\u00e9rcito.<\/p><\/div>\n<p>Se crio en el sector Altos de la Virgen de la comuna 13 (San Javier). No hab\u00eda pensado estar en el Ej\u00e9rcito; se proyectaba trabajando en construcci\u00f3n o en una bodega. Tiene un primo que es soldado profesional y \u00e9l lo invit\u00f3 a que entrara al Ej\u00e9rcito y terminara el bachillerato: <em>\u201cEsta experiencia es excelente\u201d,<\/em> dice Santiago. <em>\u201cLe agradezco mucho a mi primo\u201d.<\/em><\/p>\n<p>Santiago ingres\u00f3 a la instituci\u00f3n en febrero de 2025 y en agosto empez\u00f3 a cursar once al mismo tiempo que transcurr\u00eda su servicio militar: <em>\u201cRecib\u00edamos clases en el auditorio, cerca de la capilla, los lunes, martes y jueves, de 6:00 p. m. a 8:00 p. m.\u201d<\/em><\/p>\n<p>En el grado lo acompa\u00f1aron sus padres. Como su pap\u00e1 estaba de cumplea\u00f1os ese d\u00eda, fue un regalo para \u00e9l. El t\u00edtulo de bachiller es el punto de partida para sus nuevos proyectos, como el de estudiar una t\u00e9cnica en <em>software<\/em> y otra opci\u00f3n que contempla es ser soldado profesional.<\/p>\n<div id=\"attachment_522480\" style=\"width: 854px\" class=\"wp-caption alignnone\"><img aria-describedby=\"caption-attachment-522480\" loading=\"lazy\" class=\"wp-image-522480 size-full\" title=\"Entrada de la Cuarta Brigada de la S\u00e9ptima Divisi\u00f3n del Ej\u00e9rcito Nacional.\" src=\"https:\/\/www.medellin.gov.co\/es\/wp-content\/uploads\/2026\/04\/Imagen-soldados-de-la-Cuarta-Brigada-del-Ejercito-se-graduan-de-bachilleres-ENTRADA.jpg\" alt=\"Imagen soldados de la Cuarta Brigada del Ej\u00e9rcito se grad\u00faan de bachilleres ENTRADA\" width=\"844\" height=\"720\" srcset=\"https:\/\/www.medellin.gov.co\/es\/wp-content\/uploads\/2026\/04\/Imagen-soldados-de-la-Cuarta-Brigada-del-Ejercito-se-graduan-de-bachilleres-ENTRADA.jpg 844w, https:\/\/www.medellin.gov.co\/es\/wp-content\/uploads\/2026\/04\/Imagen-soldados-de-la-Cuarta-Brigada-del-Ejercito-se-graduan-de-bachilleres-ENTRADA-300x256.jpg 300w, https:\/\/www.medellin.gov.co\/es\/wp-content\/uploads\/2026\/04\/Imagen-soldados-de-la-Cuarta-Brigada-del-Ejercito-se-graduan-de-bachilleres-ENTRADA-150x128.jpg 150w, https:\/\/www.medellin.gov.co\/es\/wp-content\/uploads\/2026\/04\/Imagen-soldados-de-la-Cuarta-Brigada-del-Ejercito-se-graduan-de-bachilleres-ENTRADA-768x655.jpg 768w\" sizes=\"(max-width: 844px) 100vw, 844px\" \/><p id=\"caption-attachment-522480\" class=\"wp-caption-text\">Entrada de la Cuarta Brigada de la S\u00e9ptima Divisi\u00f3n del Ej\u00e9rcito Nacional.<\/p><\/div>\n<p>Esta tarde de viernes, un grupo de soldados hace formaci\u00f3n en la cancha de f\u00fatbol de la Cuarta Brigada. Por su parte, Weimar, Deiner y Santiago vuelven a sus actividades del servicio militar sabiendo que el grado que obtuvieron en diciembre de 2025 es un gran<\/p>\n","protected":false},"excerpt":{"rendered":"<p>Gracias al trabajo conjunto entre la Alcald\u00eda de Medell\u00edn, la Cuarta Brigada del Ej\u00e9rcito Nacional y la Corporaci\u00f3n Centro de Desarrollo Integrado -Cendi-, veinte soldados combinaron sus actividades del servicio militar con las tareas acad\u00e9micas &#8230;<\/p>\n","protected":false},"author":97,"featured_media":522486,"comment_status":"open","ping_status":"open","sticky":false,"template":"","format":"standard","meta":[],"categories":[531,4],"tags":[431],"formato_nota":[],"programas_tax":[],"acf":[],"_links":{"self":[{"href":"https:\/\/www.medellin.gov.co\/es\/wp-json\/wp\/v2\/posts\/522454"}],"collection":[{"href":"https:\/\/www.medellin.gov.co\/es\/wp-json\/wp\/v2\/posts"}],"about":[{"href":"https:\/\/www.medellin.gov.co\/es\/wp-json\/wp\/v2\/types\/post"}],"author":[{"embeddable":true,"href":"https:\/\/www.medellin.gov.co\/es\/wp-json\/wp\/v2\/users\/97"}],"replies":[{"embeddable":true,"href":"https:\/\/www.medellin.gov.co\/es\/wp-json\/wp\/v2\/comments?post=522454"}],"version-history":[{"count":4,"href":"https:\/\/www.medellin.gov.co\/es\/wp-json\/wp\/v2\/posts\/522454\/revisions"}],"predecessor-version":[{"id":523847,"href":"https:\/\/www.medellin.gov.co\/es\/wp-json\/wp\/v2\/posts\/522454\/revisions\/523847"}],"wp:featuredmedia":[{"embeddable":true,"href":"https:\/\/www.medellin.gov.co\/es\/wp-json\/wp\/v2\/media\/522486"}],"wp:attachment":[{"href":"https:\/\/www.medellin.gov.co\/es\/wp-json\/wp\/v2\/media?parent=522454"}],"wp:term":[{"taxonomy":"category","embeddable":true,"href":"https:\/\/www.medellin.gov.co\/es\/wp-json\/wp\/v2\/categories?post=522454"},{"taxonomy":"post_tag","embeddable":true,"href":"https:\/\/www.medellin.gov.co\/es\/wp-json\/wp\/v2\/tags?post=522454"},{"taxonomy":"formato_nota","embeddable":true,"href":"https:\/\/www.medellin.gov.co\/es\/wp-json\/wp\/v2\/formato_nota?post=522454"},{"taxonomy":"programas_tax","embeddable":true,"href":"https:\/\/www.medellin.gov.co\/es\/wp-json\/wp\/v2\/programas_tax?post=522454"}],"curies":[{"name":"wp","href":"https:\/\/api.w.org\/{rel}","templated":true}]}}