{"id":522457,"date":"2026-04-24T09:23:36","date_gmt":"2026-04-24T14:23:36","guid":{"rendered":"https:\/\/www.medellin.gov.co\/es\/?p=522457"},"modified":"2026-04-24T09:23:36","modified_gmt":"2026-04-24T14:23:36","slug":"la-alcaldia-de-medellin-realiza-el-primer-foro-distrital-acerca-de-la-politica-publica-de-bienestar-animal","status":"publish","type":"post","link":"https:\/\/www.medellin.gov.co\/es\/sala-de-prensa\/noticias\/la-alcaldia-de-medellin-realiza-el-primer-foro-distrital-acerca-de-la-politica-publica-de-bienestar-animal\/","title":{"rendered":"La Alcald\u00eda de Medell\u00edn realiza el primer foro distrital acerca de la pol\u00edtica p\u00fablica de bienestar animal"},"content":{"rendered":"<ul>\n<li>En el evento se abordan temas como gesti\u00f3n p\u00fablica y bio\u00e9tica, as\u00ed como fauna dom\u00e9stica, silvestre y urbana.<\/li>\n<li>Durante la actual administraci\u00f3n se han reportado 3.756 adopciones de animales de todas las especies y m\u00e1s de 55.000 personas han sido sensibilizadas en cuidado y tenencia responsable.<\/li>\n<\/ul>\n<!--[if lt IE 9]><script>document.createElement('audio');<\/script><![endif]-->\n\t<div class=\"wp-playlist wp-audio-playlist wp-playlist-light\">\n\t\t\t<div class=\"wp-playlist-current-item\"><\/div>\n\t\t<audio controls=\"controls\" preload=\"none\" width=\"640\"\n\t\t\t><\/audio>\n\t<div class=\"wp-playlist-next\"><\/div>\n\t<div class=\"wp-playlist-prev\"><\/div>\n\t<noscript>\n\t<ol>\n\t\t<li><a href='https:\/\/www.medellin.gov.co\/es\/wp-content\/uploads\/2026\/04\/Declaraciones-de-la-secretaria-de-Medio-Ambiente-Marcela-Ruiz-4.mp3'>Declaraciones de la secretaria de Medio Ambiente, Marcela Ruiz<\/a><\/li>\t<\/ol>\n\t<\/noscript>\n\t<script type=\"application\/json\" class=\"wp-playlist-script\">{\"type\":\"audio\",\"tracklist\":true,\"tracknumbers\":true,\"images\":true,\"artists\":true,\"tracks\":[{\"src\":\"https:\\\/\\\/www.medellin.gov.co\\\/es\\\/wp-content\\\/uploads\\\/2026\\\/04\\\/Declaraciones-de-la-secretaria-de-Medio-Ambiente-Marcela-Ruiz-4.mp3\",\"type\":\"audio\\\/mpeg\",\"title\":\"Declaraciones de la secretaria de Medio Ambiente, Marcela Ruiz\",\"caption\":\"\",\"description\":\"\\u00abDeclaraciones de la secretaria de Medio Ambiente, Marcela Ruiz\\u00bb.\",\"meta\":{\"genre\":\"Blues\",\"length_formatted\":\"2:32\"},\"image\":{\"src\":\"https:\\\/\\\/www.medellin.gov.co\\\/es\\\/wp-includes\\\/images\\\/media\\\/audio.png\",\"width\":48,\"height\":64},\"thumb\":{\"src\":\"https:\\\/\\\/www.medellin.gov.co\\\/es\\\/wp-includes\\\/images\\\/media\\\/audio.png\",\"width\":48,\"height\":64}}]}<\/script>\n<\/div>\n\t\n<p>La capital antioque\u00f1a es escenario del primer foro distrital \u201c<a href=\"https:\/\/www.instagram.com\/alcaldiademed\/?hl=es-la\" target=\"_blank\" rel=\"noopener\">Medell\u00edn<\/a> habla por el bienestar animal\u201d, un espacio t\u00e9cnico y participativo que dejar\u00e1 insumos clave para fortalecer el diagn\u00f3stico de la Pol\u00edtica P\u00fablica de Protecci\u00f3n y Bienestar Animal. El encuentro se realiza en Plaza Mayor y re\u00fane a cerca de 150 asistentes, entre instituciones, academia, expertos y ciudadan\u00eda.<\/p>\n<p>Para la jornada, que inici\u00f3 a las 7:30 a. m., se programaron charlas magistrales, un panel de expertos y mesas t\u00e9cnicas de trabajo que permitir\u00e1n analizar este tema p\u00fablico y las prioridades estrat\u00e9gicas para el Distrito.<\/p>\n<p><a href=\"https:\/\/www.medellin.gov.co\/es\/wp-content\/uploads\/2026\/04\/Imagen-de-un-perro.jpg\" target=\"_blank\" rel=\"noopener\"><img loading=\"lazy\" class=\"alignnone wp-image-522295 size-full\" title=\"Imagen de un perro\" src=\"https:\/\/www.medellin.gov.co\/es\/wp-content\/uploads\/2026\/04\/Imagen-de-un-perro.jpg\" alt=\"Imagen de un perro\" width=\"1141\" height=\"760\" srcset=\"https:\/\/www.medellin.gov.co\/es\/wp-content\/uploads\/2026\/04\/Imagen-de-un-perro.jpg 1141w, https:\/\/www.medellin.gov.co\/es\/wp-content\/uploads\/2026\/04\/Imagen-de-un-perro-300x200.jpg 300w, https:\/\/www.medellin.gov.co\/es\/wp-content\/uploads\/2026\/04\/Imagen-de-un-perro-1024x682.jpg 1024w, https:\/\/www.medellin.gov.co\/es\/wp-content\/uploads\/2026\/04\/Imagen-de-un-perro-150x100.jpg 150w, https:\/\/www.medellin.gov.co\/es\/wp-content\/uploads\/2026\/04\/Imagen-de-un-perro-768x512.jpg 768w\" sizes=\"(max-width: 1141px) 100vw, 1141px\" \/><\/a><\/p>\n<p>\u201c<em>Nos encontramos en la formulaci\u00f3n de la Pol\u00edtica P\u00fablica de Bienestar Animal de Medell\u00edn, una oportunidad muy grande para fortalecer la gobernanza y cumplir con la funci\u00f3n que tenemos, como Estado y como sociedad, de garantizar relaciones adecuadas con los animales, en raz\u00f3n de que son seres sintientes y que, por supuesto, coexistimos con ellos en la ciudad y en el territorio<\/em>\u201d, dijo la secretaria de Medio Ambiente, Marcela Ruiz.<\/p>\n<p>En el evento se abordan los enfoques contempor\u00e1neos de bienestar animal, la gesti\u00f3n p\u00fablica y la gobernanza, as\u00ed como el an\u00e1lisis de la fauna dom\u00e9stica, sinantr\u00f3pica (especies que habitan en ecosistemas urbanos) y silvestre. Tambi\u00e9n, se discuten aspectos como la relaci\u00f3n humano-animal, la bio\u00e9tica y la construcci\u00f3n de soluciones desde el territorio.<\/p>\n<p><a href=\"https:\/\/www.medellin.gov.co\/es\/wp-content\/uploads\/2026\/04\/Imagen-de-funcionario-y-asistentes-a-evento.jpg\" target=\"_blank\" rel=\"noopener\"><img loading=\"lazy\" class=\"alignnone wp-image-522301 size-full\" title=\"funcionario y asistentes a evento\" src=\"https:\/\/www.medellin.gov.co\/es\/wp-content\/uploads\/2026\/04\/Imagen-de-funcionario-y-asistentes-a-evento.jpg\" alt=\"Imagen de funcionario y asistentes a evento\" width=\"1280\" height=\"720\" srcset=\"https:\/\/www.medellin.gov.co\/es\/wp-content\/uploads\/2026\/04\/Imagen-de-funcionario-y-asistentes-a-evento.jpg 1280w, https:\/\/www.medellin.gov.co\/es\/wp-content\/uploads\/2026\/04\/Imagen-de-funcionario-y-asistentes-a-evento-300x169.jpg 300w, https:\/\/www.medellin.gov.co\/es\/wp-content\/uploads\/2026\/04\/Imagen-de-funcionario-y-asistentes-a-evento-1024x576.jpg 1024w, https:\/\/www.medellin.gov.co\/es\/wp-content\/uploads\/2026\/04\/Imagen-de-funcionario-y-asistentes-a-evento-150x84.jpg 150w, https:\/\/www.medellin.gov.co\/es\/wp-content\/uploads\/2026\/04\/Imagen-de-funcionario-y-asistentes-a-evento-768x432.jpg 768w\" sizes=\"(max-width: 1280px) 100vw, 1280px\" \/><\/a><\/p>\n<p>El foro permitir\u00e1 validar avances del diagn\u00f3stico preliminar, identificar vac\u00edos de informaci\u00f3n y recoger aportes t\u00e9cnicos y ciudadanos para la formulaci\u00f3n de esta hoja de ruta, con una visi\u00f3n de sostenibilidad y econom\u00eda circular.<\/p>\n<p>En la actual administraci\u00f3n se han logrado 3.756 adopciones de animales de todas las especies y sensibilizado a m\u00e1s de 55.000 personas. Adem\u00e1s, en La Perla se han generado 498.324 kilogramos de compostaje y, a trav\u00e9s del monitoreo con c\u00e1maras trampa, se han registrado m\u00e1s de 80 especies de fauna silvestre.<\/p>\n<p>De esta manera, Medell\u00edn avanza con una pol\u00edtica p\u00fablica basada en evidencia, participaci\u00f3n y articulaci\u00f3n institucional, orientada a la protecci\u00f3n animal, la biodiversidad y la construcci\u00f3n de una cultura ciudadana m\u00e1s consciente.<\/p>\n","protected":false},"excerpt":{"rendered":"<p>En el evento se abordan temas como gesti\u00f3n p\u00fablica y bio\u00e9tica, as\u00ed como fauna dom\u00e9stica, silvestre y urbana. Durante la actual administraci\u00f3n se han reportado 3.756 adopciones de animales de todas las especies y m\u00e1s &#8230;<\/p>\n","protected":false},"author":21,"featured_media":522318,"comment_status":"open","ping_status":"open","sticky":false,"template":"","format":"standard","meta":[],"categories":[13],"tags":[428,436],"formato_nota":[],"programas_tax":[],"acf":[],"_links":{"self":[{"href":"https:\/\/www.medellin.gov.co\/es\/wp-json\/wp\/v2\/posts\/522457"}],"collection":[{"href":"https:\/\/www.medellin.gov.co\/es\/wp-json\/wp\/v2\/posts"}],"about":[{"href":"https:\/\/www.medellin.gov.co\/es\/wp-json\/wp\/v2\/types\/post"}],"author":[{"embeddable":true,"href":"https:\/\/www.medellin.gov.co\/es\/wp-json\/wp\/v2\/users\/21"}],"replies":[{"embeddable":true,"href":"https:\/\/www.medellin.gov.co\/es\/wp-json\/wp\/v2\/comments?post=522457"}],"version-history":[{"count":1,"href":"https:\/\/www.medellin.gov.co\/es\/wp-json\/wp\/v2\/posts\/522457\/revisions"}],"predecessor-version":[{"id":522470,"href":"https:\/\/www.medellin.gov.co\/es\/wp-json\/wp\/v2\/posts\/522457\/revisions\/522470"}],"wp:featuredmedia":[{"embeddable":true,"href":"https:\/\/www.medellin.gov.co\/es\/wp-json\/wp\/v2\/media\/522318"}],"wp:attachment":[{"href":"https:\/\/www.medellin.gov.co\/es\/wp-json\/wp\/v2\/media?parent=522457"}],"wp:term":[{"taxonomy":"category","embeddable":true,"href":"https:\/\/www.medellin.gov.co\/es\/wp-json\/wp\/v2\/categories?post=522457"},{"taxonomy":"post_tag","embeddable":true,"href":"https:\/\/www.medellin.gov.co\/es\/wp-json\/wp\/v2\/tags?post=522457"},{"taxonomy":"formato_nota","embeddable":true,"href":"https:\/\/www.medellin.gov.co\/es\/wp-json\/wp\/v2\/formato_nota?post=522457"},{"taxonomy":"programas_tax","embeddable":true,"href":"https:\/\/www.medellin.gov.co\/es\/wp-json\/wp\/v2\/programas_tax?post=522457"}],"curies":[{"name":"wp","href":"https:\/\/api.w.org\/{rel}","templated":true}]}}