{"id":522473,"date":"2026-04-24T09:28:33","date_gmt":"2026-04-24T14:28:33","guid":{"rendered":"https:\/\/www.medellin.gov.co\/es\/?p=522473"},"modified":"2026-04-24T09:28:33","modified_gmt":"2026-04-24T14:28:33","slug":"medellin-acoge-por-primera-vez-un-encuentro-internacional-de-parques-cientificos-y-de-innovacion","status":"publish","type":"post","link":"https:\/\/www.medellin.gov.co\/es\/sala-de-prensa\/noticias\/medellin-acoge-por-primera-vez-un-encuentro-internacional-de-parques-cientificos-y-de-innovacion\/","title":{"rendered":"Medell\u00edn acoge por primera vez un encuentro internacional de parques cient\u00edficos y de innovaci\u00f3n"},"content":{"rendered":"<ul>\n<li>Delegados de seis pa\u00edses se re\u00fanen en este espacio creado por la IASP en alianza con <a href=\"https:\/\/rutanmedellin.org\/\" target=\"_blank\" rel=\"noopener\">Ruta N<\/a>.<\/li>\n<li>La agenda aborda tem\u00e1ticas relacionadas con DeepTech y distritos de innovaci\u00f3n.<\/li>\n<\/ul>\n<!--[if lt IE 9]><script>document.createElement('audio');<\/script><![endif]-->\n\t<div class=\"wp-playlist wp-audio-playlist wp-playlist-light\">\n\t\t\t<div class=\"wp-playlist-current-item\"><\/div>\n\t\t<audio controls=\"controls\" preload=\"none\" width=\"640\"\n\t\t\t><\/audio>\n\t<div class=\"wp-playlist-next\"><\/div>\n\t<div class=\"wp-playlist-prev\"><\/div>\n\t<noscript>\n\t<ol>\n\t\t<li><a href='https:\/\/www.medellin.gov.co\/es\/wp-content\/uploads\/2026\/04\/Declaraciones-de-la-directora-ejecutiva-de-Ruta-N-Carolina-Londono.mp3'>Declaraciones de la directora ejecutiva de Ruta N, Carolina Londo\u00f1o<\/a><\/li><li><a href='https:\/\/www.medellin.gov.co\/es\/wp-content\/uploads\/2026\/04\/Declaraciones-de-la-CEO-de-la-Asociacion-Internacional-de-Parques-Cientificos-y-Areas-de-Innovacion-IASP-Ebba-Lund.mp3'>Declaraciones de la CEO de la Asociaci\u00f3n Internacional de Parques Cient\u00edficos y \u00c1reas de Innovaci\u00f3n (IASP), Ebba Lund<\/a><\/li>\t<\/ol>\n\t<\/noscript>\n\t<script type=\"application\/json\" class=\"wp-playlist-script\">{\"type\":\"audio\",\"tracklist\":true,\"tracknumbers\":true,\"images\":true,\"artists\":true,\"tracks\":[{\"src\":\"https:\\\/\\\/www.medellin.gov.co\\\/es\\\/wp-content\\\/uploads\\\/2026\\\/04\\\/Declaraciones-de-la-directora-ejecutiva-de-Ruta-N-Carolina-Londono.mp3\",\"type\":\"audio\\\/mpeg\",\"title\":\"Declaraciones de la directora ejecutiva de Ruta N, Carolina Londo\\u00f1o\",\"caption\":\"\",\"description\":\"\\u00abDeclaraciones de la directora ejecutiva de Ruta N, Carolina Londo\\u00f1o\\u00bb. \",\"meta\":{\"genre\":\"Blues\",\"length_formatted\":\"0:49\"},\"image\":{\"src\":\"https:\\\/\\\/www.medellin.gov.co\\\/es\\\/wp-includes\\\/images\\\/media\\\/audio.png\",\"width\":48,\"height\":64},\"thumb\":{\"src\":\"https:\\\/\\\/www.medellin.gov.co\\\/es\\\/wp-includes\\\/images\\\/media\\\/audio.png\",\"width\":48,\"height\":64}},{\"src\":\"https:\\\/\\\/www.medellin.gov.co\\\/es\\\/wp-content\\\/uploads\\\/2026\\\/04\\\/Declaraciones-de-la-CEO-de-la-Asociacion-Internacional-de-Parques-Cientificos-y-Areas-de-Innovacion-IASP-Ebba-Lund.mp3\",\"type\":\"audio\\\/mpeg\",\"title\":\"Declaraciones de la CEO de la Asociaci\\u00f3n Internacional de Parques Cient\\u00edficos y \\u00c1reas de Innovaci\\u00f3n (IASP), Ebba Lund\",\"caption\":\"\",\"description\":\"\\u00abDeclaraciones de la CEO de la Asociaci\\u00f3n Internacional de Parques Cient\\u00edficos y \\u00c1reas de Innovaci\\u00f3n (IASP), Ebba Lund\\u00bb. G\\u00e9nero: Blues.\",\"meta\":{\"genre\":\"Blues\",\"length_formatted\":\"0:59\"},\"image\":{\"src\":\"https:\\\/\\\/www.medellin.gov.co\\\/es\\\/wp-includes\\\/images\\\/media\\\/audio.png\",\"width\":48,\"height\":64},\"thumb\":{\"src\":\"https:\\\/\\\/www.medellin.gov.co\\\/es\\\/wp-includes\\\/images\\\/media\\\/audio.png\",\"width\":48,\"height\":64}}]}<\/script>\n<\/div>\n\t\n<p>Por primera vez, Medell\u00edn es sede del encuentro regional de la Asociaci\u00f3n Internacional de Parques Cient\u00edficos y \u00c1reas de Innovaci\u00f3n (IASP), que re\u00fane a representantes de Brasil, Cuba, Argentina, Espa\u00f1a, Panam\u00e1 y Colombia para compartir experiencias y oportunidades de cooperaci\u00f3n en ecosistemas de innovaci\u00f3n.<\/p>\n<p>El evento, el 23 y 24 de abril en Ruta N, permite el fortalecimiento de las redes internacionales de innovaci\u00f3n en la regi\u00f3n. Actualmente, Ruta N es uno de los dos representantes de Colombia en esta red global y forma parte de la comunidad de Distritos de Innovaci\u00f3n con su estrategia FutuMed, la primera Zona de Tratamiento Especial del Distrito.<\/p>\n<p><a href=\"https:\/\/www.medellin.gov.co\/es\/wp-content\/uploads\/2026\/04\/Imagen-de-evento-de-Ruta-N.jpg\" target=\"_blank\" rel=\"noopener\"><img loading=\"lazy\" class=\"alignnone wp-image-522311 size-full\" title=\"evento de Ruta N\" src=\"https:\/\/www.medellin.gov.co\/es\/wp-content\/uploads\/2026\/04\/Imagen-de-evento-de-Ruta-N.jpg\" alt=\"Imagen de evento de Ruta N\" width=\"1280\" height=\"720\" srcset=\"https:\/\/www.medellin.gov.co\/es\/wp-content\/uploads\/2026\/04\/Imagen-de-evento-de-Ruta-N.jpg 1280w, https:\/\/www.medellin.gov.co\/es\/wp-content\/uploads\/2026\/04\/Imagen-de-evento-de-Ruta-N-300x169.jpg 300w, https:\/\/www.medellin.gov.co\/es\/wp-content\/uploads\/2026\/04\/Imagen-de-evento-de-Ruta-N-1024x576.jpg 1024w, https:\/\/www.medellin.gov.co\/es\/wp-content\/uploads\/2026\/04\/Imagen-de-evento-de-Ruta-N-150x84.jpg 150w, https:\/\/www.medellin.gov.co\/es\/wp-content\/uploads\/2026\/04\/Imagen-de-evento-de-Ruta-N-768x432.jpg 768w\" sizes=\"(max-width: 1280px) 100vw, 1280px\" \/><\/a><\/p>\n<p>\u00ab<em>Esta red est\u00e1 conformada por m\u00e1s de 80 pa\u00edses. Este es un espacio donde esperamos tener muchas conexiones de valor, hablar de lo que est\u00e1 pasando en todas las regiones, compartir experiencias y potenciar al Distrito de Ciencia, Tecnolog\u00eda e Innovaci\u00f3n. Las zonas de tratamiento especial son una oportunidad disruptiva para el desarrollo econ\u00f3mico y social con ciencia, tecnolog\u00eda e innovaci\u00f3n<\/em>\u00ab, dijo la directora ejecutiva de Ruta N, Carolina Londo\u00f1o.<\/p>\n<p>Para Medell\u00edn, la realizaci\u00f3n de este encuentro representa una oportunidad para proyectar sus capacidades institucionales y tecnol\u00f3gicas, fortalecer su posicionamiento como referente mundial en innovaci\u00f3n y consolidar su conexi\u00f3n con redes globales de conocimiento e inversi\u00f3n.<\/p>\n<p>\u00ab<em>Una de las cosas m\u00e1s valiosas de esta red es la colaboraci\u00f3n entre distintos espacios de innovaci\u00f3n de nuestras ciudades y regiones, como es el caso de Ruta N. Funcionamos como una plataforma de intercambio de conocimiento y tambi\u00e9n como un observatorio global. En ese contexto, destacamos la importancia de FutuMed, que funciona como un laboratorio vivo para validar tecnolog\u00edas con y para los ciudadanos, lo que es realmente clave<\/em>\u00ab, indic\u00f3 la CEO de la IASP, Ebba Lund.<\/p>\n<p><a href=\"https:\/\/www.medellin.gov.co\/es\/wp-content\/uploads\/2026\/04\/Imagen-de-evento-en-Ruta-N.jpg\" target=\"_blank\" rel=\"noopener\"><img loading=\"lazy\" class=\"alignnone wp-image-522321 size-full\" title=\"evento en Ruta N\" src=\"https:\/\/www.medellin.gov.co\/es\/wp-content\/uploads\/2026\/04\/Imagen-de-evento-en-Ruta-N.jpg\" alt=\"Imagen de evento en Ruta N\" width=\"1280\" height=\"720\" srcset=\"https:\/\/www.medellin.gov.co\/es\/wp-content\/uploads\/2026\/04\/Imagen-de-evento-en-Ruta-N.jpg 1280w, https:\/\/www.medellin.gov.co\/es\/wp-content\/uploads\/2026\/04\/Imagen-de-evento-en-Ruta-N-300x169.jpg 300w, https:\/\/www.medellin.gov.co\/es\/wp-content\/uploads\/2026\/04\/Imagen-de-evento-en-Ruta-N-1024x576.jpg 1024w, https:\/\/www.medellin.gov.co\/es\/wp-content\/uploads\/2026\/04\/Imagen-de-evento-en-Ruta-N-150x84.jpg 150w, https:\/\/www.medellin.gov.co\/es\/wp-content\/uploads\/2026\/04\/Imagen-de-evento-en-Ruta-N-768x432.jpg 768w\" sizes=\"(max-width: 1280px) 100vw, 1280px\" \/><\/a><\/p>\n<p>La agenda del primer d\u00eda se centra en dos ejes tem\u00e1ticos: espacios innovadores y DeepTech (tecnolog\u00edas fundamentadas en descubrimientos cient\u00edficos e innovaciones disruptivas). La jornada incluye la participaci\u00f3n de l\u00edderes internacionales de la IASP, la presentaci\u00f3n de la estrategia de desarrollo econ\u00f3mico de Medell\u00edn y la de Ruta N con \u00e9nfasis en FutuMed, adem\u00e1s de conferencias y paneles sobre distritos de innovaci\u00f3n, financiamiento territorial y colaboraci\u00f3n. Las discusiones giran en torno a la identificaci\u00f3n, incubaci\u00f3n, aceleraci\u00f3n y financiamiento de startups DeepTech, as\u00ed como la presentaci\u00f3n de casos de \u00e9xito del ecosistema local.<\/p>\n<p>El segundo d\u00eda se llevar\u00e1 a cabo un recorrido por el Distrito de Innovaci\u00f3n FutuMed para evidenciar la articulaci\u00f3n entre la academia, las empresas y el Estado en los campos de ciencia, tecnolog\u00eda, sostenibilidad y ciudad. Visitar\u00e1n el complejo de Ruta N, el Hospital San Vicente Fundaci\u00f3n, el Jard\u00edn Bot\u00e1nico de Medell\u00edn y el Parque Explora, entre otros.<\/p>\n<p>De esta manera, Ruta N reafirma su rol como l\u00edder y articulador del ecosistema de innovaci\u00f3n para el desarrollo de proyectos a trav\u00e9s de alianzas internacionales y ser un puente para lograr el crecimiento de las empresas locales.<\/p>\n","protected":false},"excerpt":{"rendered":"<p>Delegados de seis pa\u00edses se re\u00fanen en este espacio creado por la IASP en alianza con Ruta N. La agenda aborda tem\u00e1ticas relacionadas con DeepTech y distritos de innovaci\u00f3n. Por primera vez, Medell\u00edn es sede &#8230;<\/p>\n","protected":false},"author":21,"featured_media":522302,"comment_status":"open","ping_status":"open","sticky":false,"template":"","format":"standard","meta":[],"categories":[747],"tags":[634,428,692],"formato_nota":[],"programas_tax":[],"acf":[],"_links":{"self":[{"href":"https:\/\/www.medellin.gov.co\/es\/wp-json\/wp\/v2\/posts\/522473"}],"collection":[{"href":"https:\/\/www.medellin.gov.co\/es\/wp-json\/wp\/v2\/posts"}],"about":[{"href":"https:\/\/www.medellin.gov.co\/es\/wp-json\/wp\/v2\/types\/post"}],"author":[{"embeddable":true,"href":"https:\/\/www.medellin.gov.co\/es\/wp-json\/wp\/v2\/users\/21"}],"replies":[{"embeddable":true,"href":"https:\/\/www.medellin.gov.co\/es\/wp-json\/wp\/v2\/comments?post=522473"}],"version-history":[{"count":1,"href":"https:\/\/www.medellin.gov.co\/es\/wp-json\/wp\/v2\/posts\/522473\/revisions"}],"predecessor-version":[{"id":522481,"href":"https:\/\/www.medellin.gov.co\/es\/wp-json\/wp\/v2\/posts\/522473\/revisions\/522481"}],"wp:featuredmedia":[{"embeddable":true,"href":"https:\/\/www.medellin.gov.co\/es\/wp-json\/wp\/v2\/media\/522302"}],"wp:attachment":[{"href":"https:\/\/www.medellin.gov.co\/es\/wp-json\/wp\/v2\/media?parent=522473"}],"wp:term":[{"taxonomy":"category","embeddable":true,"href":"https:\/\/www.medellin.gov.co\/es\/wp-json\/wp\/v2\/categories?post=522473"},{"taxonomy":"post_tag","embeddable":true,"href":"https:\/\/www.medellin.gov.co\/es\/wp-json\/wp\/v2\/tags?post=522473"},{"taxonomy":"formato_nota","embeddable":true,"href":"https:\/\/www.medellin.gov.co\/es\/wp-json\/wp\/v2\/formato_nota?post=522473"},{"taxonomy":"programas_tax","embeddable":true,"href":"https:\/\/www.medellin.gov.co\/es\/wp-json\/wp\/v2\/programas_tax?post=522473"}],"curies":[{"name":"wp","href":"https:\/\/api.w.org\/{rel}","templated":true}]}}