{"id":52262,"date":"2021-11-07T00:00:00","date_gmt":"2021-11-07T05:00:00","guid":{"rendered":"https:\/\/www.medellin.gov.co\/es\/saladeprensa\/noticias\/medellin-fue-elegida-por-el-ministerio-del-deporte-como-sede-de-la-fase-regional-de-los-juegos-intercolegiados\/"},"modified":"2022-03-27T21:54:34","modified_gmt":"2022-03-28T02:54:34","slug":"medellin-fue-elegida-por-el-ministerio-del-deporte-como-sede-de-la-fase-regional-de-los-juegos-intercolegiados","status":"publish","type":"post","link":"https:\/\/www.medellin.gov.co\/es\/sala-de-prensa\/noticias\/medellin-fue-elegida-por-el-ministerio-del-deporte-como-sede-de-la-fase-regional-de-los-juegos-intercolegiados\/","title":{"rendered":"Medell\u00edn fue elegida por el Ministerio del Deporte como sede de la fase regional de los Juegos Intercolegiados"},"content":{"rendered":"<p><span style=\"vertical-align: inherit;\"><span style=\"vertical-align: inherit;\"><\/p>\n<div class=\"wrap contenido\">\n<div class=\"noticia\">\n<div class=\"imagen\">\n<div class=\"divContImageNoticia input_plantilla input_background\" data-input=\"fotografia\" ruta=\"\/galerias\/Imagenes\/Galer\u00eda d\u00eda a d\u00eda 2021\/500_400\/20211107-Intercolegiados-1.jpg\" fotografo=\"Foto Alcald\u00eda de Medell\u00edn\" descripcion=\"Medell\u00edn fue elegida por el Ministerio del Deporte como sede de la fase regional de los Juegos Intercolegiados.\" style=\"background-image:url('\/irj\/go\/km\/docs\/galerias\/Imagenes\/Galer\u00eda d\u00eda a d\u00eda 2021\/500_400\/20211107-Intercolegiados-1.jpg')\"><\/div>\n<p class=\"pMetaDesc\">Foto: Medell\u00edn fue elegida por el Ministerio del Deporte como sede de la fase regional de los Juegos Intercolegiados.<\/p>\n<p class=\"pMetaFotografo\">Fot\u00f3grafo: Foto Alcald\u00eda de Medell\u00edn<\/p>\n<\/div>\n<p class=\"fecha\"><span class=\"input_plantilla input_text\" data-input=\"fecha\">2021-11-07<\/span><\/p>\n<p><span itemprop=\"name\" class=\"input_plantilla input_text\" data-input=\"titulo\">Medell\u00edn fue elegida por el Ministerio del Deporte como sede de la fase regional de los Juegos Intercolegiados<\/span><\/p>\n<h5 class=\"input_plantilla input_text\" data-input=\"autor\">Por Diego Giraldo Parra<\/h5>\n<div class=\"cuerpo input_plantilla input_area\" data-input=\"contenido\">\n<p>.: Las justas deportivas se cumplir\u00e1n del 8 al 12 de diciembre en diferentes escenarios de la capital antioque\u00f1a.<\/p>\n<p>.: En competencia se tendr\u00e1n cinco disciplinas deportivas de conjunto con m\u00e1s de 700 deportistas de 13 a 17 a\u00f1os, de cuatro departamentos.<\/p>\n<p>.: Medell\u00edn se postul\u00f3 junto con Manizales. Escenarios como&nbsp; las Unidades de Bel\u00e9n, y la Atanasio Girardot fueron determinantes en la elecci\u00f3n de la ciudad.<\/p>\n<p>M\u00e1s de 700 deportistas de los departamentos de Antioquia, Caldas, Quind\u00edo y Risaralda se dar\u00e1n cita en Medell\u00edn para disputar la fase regional eje cafetero de los Juegos Intercolegiados. Medell\u00edn fue elegida por el Ministerio del Deporte como sede por su capacidad instalada y escenarios deportivos.<\/p>\n<p>\u201c<em>Lo que buscamos desde el Instituto es la reactivaci\u00f3n psicol\u00f3gica y econ\u00f3mica de la ciudad y que seamos part\u00edcipes en temas deportivos. Por eso, le apostamos al tema intercolegiado y escolar donde somos potencia en el sector educativo (&#8230;) La ventaja es para la ciudad, porque en este tema de pasar la pandemia un poco, es permitirnos reactivarnos, de hacer unos procesos a nivel nacional y apostarle tambi\u00e9n a un tema internacional. Es mostrar la ciudad como eje a nivel deportivo y volvernos a mostrarnos competitivos en el deporte<\/em>\u201d, expres\u00f3 Isabela Luna, subdirectora de Fomento del INDER Medell\u00edn.<\/p>\n<p>Ser\u00e1n cinco deportes en competencia: f\u00fatbol, f\u00fatbol sala, f\u00fatbol de sal\u00f3n, baloncesto y voleibol. Los deportistas son de instituciones educativas de los cuatro departamentos en menci\u00f3n, 30 de ellos de Medell\u00edn, en las categor\u00edas prejuvenil (13 a 14 a\u00f1os) y juvenil (15 a 17 a\u00f1os).<\/p>\n<p><a data-mce-href=\"\/irj\/go\/km\/docs\/galerias\/Imagenes\/Galer%C3%ADa%20d%C3%ADa%20a%20d%C3%ADa%202021\/20211107-Intercolegiados-2.JPG\" href=\"\/irj\/go\/km\/docs\/galerias\/Imagenes\/Galer%C3%ADa%20d%C3%ADa%20a%20d%C3%ADa%202021\/20211107-Intercolegiados-2.JPG\" title=\"Medell\u00edn fue elegida por el Ministerio del Deporte como sede de la fase regional de los Juegos Intercolegiados\" target=\"_blank\" rel=\"noopener\"><img src=\"\/irj\/go\/km\/docs\/galerias\/Imagenes\/Galer%C3%ADa%20d%C3%ADa%20a%20d%C3%ADa%202021\/1000_450\/20211107-Intercolegiados-2.jpg\" alt=\"Medell\u00edn fue elegida por el Ministerio del Deporte como sede de la fase regional de los Juegos Intercolegiados\" width=\"100%\"><\/a><br data-mce-bogus=\"1\"><\/p>\n<p>Una comisi\u00f3n del Ministerio del Deporte hizo una visita recientemente a la ciudad para observar los escenarios susceptibles de ser usados durante las justas. Recorrieron el coliseo Iv\u00e1n de Bedout, la cancha Marte No. 1, la UVA Huellas de Vida y la unidad deportiva de Bel\u00e9n.<\/p>\n<p>\u201c<em>Para la regi\u00f3n eje cafetero se postul\u00f3 Manizales, y Medell\u00edn, se hicieron las validaciones de escenarios, hoteler\u00eda y por temas de reactivaci\u00f3n econ\u00f3mica segura, Medell\u00edn fue la que nos ofreci\u00f3 las mejores condiciones para albergar a los deportistas y los servicios asociados a un evento deportivo<\/em>\u201d, expres\u00f3 Bernardo Ardila, coordinador del programa Juegos Intercolegiados del Ministerio del Deporte.<\/p>\n<p>Los campeones en cada una de las disciplinas en Medell\u00edn ganan el derecho de participar en la fase final nacional de los juegos intercolegiados frente a los mejores de los otros departamentos. Estas competencias se disputar\u00e1n en marzo de 2022 en la ciudad de Bogot\u00e1.<\/p>\n<\/div>\n<div class=\"compartir\">Compartir en:<a title=\"\" href=\"http:\/\/www.facebook.com\/share.php?u=\" class=\"btCompartirFacebook btCompartir\" target=\"_blank\" rel=\"noopener\"><\/a><a title=\"\" href=\"http:\/\/twitter.com\/home?status=Haz%20clic%20para%20ver%20esta%20noticia%20en%20\" class=\"btCompartirTwitter btCompartir\"><\/a><a title=\"\" href=\"whatsapp:\/\/send?text=Haz%20clic%20para%20ver%20esta%20noticia%20en%20\" class=\"btCompartirWa btCompartir\"><\/a><\/div>\n<\/div>\n<p><script>try{comprobarImagen();fixBtnRedes();hitsMedellin();}catch(e){}<\/script><\/div>\n<p><\/span><\/span><\/p>\n","protected":false},"excerpt":{"rendered":"<p>Foto: Medell\u00edn fue elegida por el Ministerio del Deporte como sede de la fase regional de los Juegos Intercolegiados. Fot\u00f3grafo: Foto Alcald\u00eda de Medell\u00edn 2021-11-07 Medell\u00edn fue elegida por el Ministerio del Deporte como sede &#8230;<\/p>\n","protected":false},"author":1,"featured_media":56889,"comment_status":"open","ping_status":"open","sticky":false,"template":"","format":"standard","meta":[],"categories":[4,8,17],"tags":[453,455],"formato_nota":[],"programas_tax":[],"acf":[],"_links":{"self":[{"href":"https:\/\/www.medellin.gov.co\/es\/wp-json\/wp\/v2\/posts\/52262"}],"collection":[{"href":"https:\/\/www.medellin.gov.co\/es\/wp-json\/wp\/v2\/posts"}],"about":[{"href":"https:\/\/www.medellin.gov.co\/es\/wp-json\/wp\/v2\/types\/post"}],"author":[{"embeddable":true,"href":"https:\/\/www.medellin.gov.co\/es\/wp-json\/wp\/v2\/users\/1"}],"replies":[{"embeddable":true,"href":"https:\/\/www.medellin.gov.co\/es\/wp-json\/wp\/v2\/comments?post=52262"}],"version-history":[{"count":1,"href":"https:\/\/www.medellin.gov.co\/es\/wp-json\/wp\/v2\/posts\/52262\/revisions"}],"predecessor-version":[{"id":53732,"href":"https:\/\/www.medellin.gov.co\/es\/wp-json\/wp\/v2\/posts\/52262\/revisions\/53732"}],"wp:featuredmedia":[{"embeddable":true,"href":"https:\/\/www.medellin.gov.co\/es\/wp-json\/wp\/v2\/media\/56889"}],"wp:attachment":[{"href":"https:\/\/www.medellin.gov.co\/es\/wp-json\/wp\/v2\/media?parent=52262"}],"wp:term":[{"taxonomy":"category","embeddable":true,"href":"https:\/\/www.medellin.gov.co\/es\/wp-json\/wp\/v2\/categories?post=52262"},{"taxonomy":"post_tag","embeddable":true,"href":"https:\/\/www.medellin.gov.co\/es\/wp-json\/wp\/v2\/tags?post=52262"},{"taxonomy":"formato_nota","embeddable":true,"href":"https:\/\/www.medellin.gov.co\/es\/wp-json\/wp\/v2\/formato_nota?post=52262"},{"taxonomy":"programas_tax","embeddable":true,"href":"https:\/\/www.medellin.gov.co\/es\/wp-json\/wp\/v2\/programas_tax?post=52262"}],"curies":[{"name":"wp","href":"https:\/\/api.w.org\/{rel}","templated":true}]}}