{"id":522756,"date":"2026-04-24T15:02:59","date_gmt":"2026-04-24T20:02:59","guid":{"rendered":"https:\/\/www.medellin.gov.co\/es\/?p=522756"},"modified":"2026-04-24T15:02:59","modified_gmt":"2026-04-24T20:02:59","slug":"medellin-se-suma-a-la-nueva-jornada-nacional-de-vacunacion-este-25-de-abril-con-mas-de-80-puntos-habilitados","status":"publish","type":"post","link":"https:\/\/www.medellin.gov.co\/es\/sala-de-prensa\/noticias\/medellin-se-suma-a-la-nueva-jornada-nacional-de-vacunacion-este-25-de-abril-con-mas-de-80-puntos-habilitados\/","title":{"rendered":"Medell\u00edn se suma a la nueva Jornada Nacional de Vacunaci\u00f3n, este 25 de abril, con m\u00e1s de 80 puntos habilitados"},"content":{"rendered":"<p><a href=\"https:\/\/www.instagram.com\/alcaldiademed\/?hl=es-la\" target=\"_blank\" rel=\"noopener\">Medell\u00edn<\/a> se une a la segunda Jornada Nacional de Vacunaci\u00f3n de este a\u00f1o, el pr\u00f3ximo s\u00e1bado 25 de abril, en la que estar\u00e1n disponibles sin costo todas las vacunas del esquema regular, como parte de la estrategia para fortalecer las coberturas y prevenir enfermedades inmunoprevenibles.<\/p>\n<!--[if lt IE 9]><script>document.createElement('audio');<\/script><![endif]-->\n\t<div class=\"wp-playlist wp-audio-playlist wp-playlist-light\">\n\t\t\t<div class=\"wp-playlist-current-item\"><\/div>\n\t\t<audio controls=\"controls\" preload=\"none\" width=\"640\"\n\t\t\t><\/audio>\n\t<div class=\"wp-playlist-next\"><\/div>\n\t<div class=\"wp-playlist-prev\"><\/div>\n\t<noscript>\n\t<ol>\n\t\t<li><a href='https:\/\/www.medellin.gov.co\/es\/wp-content\/uploads\/2026\/04\/Declaraciones-de-la-subsecretaria-e-de-Salud-Publica-Rita-Almanza-1.mp3'>Declaraciones de la subsecretaria (e) de Salud P\u00fablica, Rita Almanza<\/a><\/li>\t<\/ol>\n\t<\/noscript>\n\t<script type=\"application\/json\" class=\"wp-playlist-script\">{\"type\":\"audio\",\"tracklist\":true,\"tracknumbers\":true,\"images\":true,\"artists\":true,\"tracks\":[{\"src\":\"https:\\\/\\\/www.medellin.gov.co\\\/es\\\/wp-content\\\/uploads\\\/2026\\\/04\\\/Declaraciones-de-la-subsecretaria-e-de-Salud-Publica-Rita-Almanza-1.mp3\",\"type\":\"audio\\\/mpeg\",\"title\":\"Declaraciones de la subsecretaria (e) de Salud P\\u00fablica, Rita Almanza\",\"caption\":\"\",\"description\":\"\\u00abDeclaraciones de la subsecretaria (e) de Salud P\\u00fablica, Rita Almanza\\u00bb. G\\u00e9nero: Blues.\",\"meta\":{\"genre\":\"Blues\",\"length_formatted\":\"1:25\"},\"image\":{\"src\":\"https:\\\/\\\/www.medellin.gov.co\\\/es\\\/wp-includes\\\/images\\\/media\\\/audio.png\",\"width\":48,\"height\":64},\"thumb\":{\"src\":\"https:\\\/\\\/www.medellin.gov.co\\\/es\\\/wp-includes\\\/images\\\/media\\\/audio.png\",\"width\":48,\"height\":64}}]}<\/script>\n<\/div>\n\t\n<p>Durante la jornada, la Administraci\u00f3n Distrital ofrecer\u00e1 biol\u00f3gicos del Programa Ampliado de Inmunizaciones (PAI), as\u00ed como contra covid-19, VPH (virus del papiloma humano), sarampi\u00f3n y fiebre amarilla, entre otros, de acuerdo con la edad, las condiciones de salud y los antecedentes de cada persona.<\/p>\n<p><a href=\"https:\/\/www.medellin.gov.co\/es\/wp-content\/uploads\/2026\/04\/Imagen-de-mujer-que-va-a-ser-vacunada.jpg\" target=\"_blank\" rel=\"noopener\"><img loading=\"lazy\" class=\"alignnone wp-image-522721 size-full\" title=\"mujer que va a ser vacunada\" src=\"https:\/\/www.medellin.gov.co\/es\/wp-content\/uploads\/2026\/04\/Imagen-de-mujer-que-va-a-ser-vacunada.jpg\" alt=\"Imagen de mujer que va a ser vacunada\" width=\"1013\" height=\"760\" srcset=\"https:\/\/www.medellin.gov.co\/es\/wp-content\/uploads\/2026\/04\/Imagen-de-mujer-que-va-a-ser-vacunada.jpg 1013w, https:\/\/www.medellin.gov.co\/es\/wp-content\/uploads\/2026\/04\/Imagen-de-mujer-que-va-a-ser-vacunada-300x225.jpg 300w, https:\/\/www.medellin.gov.co\/es\/wp-content\/uploads\/2026\/04\/Imagen-de-mujer-que-va-a-ser-vacunada-150x113.jpg 150w, https:\/\/www.medellin.gov.co\/es\/wp-content\/uploads\/2026\/04\/Imagen-de-mujer-que-va-a-ser-vacunada-768x576.jpg 768w\" sizes=\"(max-width: 1013px) 100vw, 1013px\" \/><\/a><\/p>\n<p>La recomendaci\u00f3n principal a los ciudadanos es verificar el carn\u00e9 de vacunaci\u00f3n y completar los esquemas pendientes, con el fin de reducir riesgos y evitar la reaparici\u00f3n de enfermedades prevenibles. Medell\u00edn contar\u00e1 con m\u00e1s de 80 puntos ubicados en instituciones de salud, p\u00fablicas y privadas, en las 16 comunas y los cinco corregimientos, lo que permitir\u00e1 que m\u00e1s personas accedan a este servicio de manera oportuna.<\/p>\n<p>La Secretar\u00eda de Salud recuerda que mantener los esquemas de vacunaci\u00f3n al d\u00eda es fundamental en todas las etapas de la vida, especialmente en ni\u00f1as, ni\u00f1os, mujeres gestantes, adultos mayores y personas en condiciones de riesgo.<\/p>\n","protected":false},"excerpt":{"rendered":"<p>Medell\u00edn se une a la segunda Jornada Nacional de Vacunaci\u00f3n de este a\u00f1o, el pr\u00f3ximo s\u00e1bado 25 de abril, en la que estar\u00e1n disponibles sin costo todas las vacunas del esquema regular, como parte de &#8230;<\/p>\n","protected":false},"author":21,"featured_media":522723,"comment_status":"open","ping_status":"open","sticky":false,"template":"","format":"standard","meta":[],"categories":[18],"tags":[452],"formato_nota":[],"programas_tax":[],"acf":[],"_links":{"self":[{"href":"https:\/\/www.medellin.gov.co\/es\/wp-json\/wp\/v2\/posts\/522756"}],"collection":[{"href":"https:\/\/www.medellin.gov.co\/es\/wp-json\/wp\/v2\/posts"}],"about":[{"href":"https:\/\/www.medellin.gov.co\/es\/wp-json\/wp\/v2\/types\/post"}],"author":[{"embeddable":true,"href":"https:\/\/www.medellin.gov.co\/es\/wp-json\/wp\/v2\/users\/21"}],"replies":[{"embeddable":true,"href":"https:\/\/www.medellin.gov.co\/es\/wp-json\/wp\/v2\/comments?post=522756"}],"version-history":[{"count":1,"href":"https:\/\/www.medellin.gov.co\/es\/wp-json\/wp\/v2\/posts\/522756\/revisions"}],"predecessor-version":[{"id":522759,"href":"https:\/\/www.medellin.gov.co\/es\/wp-json\/wp\/v2\/posts\/522756\/revisions\/522759"}],"wp:featuredmedia":[{"embeddable":true,"href":"https:\/\/www.medellin.gov.co\/es\/wp-json\/wp\/v2\/media\/522723"}],"wp:attachment":[{"href":"https:\/\/www.medellin.gov.co\/es\/wp-json\/wp\/v2\/media?parent=522756"}],"wp:term":[{"taxonomy":"category","embeddable":true,"href":"https:\/\/www.medellin.gov.co\/es\/wp-json\/wp\/v2\/categories?post=522756"},{"taxonomy":"post_tag","embeddable":true,"href":"https:\/\/www.medellin.gov.co\/es\/wp-json\/wp\/v2\/tags?post=522756"},{"taxonomy":"formato_nota","embeddable":true,"href":"https:\/\/www.medellin.gov.co\/es\/wp-json\/wp\/v2\/formato_nota?post=522756"},{"taxonomy":"programas_tax","embeddable":true,"href":"https:\/\/www.medellin.gov.co\/es\/wp-json\/wp\/v2\/programas_tax?post=522756"}],"curies":[{"name":"wp","href":"https:\/\/api.w.org\/{rel}","templated":true}]}}