{"id":522826,"date":"2026-04-24T17:29:03","date_gmt":"2026-04-24T22:29:03","guid":{"rendered":"https:\/\/www.medellin.gov.co\/es\/?p=522826"},"modified":"2026-04-24T17:29:03","modified_gmt":"2026-04-24T22:29:03","slug":"medellin-impulsa-el-acceso-a-vivienda-con-oferta-integral-en-feria-del-fondo-nacional-del-ahorro","status":"publish","type":"post","link":"https:\/\/www.medellin.gov.co\/es\/sala-de-prensa\/noticias\/medellin-impulsa-el-acceso-a-vivienda-con-oferta-integral-en-feria-del-fondo-nacional-del-ahorro\/","title":{"rendered":"Medell\u00edn impulsa el acceso a vivienda con oferta integral en feria del Fondo Nacional del Ahorro"},"content":{"rendered":"<ul>\n<li>Los asistentes que se inscriban en el stand de <a href=\"https:\/\/isvimed.gov.co\/\" target=\"_blank\" rel=\"noopener\">Isvimed<\/a> y que cumplan con los requisitos, podr\u00e1n aplicar al subsidio exclusivo de $16 millones para la disminuci\u00f3n del cr\u00e9dito hipotecario que aplica para la compra de vivienda nueva VIS o VIP.<\/li>\n<\/ul>\n<!--[if lt IE 9]><script>document.createElement('audio');<\/script><![endif]-->\n\t<div class=\"wp-playlist wp-audio-playlist wp-playlist-light\">\n\t\t\t<div class=\"wp-playlist-current-item\"><\/div>\n\t\t<audio controls=\"controls\" preload=\"none\" width=\"640\"\n\t\t\t><\/audio>\n\t<div class=\"wp-playlist-next\"><\/div>\n\t<div class=\"wp-playlist-prev\"><\/div>\n\t<noscript>\n\t<ol>\n\t\t<li><a href='https:\/\/www.medellin.gov.co\/es\/wp-content\/uploads\/2026\/04\/Declaraciones-del-director-de-Isvimed-Oscar-Andres-Cardona-Cadavid.mp3'>Declaraciones del director de Isvimed, \u00d3scar Andr\u00e9s Cardona Cadavid<\/a><\/li>\t<\/ol>\n\t<\/noscript>\n\t<script type=\"application\/json\" class=\"wp-playlist-script\">{\"type\":\"audio\",\"tracklist\":true,\"tracknumbers\":true,\"images\":true,\"artists\":true,\"tracks\":[{\"src\":\"https:\\\/\\\/www.medellin.gov.co\\\/es\\\/wp-content\\\/uploads\\\/2026\\\/04\\\/Declaraciones-del-director-de-Isvimed-Oscar-Andres-Cardona-Cadavid.mp3\",\"type\":\"audio\\\/mpeg\",\"title\":\"Declaraciones del director de Isvimed, \\u00d3scar Andr\\u00e9s Cardona Cadavid\",\"caption\":\"\",\"description\":\"\\u00abDeclaraciones del director de Isvimed, \\u00d3scar Andr\\u00e9s Cardona Cadavid\\u00bb. \",\"meta\":{\"genre\":\"Blues\",\"length_formatted\":\"1:00\"},\"image\":{\"src\":\"https:\\\/\\\/www.medellin.gov.co\\\/es\\\/wp-includes\\\/images\\\/media\\\/audio.png\",\"width\":48,\"height\":64},\"thumb\":{\"src\":\"https:\\\/\\\/www.medellin.gov.co\\\/es\\\/wp-includes\\\/images\\\/media\\\/audio.png\",\"width\":48,\"height\":64}}]}<\/script>\n<\/div>\n\t\n<p>La Alcald\u00eda de Medell\u00edn le apuesta a la articulaci\u00f3n p\u00fablico-privada y a la generaci\u00f3n de oportunidades reales, para que m\u00e1s familias accedan a una vivienda digna. En este prop\u00f3sito, participar\u00e1, a trav\u00e9s del Instituto Social de Vivienda y H\u00e1bitat &#8211; Isvimed-, en la feria de vivienda del Fondo Nacional del Ahorro -FNA-.<\/p>\n<p>La oferta ser\u00e1 integral e incluye subsidios para la compra de VIS y VIP nuevas, asesor\u00eda para el mejoramiento y acompa\u00f1amiento personalizado, mediante el semillero \u201c<em>Vivienda, un Proyecto Familiar\u201d, <\/em>que orienta a los hogares para que encuentren la ruta que mejor se adapte a su realidad.<\/p>\n<p>\u201c<em>El sector vivienda necesita hoy, m\u00e1s que nunca, recuperar la confianza de las familias. Por eso, espacios como esta feria son fundamentales, porque acercan soluciones reales a la gente, con el respaldo de instituciones s\u00f3lidas. Desde Isvimed seguimos trabajando para que, cada vez, m\u00e1s hogares de Medell\u00edn puedan acceder a una vivienda digna, legal y segura, acompa\u00f1\u00e1ndolos en todo el proceso, para que este sue\u00f1o sea posible<\/em>\u201d, se\u00f1al\u00f3 el director de Isvimed, \u00d3scar Andr\u00e9s Cardona Cadavid.<\/p>\n<p><a href=\"https:\/\/www.medellin.gov.co\/es\/wp-content\/uploads\/2026\/04\/Imagen-de-stand-para-asesoria-sobre-vivienda.jpg\" target=\"_blank\" rel=\"noopener\"><img loading=\"lazy\" class=\"alignnone wp-image-522831 size-full\" title=\"stand para asesor\u00eda sobre vivienda\" src=\"https:\/\/www.medellin.gov.co\/es\/wp-content\/uploads\/2026\/04\/Imagen-de-stand-para-asesoria-sobre-vivienda.jpg\" alt=\"Imagen de stand para asesor\u00eda sobre vivienda\" width=\"1013\" height=\"760\" srcset=\"https:\/\/www.medellin.gov.co\/es\/wp-content\/uploads\/2026\/04\/Imagen-de-stand-para-asesoria-sobre-vivienda.jpg 1013w, https:\/\/www.medellin.gov.co\/es\/wp-content\/uploads\/2026\/04\/Imagen-de-stand-para-asesoria-sobre-vivienda-300x225.jpg 300w, https:\/\/www.medellin.gov.co\/es\/wp-content\/uploads\/2026\/04\/Imagen-de-stand-para-asesoria-sobre-vivienda-150x113.jpg 150w, https:\/\/www.medellin.gov.co\/es\/wp-content\/uploads\/2026\/04\/Imagen-de-stand-para-asesoria-sobre-vivienda-768x576.jpg 768w\" sizes=\"(max-width: 1013px) 100vw, 1013px\" \/><\/a><\/p>\n<p>De acuerdo con Camacol Antioquia, durante el primer trimestre de 2026, en Medell\u00edn, la reducci\u00f3n en las ventas de vivienda fue de 15.5 %, sumado a un aumento en los desistimientos, especialmente en el segmento VIS. Detr\u00e1s de estas cifras hay familias que han postergado su decisi\u00f3n de compra, incertidumbre frente a las condiciones del mercado y barreras que a\u00fan persisten.<\/p>\n<p>Los asistentes que se inscriban en el stand de Isvimed y que cumplan con las condiciones, podr\u00e1n aplicar a un subsidio exclusivo de $16 millones para la disminuci\u00f3n del cr\u00e9dito hipotecario para la compra de vivienda nueva VIS o VIP.<\/p>\n<p>Asimismo, se promover\u00e1 el proyecto habitacional Brezze, que cuenta con los \u00faltimos 30 cupos disponibles y representa una oportunidad concreta para quienes est\u00e1n listos para dar el paso hacia la vivienda propia, con la posibilidad de acceder al subsidio a la cuota inicial otorgado por la Alcald\u00eda de Medell\u00edn.<\/p>\n<p><a href=\"https:\/\/www.medellin.gov.co\/es\/wp-content\/uploads\/2026\/04\/Imagen-de-evento-sobre-vivienda.jpg\" target=\"_blank\" rel=\"noopener\"><img loading=\"lazy\" class=\"alignnone wp-image-522838 size-full\" title=\"Evento sobre vivienda\" src=\"https:\/\/www.medellin.gov.co\/es\/wp-content\/uploads\/2026\/04\/Imagen-de-evento-sobre-vivienda.jpg\" alt=\"Imagen de evento sobre vivienda\" width=\"1280\" height=\"720\" srcset=\"https:\/\/www.medellin.gov.co\/es\/wp-content\/uploads\/2026\/04\/Imagen-de-evento-sobre-vivienda.jpg 1280w, https:\/\/www.medellin.gov.co\/es\/wp-content\/uploads\/2026\/04\/Imagen-de-evento-sobre-vivienda-300x169.jpg 300w, https:\/\/www.medellin.gov.co\/es\/wp-content\/uploads\/2026\/04\/Imagen-de-evento-sobre-vivienda-1024x576.jpg 1024w, https:\/\/www.medellin.gov.co\/es\/wp-content\/uploads\/2026\/04\/Imagen-de-evento-sobre-vivienda-150x84.jpg 150w, https:\/\/www.medellin.gov.co\/es\/wp-content\/uploads\/2026\/04\/Imagen-de-evento-sobre-vivienda-768x432.jpg 768w\" sizes=\"(max-width: 1280px) 100vw, 1280px\" \/><\/a><\/p>\n<p>El Distrito reafirma, as\u00ed, su compromiso de seguir trabajando de manera articulada con las entidades p\u00fablicas, privadas y el sector constructor, para que cada vez m\u00e1s hogares de Medell\u00edn puedan hacer realidad el sue\u00f1o de tener casa propia.<\/p>\n<p>El evento se realiza desde hoy viernes 24 de abril y hasta el domingo 26, entre las 9:00 a. m. y las 6:00 p. m., en el Pabell\u00f3n Verde de Plaza Mayor, donde Isvimed estar\u00e1 ubicado en el stand 45.<\/p>\n","protected":false},"excerpt":{"rendered":"<p>Los asistentes que se inscriban en el stand de Isvimed y que cumplan con los requisitos, podr\u00e1n aplicar al subsidio exclusivo de $16 millones para la disminuci\u00f3n del cr\u00e9dito hipotecario que aplica para la compra &#8230;<\/p>\n","protected":false},"author":21,"featured_media":522833,"comment_status":"open","ping_status":"open","sticky":false,"template":"","format":"standard","meta":[],"categories":[747],"tags":[451,634,428,442],"formato_nota":[],"programas_tax":[],"acf":[],"_links":{"self":[{"href":"https:\/\/www.medellin.gov.co\/es\/wp-json\/wp\/v2\/posts\/522826"}],"collection":[{"href":"https:\/\/www.medellin.gov.co\/es\/wp-json\/wp\/v2\/posts"}],"about":[{"href":"https:\/\/www.medellin.gov.co\/es\/wp-json\/wp\/v2\/types\/post"}],"author":[{"embeddable":true,"href":"https:\/\/www.medellin.gov.co\/es\/wp-json\/wp\/v2\/users\/21"}],"replies":[{"embeddable":true,"href":"https:\/\/www.medellin.gov.co\/es\/wp-json\/wp\/v2\/comments?post=522826"}],"version-history":[{"count":1,"href":"https:\/\/www.medellin.gov.co\/es\/wp-json\/wp\/v2\/posts\/522826\/revisions"}],"predecessor-version":[{"id":522841,"href":"https:\/\/www.medellin.gov.co\/es\/wp-json\/wp\/v2\/posts\/522826\/revisions\/522841"}],"wp:featuredmedia":[{"embeddable":true,"href":"https:\/\/www.medellin.gov.co\/es\/wp-json\/wp\/v2\/media\/522833"}],"wp:attachment":[{"href":"https:\/\/www.medellin.gov.co\/es\/wp-json\/wp\/v2\/media?parent=522826"}],"wp:term":[{"taxonomy":"category","embeddable":true,"href":"https:\/\/www.medellin.gov.co\/es\/wp-json\/wp\/v2\/categories?post=522826"},{"taxonomy":"post_tag","embeddable":true,"href":"https:\/\/www.medellin.gov.co\/es\/wp-json\/wp\/v2\/tags?post=522826"},{"taxonomy":"formato_nota","embeddable":true,"href":"https:\/\/www.medellin.gov.co\/es\/wp-json\/wp\/v2\/formato_nota?post=522826"},{"taxonomy":"programas_tax","embeddable":true,"href":"https:\/\/www.medellin.gov.co\/es\/wp-json\/wp\/v2\/programas_tax?post=522826"}],"curies":[{"name":"wp","href":"https:\/\/api.w.org\/{rel}","templated":true}]}}