{"id":522998,"date":"2026-04-26T18:35:42","date_gmt":"2026-04-26T23:35:42","guid":{"rendered":"https:\/\/www.medellin.gov.co\/es\/?p=522998"},"modified":"2026-04-26T18:54:39","modified_gmt":"2026-04-26T23:54:39","slug":"medellin-se-prepara-para-exaltar-el-talento-y-elegir-al-rey-o-la-reina-del-proximo-festival-nacional-de-trova","status":"publish","type":"post","link":"https:\/\/www.medellin.gov.co\/es\/sala-de-prensa\/noticias\/medellin-se-prepara-para-exaltar-el-talento-y-elegir-al-rey-o-la-reina-del-proximo-festival-nacional-de-trova\/","title":{"rendered":"Medell\u00edn se prepara para exaltar el talento y elegir al rey o la reina del pr\u00f3ximo Festival Nacional de Trova"},"content":{"rendered":"<ul>\n<li>Las inscripciones estar\u00e1n abiertas hasta el viernes 8 de mayo. Puede participar cualquier persona interesada, sin importar su experiencia previa.<\/li>\n<li>En esta edici\u00f3n se contar\u00e1 con una bolsa de premios cercana a los $200 millones. El ganador recibir\u00e1 $25 millones.<\/li>\n<\/ul>\n<!--[if lt IE 9]><script>document.createElement('audio');<\/script><![endif]-->\n\t<div class=\"wp-playlist wp-audio-playlist wp-playlist-light\">\n\t\t\t<div class=\"wp-playlist-current-item\"><\/div>\n\t\t<audio controls=\"controls\" preload=\"none\" width=\"640\"\n\t\t\t><\/audio>\n\t<div class=\"wp-playlist-next\"><\/div>\n\t<div class=\"wp-playlist-prev\"><\/div>\n\t<noscript>\n\t<ol>\n\t\t<li><a href='https:\/\/www.medellin.gov.co\/es\/wp-content\/uploads\/2026\/04\/Declaraciones-del-subsecretario-de-Arte-y-Cultura-Cristian-Cartagena-Gonzalez.mp3'>Declaraciones del subsecretario de Arte y Cultura, Cristian Cartagena Gonz\u00e1lez<\/a><\/li>\t<\/ol>\n\t<\/noscript>\n\t<script type=\"application\/json\" class=\"wp-playlist-script\">{\"type\":\"audio\",\"tracklist\":true,\"tracknumbers\":true,\"images\":true,\"artists\":true,\"tracks\":[{\"src\":\"https:\\\/\\\/www.medellin.gov.co\\\/es\\\/wp-content\\\/uploads\\\/2026\\\/04\\\/Declaraciones-del-subsecretario-de-Arte-y-Cultura-Cristian-Cartagena-Gonzalez.mp3\",\"type\":\"audio\\\/mpeg\",\"title\":\"Declaraciones del subsecretario de Arte y Cultura, Cristian Cartagena Gonz\\u00e1lez\",\"caption\":\"\",\"description\":\"\\u00abDeclaraciones del subsecretario de Arte y Cultura, Cristian Cartagena Gonz\\u00e1lez\\u00bb.\",\"meta\":{\"genre\":\"Blues\",\"length_formatted\":\"1:02\"},\"image\":{\"src\":\"https:\\\/\\\/www.medellin.gov.co\\\/es\\\/wp-includes\\\/images\\\/media\\\/audio.png\",\"width\":48,\"height\":64},\"thumb\":{\"src\":\"https:\\\/\\\/www.medellin.gov.co\\\/es\\\/wp-includes\\\/images\\\/media\\\/audio.png\",\"width\":48,\"height\":64}}]}<\/script>\n<\/div>\n\t\n<p>El talento del repentismo en Colombia se prepara para elegir al rey o reina del 22.\u00ba Festival Nacional de Trova Ciudad de <a href=\"https:\/\/www.instagram.com\/alcaldiademed\/?hl=es-la\" target=\"_blank\" rel=\"noopener\">Medell\u00edn<\/a>, considerado el evento m\u00e1s importante de la tradici\u00f3n oral en el pa\u00eds y que tiene abiertas las inscripciones hasta el pr\u00f3ximo viernes 8 de mayo.<\/p>\n<p>Una vez se cierre la convocatoria, se iniciar\u00e1 la fase de selectivos, seguida por las clasificatorias, previstas para el 5 de junio. Las eliminatorias se realizar\u00e1n el 10 de julio, mientras que las semifinales tendr\u00e1n lugar el 31 de julio y el 1 de agosto. La gran final se celebrar\u00e1 el jueves 6 de agosto, en el marco de la Feria de las Flores.<\/p>\n<p>\u201cVuelve el Festival de la Trova Ciudad de Medell\u00edn con lo mejor del repentismo, la improvisaci\u00f3n y la tradici\u00f3n antioque\u00f1a alrededor de las coplas, las guitarras y toda la riqueza de la trova. Este a\u00f1o, se decidi\u00f3 ampliar los procesos de participaci\u00f3n, con el fin de escuchar a m\u00e1s habitantes de la ciudad, as\u00ed como de Antioquia y Colombia, a trav\u00e9s de audiciones que permitir\u00e1n mayor pluralidad en el certamen\u201d, se\u00f1al\u00f3 el subsecretario de Arte y Cultura, Cristian Cartagena Gonz\u00e1lez.<\/p>\n<p><a href=\"https:\/\/www.medellin.gov.co\/es\/wp-content\/uploads\/2026\/04\/Imagen-de-asistentes-al-Festival-Nacional-de-la-Trova.jpg\" target=\"_blank\" rel=\"noopener\"><img loading=\"lazy\" class=\"alignnone wp-image-522990 size-full\" title=\"asistentes al Festival Nacional de la Trova\" src=\"https:\/\/www.medellin.gov.co\/es\/wp-content\/uploads\/2026\/04\/Imagen-de-asistentes-al-Festival-Nacional-de-la-Trova.jpg\" alt=\"Imagen de asistentes al Festival Nacional de la Trova\" width=\"1140\" height=\"760\" srcset=\"https:\/\/www.medellin.gov.co\/es\/wp-content\/uploads\/2026\/04\/Imagen-de-asistentes-al-Festival-Nacional-de-la-Trova.jpg 1140w, https:\/\/www.medellin.gov.co\/es\/wp-content\/uploads\/2026\/04\/Imagen-de-asistentes-al-Festival-Nacional-de-la-Trova-300x200.jpg 300w, https:\/\/www.medellin.gov.co\/es\/wp-content\/uploads\/2026\/04\/Imagen-de-asistentes-al-Festival-Nacional-de-la-Trova-1024x683.jpg 1024w, https:\/\/www.medellin.gov.co\/es\/wp-content\/uploads\/2026\/04\/Imagen-de-asistentes-al-Festival-Nacional-de-la-Trova-150x100.jpg 150w, https:\/\/www.medellin.gov.co\/es\/wp-content\/uploads\/2026\/04\/Imagen-de-asistentes-al-Festival-Nacional-de-la-Trova-768x512.jpg 768w\" sizes=\"(max-width: 1140px) 100vw, 1140px\" \/><\/a><\/p>\n<p>Para esta edici\u00f3n hay una bolsa de premios cercana a los $200 millones, de los cuales $25 millones se otorgar\u00e1n a quien se corone como rey o reina nacional de este certamen que se ha consolidado como una plataforma cultural y es reconocida como patrimonio de los colombianos. El p\u00fablico mantendr\u00e1 un papel fundamental mediante su participaci\u00f3n en las votaciones, lo que afianza el v\u00ednculo entre artistas y ciudadan\u00eda. En la edici\u00f3n anterior se registraron 15.000 votos, con los que los espectadores eligieron lo mejor del repentismo regional y nacional.<\/p>\n<p>Con esta apuesta, la Administraci\u00f3n Distrital promueve la trova como forma de expresi\u00f3n patrimonial, para contribuir al fortalecimiento de la identidad antioque\u00f1a y hacer visible el talento de los improvisadores colombianos ante audiencias cada vez m\u00e1s amplias.<\/p>\n<p>\u201cEn esta ocasi\u00f3n se implementar\u00e1 una nueva estructura con 16 selectivos, varios de ellos en diferentes zonas del pa\u00eds, con el prop\u00f3sito de brindar la posibilidad de participaci\u00f3n a m\u00e1s trovadores y trovadoras de Medell\u00edn, Antioquia y otras regiones del pa\u00eds\u201d, a\u00f1adi\u00f3 Cartagena Gonz\u00e1lez.<\/p>\n\n\t\t<style type=\"text\/css\">\n\t\t\t#gallery-1 {\n\t\t\t\tmargin: auto;\n\t\t\t}\n\t\t\t#gallery-1 .gallery-item {\n\t\t\t\tfloat: left;\n\t\t\t\tmargin-top: 10px;\n\t\t\t\ttext-align: center;\n\t\t\t\twidth: 50%;\n\t\t\t}\n\t\t\t#gallery-1 img {\n\t\t\t\tborder: 2px solid #cfcfcf;\n\t\t\t}\n\t\t\t#gallery-1 .gallery-caption {\n\t\t\t\tmargin-left: 0;\n\t\t\t}\n\t\t\t\/* see gallery_shortcode() in wp-includes\/media.php *\/\n\t\t<\/style>\n\t\t<div id='gallery-1' class='gallery galleryid-522998 gallery-columns-2 gallery-size-full'><dl class='gallery-item'>\n\t\t\t<dt class='gallery-icon landscape'>\n\t\t\t\t<a href='https:\/\/www.medellin.gov.co\/es\/sala-de-prensa\/noticias\/medellin-bogota-y-cali-se-unen-por-primera-vez-para-fortalecer-la-circulacion-en-las-artes-escenicas\/imagen-de-ganador-del-festival-nacional-de-la-trova-rcibiendo-su-premio\/'><img width=\"1140\" height=\"760\" src=\"https:\/\/www.medellin.gov.co\/es\/wp-content\/uploads\/2026\/04\/Imagen-de-ganador-del-Festival-Nacional-de-la-Trova-rcibiendo-su-premio.jpg\" class=\"attachment-full size-full\" alt=\"Imagen de ganador del Festival Nacional de la Trova rcibiendo su premio\" loading=\"lazy\" srcset=\"https:\/\/www.medellin.gov.co\/es\/wp-content\/uploads\/2026\/04\/Imagen-de-ganador-del-Festival-Nacional-de-la-Trova-rcibiendo-su-premio.jpg 1140w, https:\/\/www.medellin.gov.co\/es\/wp-content\/uploads\/2026\/04\/Imagen-de-ganador-del-Festival-Nacional-de-la-Trova-rcibiendo-su-premio-300x200.jpg 300w, https:\/\/www.medellin.gov.co\/es\/wp-content\/uploads\/2026\/04\/Imagen-de-ganador-del-Festival-Nacional-de-la-Trova-rcibiendo-su-premio-1024x683.jpg 1024w, https:\/\/www.medellin.gov.co\/es\/wp-content\/uploads\/2026\/04\/Imagen-de-ganador-del-Festival-Nacional-de-la-Trova-rcibiendo-su-premio-150x100.jpg 150w, https:\/\/www.medellin.gov.co\/es\/wp-content\/uploads\/2026\/04\/Imagen-de-ganador-del-Festival-Nacional-de-la-Trova-rcibiendo-su-premio-768x512.jpg 768w\" sizes=\"(max-width: 1140px) 100vw, 1140px\" \/><\/a>\n\t\t\t<\/dt><\/dl><dl class='gallery-item'>\n\t\t\t<dt class='gallery-icon landscape'>\n\t\t\t\t<a href='https:\/\/www.medellin.gov.co\/es\/sala-de-prensa\/noticias\/medellin-bogota-y-cali-se-unen-por-primera-vez-para-fortalecer-la-circulacion-en-las-artes-escenicas\/imagen-de-ganadores-del-festival-nacional-de-la-trova-abrazados\/'><img width=\"1140\" height=\"760\" src=\"https:\/\/www.medellin.gov.co\/es\/wp-content\/uploads\/2026\/04\/Imagen-de-ganadores-del-Festival-Nacional-de-la-Trova-abrazados.jpg\" class=\"attachment-full size-full\" alt=\"Imagen de ganadores del Festival Nacional de la Trova abrazados\" loading=\"lazy\" srcset=\"https:\/\/www.medellin.gov.co\/es\/wp-content\/uploads\/2026\/04\/Imagen-de-ganadores-del-Festival-Nacional-de-la-Trova-abrazados.jpg 1140w, https:\/\/www.medellin.gov.co\/es\/wp-content\/uploads\/2026\/04\/Imagen-de-ganadores-del-Festival-Nacional-de-la-Trova-abrazados-300x200.jpg 300w, https:\/\/www.medellin.gov.co\/es\/wp-content\/uploads\/2026\/04\/Imagen-de-ganadores-del-Festival-Nacional-de-la-Trova-abrazados-1024x683.jpg 1024w, https:\/\/www.medellin.gov.co\/es\/wp-content\/uploads\/2026\/04\/Imagen-de-ganadores-del-Festival-Nacional-de-la-Trova-abrazados-150x100.jpg 150w, https:\/\/www.medellin.gov.co\/es\/wp-content\/uploads\/2026\/04\/Imagen-de-ganadores-del-Festival-Nacional-de-la-Trova-abrazados-768x512.jpg 768w\" sizes=\"(max-width: 1140px) 100vw, 1140px\" \/><\/a>\n\t\t\t<\/dt><\/dl><br style=\"clear: both\" \/>\n\t\t<\/div>\n\n<p>En 2025 participaron 425 trovadores de 15 departamentos y 79 municipios. Este a\u00f1o, mujeres y hombres de todo el territorio nacional podr\u00e1n participar y demostrar el ingenio, el humor y la creatividad que caracteriza a esta emblem\u00e1tica tradici\u00f3n.<\/p>\n<p>La convocatoria est\u00e1 abierta para cualquier persona, sin importar su experiencia previa, y la inscripci\u00f3n puede realizarse a trav\u00e9s del sitio web <a href=\"https:\/\/www.medellin.gov.co\/es\/eventos\/festival-nacional-de-trova-ciudad-demedellin\/\" target=\"_blank\" rel=\"noopener\">https:\/\/www.medellin.gov.co\/es\/eventos\/festival-nacional-de-trova-ciudad-demedellin\/<\/a>.<\/p>\n<p>Para conocer m\u00e1s sobre el proceso se puede acceder al sitio web <a href=\"http:\/\/www.medellin.gov.co\" target=\"_blank\" rel=\"noopener\">www.medellin.gov.co<\/a> o a las redes @cultura.med.<\/p>\n","protected":false},"excerpt":{"rendered":"<p>Las inscripciones estar\u00e1n abiertas hasta el viernes 8 de mayo. Puede participar cualquier persona interesada, sin importar su experiencia previa. En esta edici\u00f3n se contar\u00e1 con una bolsa de premios cercana a los $200 millones. &#8230;<\/p>\n","protected":false},"author":21,"featured_media":522988,"comment_status":"open","ping_status":"open","sticky":false,"template":"","format":"standard","meta":[],"categories":[31],"tags":[444,428],"formato_nota":[],"programas_tax":[],"acf":[],"_links":{"self":[{"href":"https:\/\/www.medellin.gov.co\/es\/wp-json\/wp\/v2\/posts\/522998"}],"collection":[{"href":"https:\/\/www.medellin.gov.co\/es\/wp-json\/wp\/v2\/posts"}],"about":[{"href":"https:\/\/www.medellin.gov.co\/es\/wp-json\/wp\/v2\/types\/post"}],"author":[{"embeddable":true,"href":"https:\/\/www.medellin.gov.co\/es\/wp-json\/wp\/v2\/users\/21"}],"replies":[{"embeddable":true,"href":"https:\/\/www.medellin.gov.co\/es\/wp-json\/wp\/v2\/comments?post=522998"}],"version-history":[{"count":2,"href":"https:\/\/www.medellin.gov.co\/es\/wp-json\/wp\/v2\/posts\/522998\/revisions"}],"predecessor-version":[{"id":523030,"href":"https:\/\/www.medellin.gov.co\/es\/wp-json\/wp\/v2\/posts\/522998\/revisions\/523030"}],"wp:featuredmedia":[{"embeddable":true,"href":"https:\/\/www.medellin.gov.co\/es\/wp-json\/wp\/v2\/media\/522988"}],"wp:attachment":[{"href":"https:\/\/www.medellin.gov.co\/es\/wp-json\/wp\/v2\/media?parent=522998"}],"wp:term":[{"taxonomy":"category","embeddable":true,"href":"https:\/\/www.medellin.gov.co\/es\/wp-json\/wp\/v2\/categories?post=522998"},{"taxonomy":"post_tag","embeddable":true,"href":"https:\/\/www.medellin.gov.co\/es\/wp-json\/wp\/v2\/tags?post=522998"},{"taxonomy":"formato_nota","embeddable":true,"href":"https:\/\/www.medellin.gov.co\/es\/wp-json\/wp\/v2\/formato_nota?post=522998"},{"taxonomy":"programas_tax","embeddable":true,"href":"https:\/\/www.medellin.gov.co\/es\/wp-json\/wp\/v2\/programas_tax?post=522998"}],"curies":[{"name":"wp","href":"https:\/\/api.w.org\/{rel}","templated":true}]}}