{"id":523011,"date":"2026-04-26T18:41:19","date_gmt":"2026-04-26T23:41:19","guid":{"rendered":"https:\/\/www.medellin.gov.co\/es\/?p=523011"},"modified":"2026-04-26T18:41:19","modified_gmt":"2026-04-26T23:41:19","slug":"aprender-en-casa-medellin-tiene-el-primer-modelo-publico-de-atencion-educativa-domiciliaria-del-pais","status":"publish","type":"post","link":"https:\/\/www.medellin.gov.co\/es\/sala-de-prensa\/noticias\/aprender-en-casa-medellin-tiene-el-primer-modelo-publico-de-atencion-educativa-domiciliaria-del-pais\/","title":{"rendered":"Aprender en casa: Medell\u00edn tiene el primer modelo p\u00fablico de atenci\u00f3n educativa domiciliaria del pa\u00eds"},"content":{"rendered":"<ul>\n<li>Entre 2024 y 2026, m\u00e1s de 700 estudiantes se han beneficiado con esta estrategia mediada por tecnolog\u00eda.<\/li>\n<li>Se invirtieron m\u00e1s de $2.700 millones para garantizar el acceso inclusivo al sistema.<\/li>\n<\/ul>\n<!--[if lt IE 9]><script>document.createElement('audio');<\/script><![endif]-->\n\t<div class=\"wp-playlist wp-audio-playlist wp-playlist-light\">\n\t\t\t<div class=\"wp-playlist-current-item\"><\/div>\n\t\t<audio controls=\"controls\" preload=\"none\" width=\"640\"\n\t\t\t><\/audio>\n\t<div class=\"wp-playlist-next\"><\/div>\n\t<div class=\"wp-playlist-prev\"><\/div>\n\t<noscript>\n\t<ol>\n\t\t<li><a href='https:\/\/www.medellin.gov.co\/es\/wp-content\/uploads\/2026\/04\/Declaraciones-de-la-secretaria-de-Educacion-Carolina-Franco-Giraldo-4.mp3'>Declaraciones de la secretaria de Educaci\u00f3n, Carolina Franco Giraldo<\/a><\/li><li><a href='https:\/\/www.medellin.gov.co\/es\/wp-content\/uploads\/2026\/04\/Declaraciones-de-la-estudiante-Angie-Daniela-Velasquez-Perez..mp3'>Declaraciones de la estudiante Angie Daniela Vel\u00e1squez P\u00e9rez.<\/a><\/li>\t<\/ol>\n\t<\/noscript>\n\t<script type=\"application\/json\" class=\"wp-playlist-script\">{\"type\":\"audio\",\"tracklist\":true,\"tracknumbers\":true,\"images\":true,\"artists\":true,\"tracks\":[{\"src\":\"https:\\\/\\\/www.medellin.gov.co\\\/es\\\/wp-content\\\/uploads\\\/2026\\\/04\\\/Declaraciones-de-la-secretaria-de-Educacion-Carolina-Franco-Giraldo-4.mp3\",\"type\":\"audio\\\/mpeg\",\"title\":\"Declaraciones de la secretaria de Educaci\\u00f3n, Carolina Franco Giraldo\",\"caption\":\"\",\"description\":\"\\u00abDeclaraciones de la secretaria de Educaci\\u00f3n, Carolina Franco Giraldo\\u00bb. G\\u00e9nero: Blues.\",\"meta\":{\"genre\":\"Blues\",\"length_formatted\":\"0:58\"},\"image\":{\"src\":\"https:\\\/\\\/www.medellin.gov.co\\\/es\\\/wp-includes\\\/images\\\/media\\\/audio.png\",\"width\":48,\"height\":64},\"thumb\":{\"src\":\"https:\\\/\\\/www.medellin.gov.co\\\/es\\\/wp-includes\\\/images\\\/media\\\/audio.png\",\"width\":48,\"height\":64}},{\"src\":\"https:\\\/\\\/www.medellin.gov.co\\\/es\\\/wp-content\\\/uploads\\\/2026\\\/04\\\/Declaraciones-de-la-estudiante-Angie-Daniela-Velasquez-Perez..mp3\",\"type\":\"audio\\\/mpeg\",\"title\":\"Declaraciones de la estudiante Angie Daniela Vel\\u00e1squez P\\u00e9rez.\",\"caption\":\"\",\"description\":\"\\u00abDeclaraciones de la estudiante Angie Daniela Vel\\u00e1squez P\\u00e9rez.\\u00bb. G\\u00e9nero: Blues.\",\"meta\":{\"genre\":\"Blues\",\"length_formatted\":\"0:48\"},\"image\":{\"src\":\"https:\\\/\\\/www.medellin.gov.co\\\/es\\\/wp-includes\\\/images\\\/media\\\/audio.png\",\"width\":48,\"height\":64},\"thumb\":{\"src\":\"https:\\\/\\\/www.medellin.gov.co\\\/es\\\/wp-includes\\\/images\\\/media\\\/audio.png\",\"width\":48,\"height\":64}}]}<\/script>\n<\/div>\n\t\n<p>La apuesta por el acceso y la permanencia educativa en <a href=\"https:\/\/www.instagram.com\/alcaldiademed\/?hl=es-la\" target=\"_blank\" rel=\"noopener\">Medell\u00edn<\/a> trasciende las aulas de clase con EduCasa, una estrategia innovadora liderada por la Administraci\u00f3n Distrital, a trav\u00e9s de la cual ni\u00f1as, ni\u00f1os y j\u00f3venes contin\u00faan sus procesos formativos desde el hogar cuando, por condiciones de salud o discapacidad, no pueden asistir presencialmente a una instituci\u00f3n oficial.<\/p>\n<p>Este modelo funciona con la incorporaci\u00f3n de herramientas tecnol\u00f3gicas y est\u00e1 dirigido a los estudiantes que tienen un concepto m\u00e9dico que respalda la imposibilidad de asistir a un entorno escolar f\u00edsico. De esta manera, la ciudad garantiza que la educaci\u00f3n se mantenga como un derecho accesible, incluso en circunstancias complejas.<\/p>\n<p><a href=\"https:\/\/www.medellin.gov.co\/es\/wp-content\/uploads\/2026\/04\/Imagen-de-una-familia-con-una-joven-en-silla-de-ruedas.jpg\" target=\"_blank\" rel=\"noopener\"><img loading=\"lazy\" class=\"alignnone wp-image-522974 size-full\" title=\"Familia con una joven en silla de ruedas\" src=\"https:\/\/www.medellin.gov.co\/es\/wp-content\/uploads\/2026\/04\/Imagen-de-una-familia-con-una-joven-en-silla-de-ruedas.jpg\" alt=\"Imagen de una familia con una joven en silla de ruedas\" width=\"1141\" height=\"760\" srcset=\"https:\/\/www.medellin.gov.co\/es\/wp-content\/uploads\/2026\/04\/Imagen-de-una-familia-con-una-joven-en-silla-de-ruedas.jpg 1141w, https:\/\/www.medellin.gov.co\/es\/wp-content\/uploads\/2026\/04\/Imagen-de-una-familia-con-una-joven-en-silla-de-ruedas-300x200.jpg 300w, https:\/\/www.medellin.gov.co\/es\/wp-content\/uploads\/2026\/04\/Imagen-de-una-familia-con-una-joven-en-silla-de-ruedas-1024x682.jpg 1024w, https:\/\/www.medellin.gov.co\/es\/wp-content\/uploads\/2026\/04\/Imagen-de-una-familia-con-una-joven-en-silla-de-ruedas-150x100.jpg 150w, https:\/\/www.medellin.gov.co\/es\/wp-content\/uploads\/2026\/04\/Imagen-de-una-familia-con-una-joven-en-silla-de-ruedas-768x512.jpg 768w\" sizes=\"(max-width: 1141px) 100vw, 1141px\" \/><\/a><\/p>\n<p>Este a\u00f1o, la Alcald\u00eda de Medell\u00edn atiende a 210 estudiantes mediante EduCasa y proyecta alcanzar los 280 beneficiarios al finalizar el a\u00f1o, gracias a la caracterizaci\u00f3n de nuevos casos que permitir\u00e1 ampliar la cobertura.<\/p>\n<p>\u201c<em>Llevamos la instituci\u00f3n hasta sus hogares, a trav\u00e9s de herramientas tecnol\u00f3gicas y acompa\u00f1amiento pedag\u00f3gico. Con esta apuesta marcamos un hito en Colombia y seguimos demostrando que la educaci\u00f3n debe adaptarse a las realidades de nuestros estudiantes, y no al contrario. La inclusi\u00f3n educativa es una realidad<\/em>\u201d, se\u00f1al\u00f3 la secretaria de Educaci\u00f3n, Carolina Franco Giraldo.<\/p>\n<p>La estrategia se desarrolla desde la Escuela Normal Superior, un escenario que no solo facilita el acompa\u00f1amiento acad\u00e9mico a los estudiantes, sino que tambi\u00e9n afianza la formaci\u00f3n de los docentes en enfoques inclusivos, lo cual les permite adaptar sus pr\u00e1cticas pedag\u00f3gicas a contextos diferentes al aula tradicional.<\/p>\n<p><a href=\"https:\/\/www.medellin.gov.co\/es\/wp-content\/uploads\/2026\/04\/Imagen-de-jovencita-en-el-computador.jpg\" target=\"_blank\" rel=\"noopener\"><img loading=\"lazy\" class=\"alignnone wp-image-522980 size-full\" title=\"jovencita en el computador\" src=\"https:\/\/www.medellin.gov.co\/es\/wp-content\/uploads\/2026\/04\/Imagen-de-jovencita-en-el-computador.jpg\" alt=\"Imagen de jovencita en el computador\" width=\"1141\" height=\"760\" srcset=\"https:\/\/www.medellin.gov.co\/es\/wp-content\/uploads\/2026\/04\/Imagen-de-jovencita-en-el-computador.jpg 1141w, https:\/\/www.medellin.gov.co\/es\/wp-content\/uploads\/2026\/04\/Imagen-de-jovencita-en-el-computador-300x200.jpg 300w, https:\/\/www.medellin.gov.co\/es\/wp-content\/uploads\/2026\/04\/Imagen-de-jovencita-en-el-computador-1024x682.jpg 1024w, https:\/\/www.medellin.gov.co\/es\/wp-content\/uploads\/2026\/04\/Imagen-de-jovencita-en-el-computador-150x100.jpg 150w, https:\/\/www.medellin.gov.co\/es\/wp-content\/uploads\/2026\/04\/Imagen-de-jovencita-en-el-computador-768x512.jpg 768w\" sizes=\"(max-width: 1141px) 100vw, 1141px\" \/><\/a><\/p>\n<p>\u201cTodo el manejo que ha tenido el proyecto ha sido bastante \u00f3ptimo y he visto muchas mejoras, no solo educativas, sino tambi\u00e9n formativas y de comportamiento. Realmente le quiero agradecer a la alcald\u00eda, a todos los que me han apoyado durante estos a\u00f1os, por todo lo que han dado, por todo lo que han hecho durante todo este tiempo, y gracias a las personas que realmente me dieron la oportunidad de estar en EduCasa\u201d, expres\u00f3 la estudiante Angie Daniela<\/p>\n<p>Vel\u00e1squez P\u00e9rez.<\/p>\n<p>Esta iniciativa marca un hito nacional al convertirse en el primer modelo p\u00fablico en Colombia que implementa la atenci\u00f3n educativa domiciliaria desde una instituci\u00f3n oficial. Su puesta en marcha responde a la necesidad de ofrecer alternativas que garanticen el acceso a la educaci\u00f3n en condiciones distintas a la presencialidad.<\/p>\n","protected":false},"excerpt":{"rendered":"<p>Entre 2024 y 2026, m\u00e1s de 700 estudiantes se han beneficiado con esta estrategia mediada por tecnolog\u00eda. Se invirtieron m\u00e1s de $2.700 millones para garantizar el acceso inclusivo al sistema. La apuesta por el acceso &#8230;<\/p>\n","protected":false},"author":21,"featured_media":522973,"comment_status":"open","ping_status":"open","sticky":false,"template":"","format":"standard","meta":[],"categories":[4],"tags":[431],"formato_nota":[],"programas_tax":[],"acf":[],"_links":{"self":[{"href":"https:\/\/www.medellin.gov.co\/es\/wp-json\/wp\/v2\/posts\/523011"}],"collection":[{"href":"https:\/\/www.medellin.gov.co\/es\/wp-json\/wp\/v2\/posts"}],"about":[{"href":"https:\/\/www.medellin.gov.co\/es\/wp-json\/wp\/v2\/types\/post"}],"author":[{"embeddable":true,"href":"https:\/\/www.medellin.gov.co\/es\/wp-json\/wp\/v2\/users\/21"}],"replies":[{"embeddable":true,"href":"https:\/\/www.medellin.gov.co\/es\/wp-json\/wp\/v2\/comments?post=523011"}],"version-history":[{"count":1,"href":"https:\/\/www.medellin.gov.co\/es\/wp-json\/wp\/v2\/posts\/523011\/revisions"}],"predecessor-version":[{"id":523024,"href":"https:\/\/www.medellin.gov.co\/es\/wp-json\/wp\/v2\/posts\/523011\/revisions\/523024"}],"wp:featuredmedia":[{"embeddable":true,"href":"https:\/\/www.medellin.gov.co\/es\/wp-json\/wp\/v2\/media\/522973"}],"wp:attachment":[{"href":"https:\/\/www.medellin.gov.co\/es\/wp-json\/wp\/v2\/media?parent=523011"}],"wp:term":[{"taxonomy":"category","embeddable":true,"href":"https:\/\/www.medellin.gov.co\/es\/wp-json\/wp\/v2\/categories?post=523011"},{"taxonomy":"post_tag","embeddable":true,"href":"https:\/\/www.medellin.gov.co\/es\/wp-json\/wp\/v2\/tags?post=523011"},{"taxonomy":"formato_nota","embeddable":true,"href":"https:\/\/www.medellin.gov.co\/es\/wp-json\/wp\/v2\/formato_nota?post=523011"},{"taxonomy":"programas_tax","embeddable":true,"href":"https:\/\/www.medellin.gov.co\/es\/wp-json\/wp\/v2\/programas_tax?post=523011"}],"curies":[{"name":"wp","href":"https:\/\/api.w.org\/{rel}","templated":true}]}}