{"id":523648,"date":"2026-04-27T15:58:56","date_gmt":"2026-04-27T20:58:56","guid":{"rendered":"https:\/\/www.medellin.gov.co\/es\/?p=523648"},"modified":"2026-04-27T15:58:56","modified_gmt":"2026-04-27T20:58:56","slug":"operativo-en-la-escombrera-en-el-occidente-de-medellin-permitio-desmontar-construcciones-ilegales-en-zona-de-alto-riesgo","status":"publish","type":"post","link":"https:\/\/www.medellin.gov.co\/es\/sala-de-prensa\/noticias\/operativo-en-la-escombrera-en-el-occidente-de-medellin-permitio-desmontar-construcciones-ilegales-en-zona-de-alto-riesgo\/","title":{"rendered":"Operativo en La Escombrera, en el occidente de Medell\u00edn, permiti\u00f3 desmontar construcciones ilegales en zona de alto riesgo"},"content":{"rendered":"<ul>\n<li>Las edificaciones estaban ubicadas en espacio p\u00fablico, a menos de 30 metros de la quebrada La Iguan\u00e1 y en una zona de alto riesgo no mitigable.<\/li>\n<li>El \u00e1rea hace parte de la estructura ecol\u00f3gica principal, por lo que no permite ning\u00fan tipo de ocupaci\u00f3n ni legalizaci\u00f3n.<\/li>\n<\/ul>\n<!--[if lt IE 9]><script>document.createElement('audio');<\/script><![endif]-->\n\t<div class=\"wp-playlist wp-audio-playlist wp-playlist-light\">\n\t\t\t<div class=\"wp-playlist-current-item\"><\/div>\n\t\t<audio controls=\"controls\" preload=\"none\" width=\"640\"\n\t\t\t><\/audio>\n\t<div class=\"wp-playlist-next\"><\/div>\n\t<div class=\"wp-playlist-prev\"><\/div>\n\t<noscript>\n\t<ol>\n\t\t<li><a href='https:\/\/www.medellin.gov.co\/es\/wp-content\/uploads\/2026\/04\/Declaraciones-subsecretario-de-Control-Urbanistico-Juan-Camilo-Arredondo.mp3'>Declaraciones subsecretario de Control Urban\u00edstico, Juan Camilo Arredondo<\/a><\/li>\t<\/ol>\n\t<\/noscript>\n\t<script type=\"application\/json\" class=\"wp-playlist-script\">{\"type\":\"audio\",\"tracklist\":true,\"tracknumbers\":true,\"images\":true,\"artists\":true,\"tracks\":[{\"src\":\"https:\\\/\\\/www.medellin.gov.co\\\/es\\\/wp-content\\\/uploads\\\/2026\\\/04\\\/Declaraciones-subsecretario-de-Control-Urbanistico-Juan-Camilo-Arredondo.mp3\",\"type\":\"audio\\\/mpeg\",\"title\":\"Declaraciones subsecretario de Control Urban\\u00edstico, Juan Camilo Arredondo\",\"caption\":\"\",\"description\":\"\\u00abDeclaraciones subsecretario de Control Urban\\u00edstico, Juan Camilo Arredondo\\u00bb. G\\u00e9nero: Blues.\",\"meta\":{\"genre\":\"Blues\",\"length_formatted\":\"0:43\"},\"image\":{\"src\":\"https:\\\/\\\/www.medellin.gov.co\\\/es\\\/wp-includes\\\/images\\\/media\\\/audio.png\",\"width\":48,\"height\":64},\"thumb\":{\"src\":\"https:\\\/\\\/www.medellin.gov.co\\\/es\\\/wp-includes\\\/images\\\/media\\\/audio.png\",\"width\":48,\"height\":64}}]}<\/script>\n<\/div>\n\t\n<p>Un total de diez construcciones ilegales fueron desmontadas en el sector La Escombrera, barrio Los Colores, en un \u00e1rea donde no est\u00e1 permitido habitar ni desarrollar actividades, al estar ubicada en una franja de protecci\u00f3n ambiental y en una zona con alta amenaza por inundaciones y avenidas torrenciales, raz\u00f3n por la cual no pueden ser ocupadas ni urbanizadas.<\/p>\n\n\t\t<style type=\"text\/css\">\n\t\t\t#gallery-1 {\n\t\t\t\tmargin: auto;\n\t\t\t}\n\t\t\t#gallery-1 .gallery-item {\n\t\t\t\tfloat: left;\n\t\t\t\tmargin-top: 10px;\n\t\t\t\ttext-align: center;\n\t\t\t\twidth: 50%;\n\t\t\t}\n\t\t\t#gallery-1 img {\n\t\t\t\tborder: 2px solid #cfcfcf;\n\t\t\t}\n\t\t\t#gallery-1 .gallery-caption {\n\t\t\t\tmargin-left: 0;\n\t\t\t}\n\t\t\t\/* see gallery_shortcode() in wp-includes\/media.php *\/\n\t\t<\/style>\n\t\t<div id='gallery-1' class='gallery galleryid-523648 gallery-columns-2 gallery-size-full'><dl class='gallery-item'>\n\t\t\t<dt class='gallery-icon landscape'>\n\t\t\t\t<a href='https:\/\/www.medellin.gov.co\/es\/sala-de-prensa\/noticias\/operativo-en-la-escombrera-en-el-occidente-de-medellin-permitio-desmontar-construcciones-ilegales-en-zona-de-alto-riesgo\/imagen-operativo-en-la-escombrera-desmonte-construcciones-ilegales-2\/'><img width=\"1600\" height=\"900\" src=\"https:\/\/www.medellin.gov.co\/es\/wp-content\/uploads\/2026\/04\/Imagen-Operativo-en-La-Escombrera-desmonte-construcciones-ilegales-2.jpg\" class=\"attachment-full size-full\" alt=\"Imagen Operativo en La Escombrera desmonte construcciones ilegales (4)\" loading=\"lazy\" srcset=\"https:\/\/www.medellin.gov.co\/es\/wp-content\/uploads\/2026\/04\/Imagen-Operativo-en-La-Escombrera-desmonte-construcciones-ilegales-2.jpg 1600w, https:\/\/www.medellin.gov.co\/es\/wp-content\/uploads\/2026\/04\/Imagen-Operativo-en-La-Escombrera-desmonte-construcciones-ilegales-2-300x169.jpg 300w, https:\/\/www.medellin.gov.co\/es\/wp-content\/uploads\/2026\/04\/Imagen-Operativo-en-La-Escombrera-desmonte-construcciones-ilegales-2-1024x576.jpg 1024w, https:\/\/www.medellin.gov.co\/es\/wp-content\/uploads\/2026\/04\/Imagen-Operativo-en-La-Escombrera-desmonte-construcciones-ilegales-2-150x84.jpg 150w, https:\/\/www.medellin.gov.co\/es\/wp-content\/uploads\/2026\/04\/Imagen-Operativo-en-La-Escombrera-desmonte-construcciones-ilegales-2-768x432.jpg 768w, https:\/\/www.medellin.gov.co\/es\/wp-content\/uploads\/2026\/04\/Imagen-Operativo-en-La-Escombrera-desmonte-construcciones-ilegales-2-1536x864.jpg 1536w\" sizes=\"(max-width: 1600px) 100vw, 1600px\" \/><\/a>\n\t\t\t<\/dt><\/dl><dl class='gallery-item'>\n\t\t\t<dt class='gallery-icon landscape'>\n\t\t\t\t<a href='https:\/\/www.medellin.gov.co\/es\/sala-de-prensa\/noticias\/operativo-en-la-escombrera-en-el-occidente-de-medellin-permitio-desmontar-construcciones-ilegales-en-zona-de-alto-riesgo\/imagen-operativo-en-la-escombrera-desmonte-construcciones-ilegales-4\/'><img width=\"1600\" height=\"910\" src=\"https:\/\/www.medellin.gov.co\/es\/wp-content\/uploads\/2026\/04\/Imagen-Operativo-en-La-Escombrera-desmonte-construcciones-ilegales-4.jpg\" class=\"attachment-full size-full\" alt=\"Imagen Operativo en La Escombrera desmonte construcciones ilegales (4)\" loading=\"lazy\" srcset=\"https:\/\/www.medellin.gov.co\/es\/wp-content\/uploads\/2026\/04\/Imagen-Operativo-en-La-Escombrera-desmonte-construcciones-ilegales-4.jpg 1600w, https:\/\/www.medellin.gov.co\/es\/wp-content\/uploads\/2026\/04\/Imagen-Operativo-en-La-Escombrera-desmonte-construcciones-ilegales-4-300x171.jpg 300w, https:\/\/www.medellin.gov.co\/es\/wp-content\/uploads\/2026\/04\/Imagen-Operativo-en-La-Escombrera-desmonte-construcciones-ilegales-4-1024x582.jpg 1024w, https:\/\/www.medellin.gov.co\/es\/wp-content\/uploads\/2026\/04\/Imagen-Operativo-en-La-Escombrera-desmonte-construcciones-ilegales-4-150x85.jpg 150w, https:\/\/www.medellin.gov.co\/es\/wp-content\/uploads\/2026\/04\/Imagen-Operativo-en-La-Escombrera-desmonte-construcciones-ilegales-4-768x437.jpg 768w, https:\/\/www.medellin.gov.co\/es\/wp-content\/uploads\/2026\/04\/Imagen-Operativo-en-La-Escombrera-desmonte-construcciones-ilegales-4-1536x874.jpg 1536w\" sizes=\"(max-width: 1600px) 100vw, 1600px\" \/><\/a>\n\t\t\t<\/dt><\/dl><br style=\"clear: both\" \/>\n\t\t<\/div>\n\n<p>El predio intervenido, de aproximadamente 3.700 metros cuadrados es de propiedad del Distrito y est\u00e1 destinado a espacio p\u00fablico.<\/p>\n<p>En este punto se identificaron ocho estructuras en madera y tejas y dos en mamposter\u00eda, que eran utilizadas para almacenamiento de material reciclable, realizadas sin cumplir las normas urban\u00edsticas y constructivas vigentes.<\/p>\n\n\t\t<style type=\"text\/css\">\n\t\t\t#gallery-2 {\n\t\t\t\tmargin: auto;\n\t\t\t}\n\t\t\t#gallery-2 .gallery-item {\n\t\t\t\tfloat: left;\n\t\t\t\tmargin-top: 10px;\n\t\t\t\ttext-align: center;\n\t\t\t\twidth: 50%;\n\t\t\t}\n\t\t\t#gallery-2 img {\n\t\t\t\tborder: 2px solid #cfcfcf;\n\t\t\t}\n\t\t\t#gallery-2 .gallery-caption {\n\t\t\t\tmargin-left: 0;\n\t\t\t}\n\t\t\t\/* see gallery_shortcode() in wp-includes\/media.php *\/\n\t\t<\/style>\n\t\t<div id='gallery-2' class='gallery galleryid-523648 gallery-columns-2 gallery-size-full'><dl class='gallery-item'>\n\t\t\t<dt class='gallery-icon landscape'>\n\t\t\t\t<a href='https:\/\/www.medellin.gov.co\/es\/sala-de-prensa\/noticias\/operativo-en-la-escombrera-en-el-occidente-de-medellin-permitio-desmontar-construcciones-ilegales-en-zona-de-alto-riesgo\/imagen-operativo-en-la-escombrera-desmonte-construcciones-ilegales-3\/'><img width=\"1600\" height=\"900\" src=\"https:\/\/www.medellin.gov.co\/es\/wp-content\/uploads\/2026\/04\/Imagen-Operativo-en-La-Escombrera-desmonte-construcciones-ilegales-3.jpg\" class=\"attachment-full size-full\" alt=\"Imagen Operativo en La Escombrera desmonte construcciones ilegales (5)\" loading=\"lazy\" srcset=\"https:\/\/www.medellin.gov.co\/es\/wp-content\/uploads\/2026\/04\/Imagen-Operativo-en-La-Escombrera-desmonte-construcciones-ilegales-3.jpg 1600w, https:\/\/www.medellin.gov.co\/es\/wp-content\/uploads\/2026\/04\/Imagen-Operativo-en-La-Escombrera-desmonte-construcciones-ilegales-3-300x169.jpg 300w, https:\/\/www.medellin.gov.co\/es\/wp-content\/uploads\/2026\/04\/Imagen-Operativo-en-La-Escombrera-desmonte-construcciones-ilegales-3-1024x576.jpg 1024w, https:\/\/www.medellin.gov.co\/es\/wp-content\/uploads\/2026\/04\/Imagen-Operativo-en-La-Escombrera-desmonte-construcciones-ilegales-3-150x84.jpg 150w, https:\/\/www.medellin.gov.co\/es\/wp-content\/uploads\/2026\/04\/Imagen-Operativo-en-La-Escombrera-desmonte-construcciones-ilegales-3-768x432.jpg 768w, https:\/\/www.medellin.gov.co\/es\/wp-content\/uploads\/2026\/04\/Imagen-Operativo-en-La-Escombrera-desmonte-construcciones-ilegales-3-1536x864.jpg 1536w\" sizes=\"(max-width: 1600px) 100vw, 1600px\" \/><\/a>\n\t\t\t<\/dt><\/dl><dl class='gallery-item'>\n\t\t\t<dt class='gallery-icon landscape'>\n\t\t\t\t<a href='https:\/\/www.medellin.gov.co\/es\/sala-de-prensa\/noticias\/operativo-en-la-escombrera-en-el-occidente-de-medellin-permitio-desmontar-construcciones-ilegales-en-zona-de-alto-riesgo\/imagen-operativo-en-la-escombrera-desmonte-construcciones-ilegales-5\/'><img width=\"1600\" height=\"910\" src=\"https:\/\/www.medellin.gov.co\/es\/wp-content\/uploads\/2026\/04\/Imagen-Operativo-en-La-Escombrera-desmonte-construcciones-ilegales-5.jpg\" class=\"attachment-full size-full\" alt=\"Imagen Operativo en La Escombrera desmonte construcciones ilegales (5)\" loading=\"lazy\" srcset=\"https:\/\/www.medellin.gov.co\/es\/wp-content\/uploads\/2026\/04\/Imagen-Operativo-en-La-Escombrera-desmonte-construcciones-ilegales-5.jpg 1600w, https:\/\/www.medellin.gov.co\/es\/wp-content\/uploads\/2026\/04\/Imagen-Operativo-en-La-Escombrera-desmonte-construcciones-ilegales-5-300x171.jpg 300w, https:\/\/www.medellin.gov.co\/es\/wp-content\/uploads\/2026\/04\/Imagen-Operativo-en-La-Escombrera-desmonte-construcciones-ilegales-5-1024x582.jpg 1024w, https:\/\/www.medellin.gov.co\/es\/wp-content\/uploads\/2026\/04\/Imagen-Operativo-en-La-Escombrera-desmonte-construcciones-ilegales-5-150x85.jpg 150w, https:\/\/www.medellin.gov.co\/es\/wp-content\/uploads\/2026\/04\/Imagen-Operativo-en-La-Escombrera-desmonte-construcciones-ilegales-5-768x437.jpg 768w, https:\/\/www.medellin.gov.co\/es\/wp-content\/uploads\/2026\/04\/Imagen-Operativo-en-La-Escombrera-desmonte-construcciones-ilegales-5-1536x874.jpg 1536w\" sizes=\"(max-width: 1600px) 100vw, 1600px\" \/><\/a>\n\t\t\t<\/dt><\/dl><br style=\"clear: both\" \/>\n\t\t<\/div>\n\n<p>\u201cEran estructuras en madera, teja y mamposter\u00eda que expon\u00edan a sus ocupantes a condiciones de riesgo. Estas acciones buscan prevenir emergencias, frenar la consolidaci\u00f3n de asentamientos en zonas restringidas y proteger a las comunidades desde el ordenamiento del territorio. Adem\u00e1s, permiten recuperar espacios que cumplen una funci\u00f3n ambiental clave para la ciudad y reducir presiones sobre zonas donde el riesgo es no mitigable\u201d, se\u00f1al\u00f3 el subsecretario de Control Urban\u00edstico, Juan Camilo Arredondo.<\/p>\n<p><img loading=\"lazy\" class=\"alignnone wp-image-523654 size-full\" title=\"Operativo en La Escombrera\" src=\"https:\/\/www.medellin.gov.co\/es\/wp-content\/uploads\/2026\/04\/Imagen-Operativo-en-La-Escombrera-desmonte-construcciones-ilegales-6.jpg\" alt=\"Imagen Operativo en La Escombrera desmonte construcciones ilegales (6)\" width=\"1600\" height=\"904\" srcset=\"https:\/\/www.medellin.gov.co\/es\/wp-content\/uploads\/2026\/04\/Imagen-Operativo-en-La-Escombrera-desmonte-construcciones-ilegales-6.jpg 1600w, https:\/\/www.medellin.gov.co\/es\/wp-content\/uploads\/2026\/04\/Imagen-Operativo-en-La-Escombrera-desmonte-construcciones-ilegales-6-300x170.jpg 300w, https:\/\/www.medellin.gov.co\/es\/wp-content\/uploads\/2026\/04\/Imagen-Operativo-en-La-Escombrera-desmonte-construcciones-ilegales-6-1024x579.jpg 1024w, https:\/\/www.medellin.gov.co\/es\/wp-content\/uploads\/2026\/04\/Imagen-Operativo-en-La-Escombrera-desmonte-construcciones-ilegales-6-150x85.jpg 150w, https:\/\/www.medellin.gov.co\/es\/wp-content\/uploads\/2026\/04\/Imagen-Operativo-en-La-Escombrera-desmonte-construcciones-ilegales-6-768x434.jpg 768w, https:\/\/www.medellin.gov.co\/es\/wp-content\/uploads\/2026\/04\/Imagen-Operativo-en-La-Escombrera-desmonte-construcciones-ilegales-6-1536x868.jpg 1536w\" sizes=\"(max-width: 1600px) 100vw, 1600px\" \/><\/p>\n<p>La intervenci\u00f3n fue realizada por la Secretar\u00eda de Seguridad y Convivencia, en cumplimiento de una orden de Polic\u00eda, con el apoyo de la Secretar\u00eda de Gesti\u00f3n y Control Territorial, a trav\u00e9s del componente Construye Bien, Inclusi\u00f3n Social y Medio Ambiente, as\u00ed como de Isvimed, <a href=\"https:\/\/www.icbf.gov.co\/inicio\" target=\"_blank\" rel=\"noopener\">ICBF<\/a> y la Polic\u00eda Nacional.<\/p>\n","protected":false},"excerpt":{"rendered":"<p>Las edificaciones estaban ubicadas en espacio p\u00fablico, a menos de 30 metros de la quebrada La Iguan\u00e1 y en una zona de alto riesgo no mitigable. El \u00e1rea hace parte de la estructura ecol\u00f3gica principal, &#8230;<\/p>\n","protected":false},"author":95,"featured_media":523671,"comment_status":"open","ping_status":"open","sticky":false,"template":"","format":"standard","meta":[],"categories":[7],"tags":[455],"formato_nota":[],"programas_tax":[],"acf":[],"_links":{"self":[{"href":"https:\/\/www.medellin.gov.co\/es\/wp-json\/wp\/v2\/posts\/523648"}],"collection":[{"href":"https:\/\/www.medellin.gov.co\/es\/wp-json\/wp\/v2\/posts"}],"about":[{"href":"https:\/\/www.medellin.gov.co\/es\/wp-json\/wp\/v2\/types\/post"}],"author":[{"embeddable":true,"href":"https:\/\/www.medellin.gov.co\/es\/wp-json\/wp\/v2\/users\/95"}],"replies":[{"embeddable":true,"href":"https:\/\/www.medellin.gov.co\/es\/wp-json\/wp\/v2\/comments?post=523648"}],"version-history":[{"count":1,"href":"https:\/\/www.medellin.gov.co\/es\/wp-json\/wp\/v2\/posts\/523648\/revisions"}],"predecessor-version":[{"id":523683,"href":"https:\/\/www.medellin.gov.co\/es\/wp-json\/wp\/v2\/posts\/523648\/revisions\/523683"}],"wp:featuredmedia":[{"embeddable":true,"href":"https:\/\/www.medellin.gov.co\/es\/wp-json\/wp\/v2\/media\/523671"}],"wp:attachment":[{"href":"https:\/\/www.medellin.gov.co\/es\/wp-json\/wp\/v2\/media?parent=523648"}],"wp:term":[{"taxonomy":"category","embeddable":true,"href":"https:\/\/www.medellin.gov.co\/es\/wp-json\/wp\/v2\/categories?post=523648"},{"taxonomy":"post_tag","embeddable":true,"href":"https:\/\/www.medellin.gov.co\/es\/wp-json\/wp\/v2\/tags?post=523648"},{"taxonomy":"formato_nota","embeddable":true,"href":"https:\/\/www.medellin.gov.co\/es\/wp-json\/wp\/v2\/formato_nota?post=523648"},{"taxonomy":"programas_tax","embeddable":true,"href":"https:\/\/www.medellin.gov.co\/es\/wp-json\/wp\/v2\/programas_tax?post=523648"}],"curies":[{"name":"wp","href":"https:\/\/api.w.org\/{rel}","templated":true}]}}