{"id":523686,"date":"2026-04-27T16:10:18","date_gmt":"2026-04-27T21:10:18","guid":{"rendered":"https:\/\/www.medellin.gov.co\/es\/?p=523686"},"modified":"2026-04-27T16:10:18","modified_gmt":"2026-04-27T21:10:18","slug":"el-distrito-socializo-las-propuestas-de-la-revision-del-pot-de-medellin-con-sectores-economicos-sociales-y-comunitarios","status":"publish","type":"post","link":"https:\/\/www.medellin.gov.co\/es\/sala-de-prensa\/noticias\/el-distrito-socializo-las-propuestas-de-la-revision-del-pot-de-medellin-con-sectores-economicos-sociales-y-comunitarios\/","title":{"rendered":"El Distrito socializ\u00f3 las propuestas de la revisi\u00f3n del POT de Medell\u00edn con sectores econ\u00f3micos, sociales y comunitarios"},"content":{"rendered":"<ul>\n<li>322 personas participaron en los cuatro encuentros que se realizaron en el marco de la consulta ciudadana del Plan de Ordenamiento Territorial.<\/li>\n<li>Asistieron representantes del sector inmobiliario, constructor, industrial, cultural, salud, educaci\u00f3n, libertad religiosa y de cultos.<\/li>\n<\/ul>\n<!--[if lt IE 9]><script>document.createElement('audio');<\/script><![endif]-->\n\t<div class=\"wp-playlist wp-audio-playlist wp-playlist-light\">\n\t\t\t<div class=\"wp-playlist-current-item\"><\/div>\n\t\t<audio controls=\"controls\" preload=\"none\" width=\"640\"\n\t\t\t><\/audio>\n\t<div class=\"wp-playlist-next\"><\/div>\n\t<div class=\"wp-playlist-prev\"><\/div>\n\t<noscript>\n\t<ol>\n\t\t<li><a href='https:\/\/www.medellin.gov.co\/es\/wp-content\/uploads\/2026\/04\/Declaraciones-directora-del-Departamento-Administrativo-de-Planeacion-Luz-Angela-Gonzalez-Gomez.mp3'>Declaraciones directora del Departamento Administrativo de Planeaci\u00f3n, Luz \u00c1ngela Gonz\u00e1lez G\u00f3mez<\/a><\/li><li><a href='https:\/\/www.medellin.gov.co\/es\/wp-content\/uploads\/2026\/04\/Declaraciones-directora-ejecutiva-de-Fenalco-Maria-Jose-Bernal-Gaviria.mp3'>Declaraciones directora ejecutiva de Fenalco, Mar\u00eda Jos\u00e9 Bernal Gaviria<\/a><\/li>\t<\/ol>\n\t<\/noscript>\n\t<script type=\"application\/json\" class=\"wp-playlist-script\">{\"type\":\"audio\",\"tracklist\":true,\"tracknumbers\":true,\"images\":true,\"artists\":true,\"tracks\":[{\"src\":\"https:\\\/\\\/www.medellin.gov.co\\\/es\\\/wp-content\\\/uploads\\\/2026\\\/04\\\/Declaraciones-directora-del-Departamento-Administrativo-de-Planeacion-Luz-Angela-Gonzalez-Gomez.mp3\",\"type\":\"audio\\\/mpeg\",\"title\":\"Declaraciones directora del Departamento Administrativo de Planeaci\\u00f3n, Luz \\u00c1ngela Gonz\\u00e1lez G\\u00f3mez\",\"caption\":\"\",\"description\":\"\\u00abDeclaraciones directora del Departamento Administrativo de Planeaci\\u00f3n, Luz \\u00c1ngela Gonz\\u00e1lez G\\u00f3mez\\u00bb. G\\u00e9nero: Blues.\",\"meta\":{\"genre\":\"Blues\",\"length_formatted\":\"1:03\"},\"image\":{\"src\":\"https:\\\/\\\/www.medellin.gov.co\\\/es\\\/wp-includes\\\/images\\\/media\\\/audio.png\",\"width\":48,\"height\":64},\"thumb\":{\"src\":\"https:\\\/\\\/www.medellin.gov.co\\\/es\\\/wp-includes\\\/images\\\/media\\\/audio.png\",\"width\":48,\"height\":64}},{\"src\":\"https:\\\/\\\/www.medellin.gov.co\\\/es\\\/wp-content\\\/uploads\\\/2026\\\/04\\\/Declaraciones-directora-ejecutiva-de-Fenalco-Maria-Jose-Bernal-Gaviria.mp3\",\"type\":\"audio\\\/mpeg\",\"title\":\"Declaraciones directora ejecutiva de Fenalco, Mar\\u00eda Jos\\u00e9 Bernal Gaviria\",\"caption\":\"\",\"description\":\"\\u00abDeclaraciones directora ejecutiva de Fenalco, Mar\\u00eda Jos\\u00e9 Bernal Gaviria\\u00bb. G\\u00e9nero: Blues.\",\"meta\":{\"genre\":\"Blues\",\"length_formatted\":\"1:04\"},\"image\":{\"src\":\"https:\\\/\\\/www.medellin.gov.co\\\/es\\\/wp-includes\\\/images\\\/media\\\/audio.png\",\"width\":48,\"height\":64},\"thumb\":{\"src\":\"https:\\\/\\\/www.medellin.gov.co\\\/es\\\/wp-includes\\\/images\\\/media\\\/audio.png\",\"width\":48,\"height\":64}}]}<\/script>\n<\/div>\n\t\n<p>Los colectivos, las organizaciones sociales y comunitarias tambi\u00e9n tuvieron espacio durante estas jornadas.<\/p>\n\n\t\t<style type=\"text\/css\">\n\t\t\t#gallery-1 {\n\t\t\t\tmargin: auto;\n\t\t\t}\n\t\t\t#gallery-1 .gallery-item {\n\t\t\t\tfloat: left;\n\t\t\t\tmargin-top: 10px;\n\t\t\t\ttext-align: center;\n\t\t\t\twidth: 50%;\n\t\t\t}\n\t\t\t#gallery-1 img {\n\t\t\t\tborder: 2px solid #cfcfcf;\n\t\t\t}\n\t\t\t#gallery-1 .gallery-caption {\n\t\t\t\tmargin-left: 0;\n\t\t\t}\n\t\t\t\/* see gallery_shortcode() in wp-includes\/media.php *\/\n\t\t<\/style>\n\t\t<div id='gallery-1' class='gallery galleryid-523686 gallery-columns-2 gallery-size-full'><dl class='gallery-item'>\n\t\t\t<dt class='gallery-icon landscape'>\n\t\t\t\t<a href='https:\/\/www.medellin.gov.co\/es\/sala-de-prensa\/noticias\/el-distrito-socializo-las-propuestas-de-la-revision-del-pot-de-medellin-con-sectores-economicos-sociales-y-comunitarios\/imagen-socializacion-propuestas-del-pot-con-sectores-economicos-sociales-y-comunitarios-1\/'><img width=\"1600\" height=\"897\" src=\"https:\/\/www.medellin.gov.co\/es\/wp-content\/uploads\/2026\/04\/Imagen-socializacion-propuestas-del-POT-con-sectores-economicos-sociales-y-comunitarios-1.jpg\" class=\"attachment-full size-full\" alt=\"Imagen socializaci\u00f3n propuestas del POT con sectores econ\u00f3micos, sociales y comunitarios (3)\" loading=\"lazy\" srcset=\"https:\/\/www.medellin.gov.co\/es\/wp-content\/uploads\/2026\/04\/Imagen-socializacion-propuestas-del-POT-con-sectores-economicos-sociales-y-comunitarios-1.jpg 1600w, https:\/\/www.medellin.gov.co\/es\/wp-content\/uploads\/2026\/04\/Imagen-socializacion-propuestas-del-POT-con-sectores-economicos-sociales-y-comunitarios-1-300x168.jpg 300w, https:\/\/www.medellin.gov.co\/es\/wp-content\/uploads\/2026\/04\/Imagen-socializacion-propuestas-del-POT-con-sectores-economicos-sociales-y-comunitarios-1-1024x574.jpg 1024w, https:\/\/www.medellin.gov.co\/es\/wp-content\/uploads\/2026\/04\/Imagen-socializacion-propuestas-del-POT-con-sectores-economicos-sociales-y-comunitarios-1-150x84.jpg 150w, https:\/\/www.medellin.gov.co\/es\/wp-content\/uploads\/2026\/04\/Imagen-socializacion-propuestas-del-POT-con-sectores-economicos-sociales-y-comunitarios-1-768x431.jpg 768w, https:\/\/www.medellin.gov.co\/es\/wp-content\/uploads\/2026\/04\/Imagen-socializacion-propuestas-del-POT-con-sectores-economicos-sociales-y-comunitarios-1-1536x861.jpg 1536w\" sizes=\"(max-width: 1600px) 100vw, 1600px\" \/><\/a>\n\t\t\t<\/dt><\/dl><dl class='gallery-item'>\n\t\t\t<dt class='gallery-icon landscape'>\n\t\t\t\t<a href='https:\/\/www.medellin.gov.co\/es\/sala-de-prensa\/noticias\/el-distrito-socializo-las-propuestas-de-la-revision-del-pot-de-medellin-con-sectores-economicos-sociales-y-comunitarios\/imagen-socializacion-propuestas-del-pot-con-sectores-economicos-sociales-y-comunitarios-3\/'><img width=\"1600\" height=\"898\" src=\"https:\/\/www.medellin.gov.co\/es\/wp-content\/uploads\/2026\/04\/Imagen-socializacion-propuestas-del-POT-con-sectores-economicos-sociales-y-comunitarios-3.jpg\" class=\"attachment-full size-full\" alt=\"Imagen socializaci\u00f3n propuestas del POT con sectores econ\u00f3micos, sociales y comunitarios (3)\" loading=\"lazy\" srcset=\"https:\/\/www.medellin.gov.co\/es\/wp-content\/uploads\/2026\/04\/Imagen-socializacion-propuestas-del-POT-con-sectores-economicos-sociales-y-comunitarios-3.jpg 1600w, https:\/\/www.medellin.gov.co\/es\/wp-content\/uploads\/2026\/04\/Imagen-socializacion-propuestas-del-POT-con-sectores-economicos-sociales-y-comunitarios-3-300x168.jpg 300w, https:\/\/www.medellin.gov.co\/es\/wp-content\/uploads\/2026\/04\/Imagen-socializacion-propuestas-del-POT-con-sectores-economicos-sociales-y-comunitarios-3-1024x575.jpg 1024w, https:\/\/www.medellin.gov.co\/es\/wp-content\/uploads\/2026\/04\/Imagen-socializacion-propuestas-del-POT-con-sectores-economicos-sociales-y-comunitarios-3-150x84.jpg 150w, https:\/\/www.medellin.gov.co\/es\/wp-content\/uploads\/2026\/04\/Imagen-socializacion-propuestas-del-POT-con-sectores-economicos-sociales-y-comunitarios-3-768x431.jpg 768w, https:\/\/www.medellin.gov.co\/es\/wp-content\/uploads\/2026\/04\/Imagen-socializacion-propuestas-del-POT-con-sectores-economicos-sociales-y-comunitarios-3-1536x862.jpg 1536w\" sizes=\"(max-width: 1600px) 100vw, 1600px\" \/><\/a>\n\t\t\t<\/dt><\/dl><br style=\"clear: both\" \/>\n\t\t<\/div>\n\n<p><a href=\"https:\/\/www.instagram.com\/alcaldiademed\/\" target=\"_blank\" rel=\"noopener\">La Alcald\u00eda de Medell\u00edn<\/a> mantiene la apuesta por socializar las propuestas que han surgido en el proceso de revisi\u00f3n y ajuste del Plan de Ordenamiento Territorial -POT-, con el fin de recoger opiniones, recomendaciones y observaciones de los diferentes sectores y organizaciones sociales y comunitarias.<\/p>\n<p>Por ello, realiz\u00f3 cuatro encuentros con estos actores estrat\u00e9gicos que contribuyen a la construcci\u00f3n colectiva de la ciudad.\u00a0 \u201cEstos encuentros nos permiten escuchar, de primera mano, a quienes viven, trabajan y construyen ciudad desde distintos \u00e1mbitos. Sus aportes son fundamentales para consolidar un POT que responda a las realidades actuales y a los desaf\u00edos futuros de Medell\u00edn\u201d, se\u00f1al\u00f3 la directora del Departamento Administrativo de Planeaci\u00f3n, Luz \u00c1ngela Gonz\u00e1lez G\u00f3mez.<\/p>\n<p><img loading=\"lazy\" class=\"alignnone wp-image-523694 size-full\" title=\"Socializaci\u00f3n propuestas del POT\" src=\"https:\/\/www.medellin.gov.co\/es\/wp-content\/uploads\/2026\/04\/Imagen-socializacion-propuestas-del-POT-con-sectores-economicos-sociales-y-comunitarios-2.jpg\" alt=\"Imagen socializaci\u00f3n propuestas del POT con sectores econ\u00f3micos, sociales y comunitarios (2)\" width=\"1600\" height=\"1066\" srcset=\"https:\/\/www.medellin.gov.co\/es\/wp-content\/uploads\/2026\/04\/Imagen-socializacion-propuestas-del-POT-con-sectores-economicos-sociales-y-comunitarios-2.jpg 1600w, https:\/\/www.medellin.gov.co\/es\/wp-content\/uploads\/2026\/04\/Imagen-socializacion-propuestas-del-POT-con-sectores-economicos-sociales-y-comunitarios-2-300x200.jpg 300w, https:\/\/www.medellin.gov.co\/es\/wp-content\/uploads\/2026\/04\/Imagen-socializacion-propuestas-del-POT-con-sectores-economicos-sociales-y-comunitarios-2-1024x682.jpg 1024w, https:\/\/www.medellin.gov.co\/es\/wp-content\/uploads\/2026\/04\/Imagen-socializacion-propuestas-del-POT-con-sectores-economicos-sociales-y-comunitarios-2-150x100.jpg 150w, https:\/\/www.medellin.gov.co\/es\/wp-content\/uploads\/2026\/04\/Imagen-socializacion-propuestas-del-POT-con-sectores-economicos-sociales-y-comunitarios-2-768x512.jpg 768w, https:\/\/www.medellin.gov.co\/es\/wp-content\/uploads\/2026\/04\/Imagen-socializacion-propuestas-del-POT-con-sectores-economicos-sociales-y-comunitarios-2-1536x1023.jpg 1536w\" sizes=\"(max-width: 1600px) 100vw, 1600px\" \/><\/p>\n<p>En estos espacios participaron 322 personas, entre las que se destacan representantes de Camacol, La Lonja, ProAntioquia, Fenalco y de otros sectores como el econ\u00f3mico, industrial, salud, cultural y educaci\u00f3n, as\u00ed como el de libertad religiosa y de cultos, entre otros, quienes compartieron sus visiones, preocupaciones y propuestas frente a los temas estrat\u00e9gicos de ciudad.<\/p>\n<p>\u201cLos empresarios necesitan reglas claras y planes estrat\u00e9gicos que no coh\u00edban ni coarten la innovaci\u00f3n, sino que permitan que fluya esa creatividad empresarial. Por eso, esta conversaci\u00f3n del POT se vuelve tan importante, porque lo que se autorice o no, en el mediano plazo en el crecimiento de la ciudad en materia de cada uno de los sectores econ\u00f3micos, va a determinar la competitividad y el desarrollo de Medell\u00edn\u201d, expres\u00f3 la directora ejecutiva de Fenalco, Mar\u00eda Jos\u00e9 Bernal Gaviria.<\/p>\n<p>Los encuentros, que se realizan en el marco de la fase de concertaci\u00f3n y consulta ciudadana de la revisi\u00f3n de mediano plazo del POT, han permitido identificar puntos de acuerdo y prioridades comunes, as\u00ed como particularidades propias de cada sector o comunidad, lo que fortalece un proceso participativo m\u00e1s amplio, incluyente y representativo.<\/p>\n<p><img loading=\"lazy\" class=\"alignnone wp-image-523689 size-full\" title=\"Socializaci\u00f3n propuestas del POT\" src=\"https:\/\/www.medellin.gov.co\/es\/wp-content\/uploads\/2026\/04\/Imagen-socializacion-propuestas-del-POT-con-sectores-economicos-sociales-y-comunitarios-4.jpg\" alt=\"Imagen socializaci\u00f3n propuestas del POT con sectores econ\u00f3micos, sociales y comunitarios (4)\" width=\"1600\" height=\"898\" srcset=\"https:\/\/www.medellin.gov.co\/es\/wp-content\/uploads\/2026\/04\/Imagen-socializacion-propuestas-del-POT-con-sectores-economicos-sociales-y-comunitarios-4.jpg 1600w, https:\/\/www.medellin.gov.co\/es\/wp-content\/uploads\/2026\/04\/Imagen-socializacion-propuestas-del-POT-con-sectores-economicos-sociales-y-comunitarios-4-300x168.jpg 300w, https:\/\/www.medellin.gov.co\/es\/wp-content\/uploads\/2026\/04\/Imagen-socializacion-propuestas-del-POT-con-sectores-economicos-sociales-y-comunitarios-4-1024x575.jpg 1024w, https:\/\/www.medellin.gov.co\/es\/wp-content\/uploads\/2026\/04\/Imagen-socializacion-propuestas-del-POT-con-sectores-economicos-sociales-y-comunitarios-4-150x84.jpg 150w, https:\/\/www.medellin.gov.co\/es\/wp-content\/uploads\/2026\/04\/Imagen-socializacion-propuestas-del-POT-con-sectores-economicos-sociales-y-comunitarios-4-768x431.jpg 768w, https:\/\/www.medellin.gov.co\/es\/wp-content\/uploads\/2026\/04\/Imagen-socializacion-propuestas-del-POT-con-sectores-economicos-sociales-y-comunitarios-4-1536x862.jpg 1536w\" sizes=\"(max-width: 1600px) 100vw, 1600px\" \/><\/p>\n<p>\u201cDurante las jornadas se abordaron temas como el mejoramiento integral de barrios, la renovaci\u00f3n urbana y la necesidad de fortalecer las acciones frente a la gesti\u00f3n del riesgo. Adem\u00e1s, se discutieron los conflictos territoriales con respecto a la regulaci\u00f3n de usos del suelo\u201d, agreg\u00f3 la directora de Planeaci\u00f3n.<\/p>\n<p>Los aportes recogidos en estos espacios ser\u00e1n analizados e incorporados en el proceso de revisi\u00f3n del POT. Posteriormente, el proyecto de acuerdo ser\u00e1 presentado ante el Concejo de Medell\u00edn para su discusi\u00f3n y aprobaci\u00f3n.<\/p>\n<p>La Administraci\u00f3n Distrital invita a la ciudadan\u00eda a seguir participando en los diferentes espacios habilitados y a consultar toda la informaci\u00f3n relacionada con este proceso a trav\u00e9s del sitio web <a href=\"http:\/\/www.medellin.gov.co\/pot\" target=\"_blank\" rel=\"noopener\">www.medellin.gov.co\/pot<\/a>.<\/p>\n","protected":false},"excerpt":{"rendered":"<p>322 personas participaron en los cuatro encuentros que se realizaron en el marco de la consulta ciudadana del Plan de Ordenamiento Territorial. Asistieron representantes del sector inmobiliario, constructor, industrial, cultural, salud, educaci\u00f3n, libertad religiosa y &#8230;<\/p>\n","protected":false},"author":95,"featured_media":523688,"comment_status":"open","ping_status":"open","sticky":false,"template":"","format":"standard","meta":[],"categories":[29],"tags":[455,443],"formato_nota":[],"programas_tax":[],"acf":[],"_links":{"self":[{"href":"https:\/\/www.medellin.gov.co\/es\/wp-json\/wp\/v2\/posts\/523686"}],"collection":[{"href":"https:\/\/www.medellin.gov.co\/es\/wp-json\/wp\/v2\/posts"}],"about":[{"href":"https:\/\/www.medellin.gov.co\/es\/wp-json\/wp\/v2\/types\/post"}],"author":[{"embeddable":true,"href":"https:\/\/www.medellin.gov.co\/es\/wp-json\/wp\/v2\/users\/95"}],"replies":[{"embeddable":true,"href":"https:\/\/www.medellin.gov.co\/es\/wp-json\/wp\/v2\/comments?post=523686"}],"version-history":[{"count":1,"href":"https:\/\/www.medellin.gov.co\/es\/wp-json\/wp\/v2\/posts\/523686\/revisions"}],"predecessor-version":[{"id":523704,"href":"https:\/\/www.medellin.gov.co\/es\/wp-json\/wp\/v2\/posts\/523686\/revisions\/523704"}],"wp:featuredmedia":[{"embeddable":true,"href":"https:\/\/www.medellin.gov.co\/es\/wp-json\/wp\/v2\/media\/523688"}],"wp:attachment":[{"href":"https:\/\/www.medellin.gov.co\/es\/wp-json\/wp\/v2\/media?parent=523686"}],"wp:term":[{"taxonomy":"category","embeddable":true,"href":"https:\/\/www.medellin.gov.co\/es\/wp-json\/wp\/v2\/categories?post=523686"},{"taxonomy":"post_tag","embeddable":true,"href":"https:\/\/www.medellin.gov.co\/es\/wp-json\/wp\/v2\/tags?post=523686"},{"taxonomy":"formato_nota","embeddable":true,"href":"https:\/\/www.medellin.gov.co\/es\/wp-json\/wp\/v2\/formato_nota?post=523686"},{"taxonomy":"programas_tax","embeddable":true,"href":"https:\/\/www.medellin.gov.co\/es\/wp-json\/wp\/v2\/programas_tax?post=523686"}],"curies":[{"name":"wp","href":"https:\/\/api.w.org\/{rel}","templated":true}]}}