{"id":524155,"date":"2026-04-28T15:45:56","date_gmt":"2026-04-28T20:45:56","guid":{"rendered":"https:\/\/www.medellin.gov.co\/es\/?p=524155"},"modified":"2026-04-28T15:45:56","modified_gmt":"2026-04-28T20:45:56","slug":"megaoperativo-en-el-centro-de-medellin-golpea-estructuras-criminales-con-incautaciones-y-comparendos","status":"publish","type":"post","link":"https:\/\/www.medellin.gov.co\/es\/sala-de-prensa\/noticias\/megaoperativo-en-el-centro-de-medellin-golpea-estructuras-criminales-con-incautaciones-y-comparendos\/","title":{"rendered":"Megaoperativo en el Centro de Medell\u00edn golpea estructuras criminales con incautaciones y comparendos"},"content":{"rendered":"<ul>\n<li>Durante una estrategia conjunta, las autoridades intervinieron puntos cr\u00edticos donde se concentran delitos como hurtos, ri\u00f1as y afectaciones a la convivencia.<\/li>\n<li>El operativo dej\u00f3 82 comparendos (33 de tr\u00e1nsito), 12 motos inmovilizadas y 11 suspensiones econ\u00f3micas.<\/li>\n<\/ul>\n<!--[if lt IE 9]><script>document.createElement('audio');<\/script><![endif]-->\n\t<div class=\"wp-playlist wp-audio-playlist wp-playlist-light\">\n\t\t\t<div class=\"wp-playlist-current-item\"><\/div>\n\t\t<audio controls=\"controls\" preload=\"none\" width=\"640\"\n\t\t\t><\/audio>\n\t<div class=\"wp-playlist-next\"><\/div>\n\t<div class=\"wp-playlist-prev\"><\/div>\n\t<noscript>\n\t<ol>\n\t\t<li><a href='https:\/\/www.medellin.gov.co\/es\/wp-content\/uploads\/2026\/04\/Declaraciones-secretario-de-Seguridad-y-Convivencia-Manuel-Villa-Mejia-1.mp3'>Declaraciones secretario de Seguridad y Convivencia, Manuel Villa Mej\u00eda<\/a><\/li>\t<\/ol>\n\t<\/noscript>\n\t<script type=\"application\/json\" class=\"wp-playlist-script\">{\"type\":\"audio\",\"tracklist\":true,\"tracknumbers\":true,\"images\":true,\"artists\":true,\"tracks\":[{\"src\":\"https:\\\/\\\/www.medellin.gov.co\\\/es\\\/wp-content\\\/uploads\\\/2026\\\/04\\\/Declaraciones-secretario-de-Seguridad-y-Convivencia-Manuel-Villa-Mejia-1.mp3\",\"type\":\"audio\\\/mpeg\",\"title\":\"Declaraciones secretario de Seguridad y Convivencia, Manuel Villa Mej\\u00eda\",\"caption\":\"\",\"description\":\"\\u00abDeclaraciones secretario de Seguridad y Convivencia, Manuel Villa Mej\\u00eda\\u00bb. G\\u00e9nero: Blues.\",\"meta\":{\"genre\":\"Blues\",\"length_formatted\":\"1:46\"},\"image\":{\"src\":\"https:\\\/\\\/www.medellin.gov.co\\\/es\\\/wp-includes\\\/images\\\/media\\\/audio.png\",\"width\":48,\"height\":64},\"thumb\":{\"src\":\"https:\\\/\\\/www.medellin.gov.co\\\/es\\\/wp-includes\\\/images\\\/media\\\/audio.png\",\"width\":48,\"height\":64}}]}<\/script>\n<\/div>\n\t\n<p>Gracias a estas acciones, en el Centro han disminuido delitos como el homicidio y el hurto. Mediante una nueva acci\u00f3n articulada, las autoridades realizaron un megaoperativo en sectores estrat\u00e9gicos del Centro de Medell\u00edn, como El Viaducto, Barbacoas, Veracruz, Tejelo, Rojas Pinilla y la avenida Greiff, donde impactaron focos de criminalidad urbana.<\/p>\n\n\t\t<style type=\"text\/css\">\n\t\t\t#gallery-1 {\n\t\t\t\tmargin: auto;\n\t\t\t}\n\t\t\t#gallery-1 .gallery-item {\n\t\t\t\tfloat: left;\n\t\t\t\tmargin-top: 10px;\n\t\t\t\ttext-align: center;\n\t\t\t\twidth: 50%;\n\t\t\t}\n\t\t\t#gallery-1 img {\n\t\t\t\tborder: 2px solid #cfcfcf;\n\t\t\t}\n\t\t\t#gallery-1 .gallery-caption {\n\t\t\t\tmargin-left: 0;\n\t\t\t}\n\t\t\t\/* see gallery_shortcode() in wp-includes\/media.php *\/\n\t\t<\/style>\n\t\t<div id='gallery-1' class='gallery galleryid-524155 gallery-columns-2 gallery-size-full'><dl class='gallery-item'>\n\t\t\t<dt class='gallery-icon landscape'>\n\t\t\t\t<a href='https:\/\/www.medellin.gov.co\/es\/sala-de-prensa\/noticias\/megaoperativo-en-el-centro-de-medellin-golpea-estructuras-criminales-con-incautaciones-y-comparendos\/imagen-megaoperativo-en-el-centro-de-medellin-1\/'><img width=\"1280\" height=\"720\" src=\"https:\/\/www.medellin.gov.co\/es\/wp-content\/uploads\/2026\/04\/Imagen-Megaoperativo-en-el-Centro-de-Medellin-1.jpg\" class=\"attachment-full size-full\" alt=\"Imagen Megaoperativo en el Centro de Medell\u00edn (3)\" loading=\"lazy\" srcset=\"https:\/\/www.medellin.gov.co\/es\/wp-content\/uploads\/2026\/04\/Imagen-Megaoperativo-en-el-Centro-de-Medellin-1.jpg 1280w, https:\/\/www.medellin.gov.co\/es\/wp-content\/uploads\/2026\/04\/Imagen-Megaoperativo-en-el-Centro-de-Medellin-1-300x169.jpg 300w, https:\/\/www.medellin.gov.co\/es\/wp-content\/uploads\/2026\/04\/Imagen-Megaoperativo-en-el-Centro-de-Medellin-1-1024x576.jpg 1024w, https:\/\/www.medellin.gov.co\/es\/wp-content\/uploads\/2026\/04\/Imagen-Megaoperativo-en-el-Centro-de-Medellin-1-150x84.jpg 150w, https:\/\/www.medellin.gov.co\/es\/wp-content\/uploads\/2026\/04\/Imagen-Megaoperativo-en-el-Centro-de-Medellin-1-768x432.jpg 768w\" sizes=\"(max-width: 1280px) 100vw, 1280px\" \/><\/a>\n\t\t\t<\/dt><\/dl><dl class='gallery-item'>\n\t\t\t<dt class='gallery-icon landscape'>\n\t\t\t\t<a href='https:\/\/www.medellin.gov.co\/es\/sala-de-prensa\/noticias\/megaoperativo-en-el-centro-de-medellin-golpea-estructuras-criminales-con-incautaciones-y-comparendos\/imagen-megaoperativo-en-el-centro-de-medellin-3\/'><img width=\"1280\" height=\"720\" src=\"https:\/\/www.medellin.gov.co\/es\/wp-content\/uploads\/2026\/04\/Imagen-Megaoperativo-en-el-Centro-de-Medellin-3.jpg\" class=\"attachment-full size-full\" alt=\"Imagen Megaoperativo en el Centro de Medell\u00edn (3)\" loading=\"lazy\" srcset=\"https:\/\/www.medellin.gov.co\/es\/wp-content\/uploads\/2026\/04\/Imagen-Megaoperativo-en-el-Centro-de-Medellin-3.jpg 1280w, https:\/\/www.medellin.gov.co\/es\/wp-content\/uploads\/2026\/04\/Imagen-Megaoperativo-en-el-Centro-de-Medellin-3-300x169.jpg 300w, https:\/\/www.medellin.gov.co\/es\/wp-content\/uploads\/2026\/04\/Imagen-Megaoperativo-en-el-Centro-de-Medellin-3-1024x576.jpg 1024w, https:\/\/www.medellin.gov.co\/es\/wp-content\/uploads\/2026\/04\/Imagen-Megaoperativo-en-el-Centro-de-Medellin-3-150x84.jpg 150w, https:\/\/www.medellin.gov.co\/es\/wp-content\/uploads\/2026\/04\/Imagen-Megaoperativo-en-el-Centro-de-Medellin-3-768x432.jpg 768w\" sizes=\"(max-width: 1280px) 100vw, 1280px\" \/><\/a>\n\t\t\t<\/dt><\/dl><br style=\"clear: both\" \/>\n\t\t<\/div>\n\n<p>La intervenci\u00f3n, liderada por la Administraci\u00f3n Distrital, la Polic\u00eda y el Ej\u00e9rcito, dej\u00f3 m\u00e1s de 1.200 verificaciones de antecedentes, 95 armas cortopunzantes incautadas y la aplicaci\u00f3n de m\u00faltiples medidas correctivas.<\/p>\n<p>El operativo integr\u00f3 capacidades de vigilancia, inteligencia y control territorial con unidades especializadas de la Fuerza P\u00fablica, as\u00ed como grupos de turismo, lo que permiti\u00f3 intervenir puntos cr\u00edticos donde se concentran delitos como hurtos, ri\u00f1as y afectaciones a la convivencia ciudadana, acciones que forman parte de una estrategia focalizada basada en an\u00e1lisis de datos en la comuna 10, La Candelaria.<\/p>\n<p><img loading=\"lazy\" class=\"alignnone wp-image-524164 size-full\" title=\"Megaoperativo en el Centro de Medell\u00edn \" src=\"https:\/\/www.medellin.gov.co\/es\/wp-content\/uploads\/2026\/04\/Imagen-Megaoperativo-en-el-Centro-de-Medellin-2.jpg\" alt=\"Imagen Megaoperativo en el Centro de Medell\u00edn (2)\" width=\"1280\" height=\"720\" srcset=\"https:\/\/www.medellin.gov.co\/es\/wp-content\/uploads\/2026\/04\/Imagen-Megaoperativo-en-el-Centro-de-Medellin-2.jpg 1280w, https:\/\/www.medellin.gov.co\/es\/wp-content\/uploads\/2026\/04\/Imagen-Megaoperativo-en-el-Centro-de-Medellin-2-300x169.jpg 300w, https:\/\/www.medellin.gov.co\/es\/wp-content\/uploads\/2026\/04\/Imagen-Megaoperativo-en-el-Centro-de-Medellin-2-1024x576.jpg 1024w, https:\/\/www.medellin.gov.co\/es\/wp-content\/uploads\/2026\/04\/Imagen-Megaoperativo-en-el-Centro-de-Medellin-2-150x84.jpg 150w, https:\/\/www.medellin.gov.co\/es\/wp-content\/uploads\/2026\/04\/Imagen-Megaoperativo-en-el-Centro-de-Medellin-2-768x432.jpg 768w\" sizes=\"(max-width: 1280px) 100vw, 1280px\" \/><\/p>\n<p>Como consecuencia, en lo corrido de 2026, los homicidios en este lugar han bajado en un 27 % y el hurto a personas en un 25 %. \u201cEl Centro no es territorio de nadie. Aqu\u00ed hay autoridad, control y una institucionalidad que act\u00faa con contundencia. Cada operativo env\u00eda un mensaje directo a las estructuras criminales, en <a href=\"https:\/\/www.instagram.com\/alcaldiademed\/\" target=\"_blank\" rel=\"noopener\">Medell\u00edn<\/a> no hay espacio para la ilegalidad\u201d, afirm\u00f3 el secretario de Seguridad y Convivencia, Manuel Villa Mej\u00eda.<\/p>\n<p>Las zonas intervenidas han sido hist\u00f3ricamente puntos de alta concentraci\u00f3n de delitos asociados a econom\u00edas ilegales, porte de armas y ocupaci\u00f3n indebida del espacio p\u00fablico. La incautaci\u00f3n de armas blancas y las suspensiones de actividades econ\u00f3micas evidencian el control sobre actores que alteraban la seguridad y la convivencia, lo cual impacta directamente comportamientos delictivos recurrentes en el coraz\u00f3n de Medell\u00edn.<\/p>\n\n\t\t<style type=\"text\/css\">\n\t\t\t#gallery-2 {\n\t\t\t\tmargin: auto;\n\t\t\t}\n\t\t\t#gallery-2 .gallery-item {\n\t\t\t\tfloat: left;\n\t\t\t\tmargin-top: 10px;\n\t\t\t\ttext-align: center;\n\t\t\t\twidth: 50%;\n\t\t\t}\n\t\t\t#gallery-2 img {\n\t\t\t\tborder: 2px solid #cfcfcf;\n\t\t\t}\n\t\t\t#gallery-2 .gallery-caption {\n\t\t\t\tmargin-left: 0;\n\t\t\t}\n\t\t\t\/* see gallery_shortcode() in wp-includes\/media.php *\/\n\t\t<\/style>\n\t\t<div id='gallery-2' class='gallery galleryid-524155 gallery-columns-2 gallery-size-full'><dl class='gallery-item'>\n\t\t\t<dt class='gallery-icon landscape'>\n\t\t\t\t<a href='https:\/\/www.medellin.gov.co\/es\/sala-de-prensa\/noticias\/megaoperativo-en-el-centro-de-medellin-golpea-estructuras-criminales-con-incautaciones-y-comparendos\/imagen-megaoperativo-en-el-centro-de-medellin-4\/'><img width=\"1280\" height=\"720\" src=\"https:\/\/www.medellin.gov.co\/es\/wp-content\/uploads\/2026\/04\/Imagen-Megaoperativo-en-el-Centro-de-Medellin-4.jpg\" class=\"attachment-full size-full\" alt=\"Imagen Megaoperativo en el Centro de Medell\u00edn (5)\" loading=\"lazy\" srcset=\"https:\/\/www.medellin.gov.co\/es\/wp-content\/uploads\/2026\/04\/Imagen-Megaoperativo-en-el-Centro-de-Medellin-4.jpg 1280w, https:\/\/www.medellin.gov.co\/es\/wp-content\/uploads\/2026\/04\/Imagen-Megaoperativo-en-el-Centro-de-Medellin-4-300x169.jpg 300w, https:\/\/www.medellin.gov.co\/es\/wp-content\/uploads\/2026\/04\/Imagen-Megaoperativo-en-el-Centro-de-Medellin-4-1024x576.jpg 1024w, https:\/\/www.medellin.gov.co\/es\/wp-content\/uploads\/2026\/04\/Imagen-Megaoperativo-en-el-Centro-de-Medellin-4-150x84.jpg 150w, https:\/\/www.medellin.gov.co\/es\/wp-content\/uploads\/2026\/04\/Imagen-Megaoperativo-en-el-Centro-de-Medellin-4-768x432.jpg 768w\" sizes=\"(max-width: 1280px) 100vw, 1280px\" \/><\/a>\n\t\t\t<\/dt><\/dl><dl class='gallery-item'>\n\t\t\t<dt class='gallery-icon landscape'>\n\t\t\t\t<a href='https:\/\/www.medellin.gov.co\/es\/sala-de-prensa\/noticias\/megaoperativo-en-el-centro-de-medellin-golpea-estructuras-criminales-con-incautaciones-y-comparendos\/imagen-megaoperativo-en-el-centro-de-medellin-5\/'><img width=\"1280\" height=\"720\" src=\"https:\/\/www.medellin.gov.co\/es\/wp-content\/uploads\/2026\/04\/Imagen-Megaoperativo-en-el-Centro-de-Medellin-5.jpg\" class=\"attachment-full size-full\" alt=\"Imagen Megaoperativo en el Centro de Medell\u00edn (5)\" loading=\"lazy\" srcset=\"https:\/\/www.medellin.gov.co\/es\/wp-content\/uploads\/2026\/04\/Imagen-Megaoperativo-en-el-Centro-de-Medellin-5.jpg 1280w, https:\/\/www.medellin.gov.co\/es\/wp-content\/uploads\/2026\/04\/Imagen-Megaoperativo-en-el-Centro-de-Medellin-5-300x169.jpg 300w, https:\/\/www.medellin.gov.co\/es\/wp-content\/uploads\/2026\/04\/Imagen-Megaoperativo-en-el-Centro-de-Medellin-5-1024x576.jpg 1024w, https:\/\/www.medellin.gov.co\/es\/wp-content\/uploads\/2026\/04\/Imagen-Megaoperativo-en-el-Centro-de-Medellin-5-150x84.jpg 150w, https:\/\/www.medellin.gov.co\/es\/wp-content\/uploads\/2026\/04\/Imagen-Megaoperativo-en-el-Centro-de-Medellin-5-768x432.jpg 768w\" sizes=\"(max-width: 1280px) 100vw, 1280px\" \/><\/a>\n\t\t\t<\/dt><\/dl><br style=\"clear: both\" \/>\n\t\t<\/div>\n\n<p>\u201cEstamos cerrando el cerco contra la criminalidad con inteligencia, presencia y resultados. Aqu\u00ed no hay tregua contra el delito. Vamos a seguir recuperando el territorio, protegiendo a los ciudadanos y devolvi\u00e9ndole la tranquilidad a Medell\u00edn\u201d, agreg\u00f3 el secretario Villa Mej\u00eda.<\/p>\n<p><img loading=\"lazy\" class=\"alignnone wp-image-524160 size-full\" title=\"Megaoperativo en el Centro de Medell\u00edn\" src=\"https:\/\/www.medellin.gov.co\/es\/wp-content\/uploads\/2026\/04\/Imagen-Megaoperativo-en-el-Centro-de-Medellin-7.jpg\" alt=\"Imagen Megaoperativo en el Centro de Medell\u00edn (7)\" width=\"1280\" height=\"720\" srcset=\"https:\/\/www.medellin.gov.co\/es\/wp-content\/uploads\/2026\/04\/Imagen-Megaoperativo-en-el-Centro-de-Medellin-7.jpg 1280w, https:\/\/www.medellin.gov.co\/es\/wp-content\/uploads\/2026\/04\/Imagen-Megaoperativo-en-el-Centro-de-Medellin-7-300x169.jpg 300w, https:\/\/www.medellin.gov.co\/es\/wp-content\/uploads\/2026\/04\/Imagen-Megaoperativo-en-el-Centro-de-Medellin-7-1024x576.jpg 1024w, https:\/\/www.medellin.gov.co\/es\/wp-content\/uploads\/2026\/04\/Imagen-Megaoperativo-en-el-Centro-de-Medellin-7-150x84.jpg 150w, https:\/\/www.medellin.gov.co\/es\/wp-content\/uploads\/2026\/04\/Imagen-Megaoperativo-en-el-Centro-de-Medellin-7-768x432.jpg 768w\" sizes=\"(max-width: 1280px) 100vw, 1280px\" \/><\/p>\n<p>Adem\u00e1s de la aplicaci\u00f3n de medidas correctivas, el operativo dej\u00f3 inmovilizaciones de veh\u00edculos y la identificaci\u00f3n de posibles actores vinculados a conductas delictivas, informaci\u00f3n que ser\u00e1 trasladada a las autoridades judiciales para avanzar en procesos investigativos. Estas intervenciones continuar\u00e1n de forma sostenida como parte de la estrategia integral de control territorial en Medell\u00edn.<\/p>\n","protected":false},"excerpt":{"rendered":"<p>Durante una estrategia conjunta, las autoridades intervinieron puntos cr\u00edticos donde se concentran delitos como hurtos, ri\u00f1as y afectaciones a la convivencia. El operativo dej\u00f3 82 comparendos (33 de tr\u00e1nsito), 12 motos inmovilizadas y 11 suspensiones &#8230;<\/p>\n","protected":false},"author":95,"featured_media":524158,"comment_status":"open","ping_status":"open","sticky":false,"template":"","format":"standard","meta":[],"categories":[21],"tags":[619],"formato_nota":[],"programas_tax":[],"acf":[],"_links":{"self":[{"href":"https:\/\/www.medellin.gov.co\/es\/wp-json\/wp\/v2\/posts\/524155"}],"collection":[{"href":"https:\/\/www.medellin.gov.co\/es\/wp-json\/wp\/v2\/posts"}],"about":[{"href":"https:\/\/www.medellin.gov.co\/es\/wp-json\/wp\/v2\/types\/post"}],"author":[{"embeddable":true,"href":"https:\/\/www.medellin.gov.co\/es\/wp-json\/wp\/v2\/users\/95"}],"replies":[{"embeddable":true,"href":"https:\/\/www.medellin.gov.co\/es\/wp-json\/wp\/v2\/comments?post=524155"}],"version-history":[{"count":1,"href":"https:\/\/www.medellin.gov.co\/es\/wp-json\/wp\/v2\/posts\/524155\/revisions"}],"predecessor-version":[{"id":524173,"href":"https:\/\/www.medellin.gov.co\/es\/wp-json\/wp\/v2\/posts\/524155\/revisions\/524173"}],"wp:featuredmedia":[{"embeddable":true,"href":"https:\/\/www.medellin.gov.co\/es\/wp-json\/wp\/v2\/media\/524158"}],"wp:attachment":[{"href":"https:\/\/www.medellin.gov.co\/es\/wp-json\/wp\/v2\/media?parent=524155"}],"wp:term":[{"taxonomy":"category","embeddable":true,"href":"https:\/\/www.medellin.gov.co\/es\/wp-json\/wp\/v2\/categories?post=524155"},{"taxonomy":"post_tag","embeddable":true,"href":"https:\/\/www.medellin.gov.co\/es\/wp-json\/wp\/v2\/tags?post=524155"},{"taxonomy":"formato_nota","embeddable":true,"href":"https:\/\/www.medellin.gov.co\/es\/wp-json\/wp\/v2\/formato_nota?post=524155"},{"taxonomy":"programas_tax","embeddable":true,"href":"https:\/\/www.medellin.gov.co\/es\/wp-json\/wp\/v2\/programas_tax?post=524155"}],"curies":[{"name":"wp","href":"https:\/\/api.w.org\/{rel}","templated":true}]}}