{"id":524175,"date":"2026-04-28T15:55:50","date_gmt":"2026-04-28T20:55:50","guid":{"rendered":"https:\/\/www.medellin.gov.co\/es\/?p=524175"},"modified":"2026-04-28T15:55:50","modified_gmt":"2026-04-28T20:55:50","slug":"mas-de-5-000-estudiantes-de-colegios-de-medellin-resuelven-retos-de-ciudad-con-ciencia-tecnologia-e-innovacion","status":"publish","type":"post","link":"https:\/\/www.medellin.gov.co\/es\/sala-de-prensa\/noticias\/mas-de-5-000-estudiantes-de-colegios-de-medellin-resuelven-retos-de-ciudad-con-ciencia-tecnologia-e-innovacion\/","title":{"rendered":"M\u00e1s de 5.000 estudiantes de colegios de Medell\u00edn resuelven retos de ciudad con ciencia, tecnolog\u00eda e innovaci\u00f3n"},"content":{"rendered":"<ul>\n<li>El programa Generaci\u00f3n Tech de Ruta N llega a 208 instituciones educativas del Distrito y tambi\u00e9n promueve el rol de 417 docentes como agentes de innovaci\u00f3n educativa.<\/li>\n<li>Los procesos formativos incluyen el uso de tecnolog\u00edas como inteligencia artificial, Internet de las Cosas y rob\u00f3tica.<\/li>\n<\/ul>\n<!--[if lt IE 9]><script>document.createElement('audio');<\/script><![endif]-->\n\t<div class=\"wp-playlist wp-audio-playlist wp-playlist-light\">\n\t\t\t<div class=\"wp-playlist-current-item\"><\/div>\n\t\t<audio controls=\"controls\" preload=\"none\" width=\"640\"\n\t\t\t><\/audio>\n\t<div class=\"wp-playlist-next\"><\/div>\n\t<div class=\"wp-playlist-prev\"><\/div>\n\t<noscript>\n\t<ol>\n\t\t<li><a href='https:\/\/www.medellin.gov.co\/es\/wp-content\/uploads\/2026\/04\/Declaraciones-directora-ejecutiva-de-Ruta-N-Carolina-Londono-2.mp3'>Declaraciones directora ejecutiva de Ruta N, Carolina Londo\u00f1o<\/a><\/li><li><a href='https:\/\/www.medellin.gov.co\/es\/wp-content\/uploads\/2026\/04\/Declaraciones-Emmanuel-Alvarez-estudiante-de-la-Institucion-Educativa-Juvenil-Nuevo-Futuro.mp3'>Declaraciones Emmanuel \u00c1lvarez, estudiante de la Instituci\u00f3n Educativa Juvenil Nuevo Futuro<\/a><\/li><li><a href='https:\/\/www.medellin.gov.co\/es\/wp-content\/uploads\/2026\/04\/Declaraciones-Monica-Berrio-docente-de-la-Institucion-Educativa-Juvenil-Nuevo-Futuro.mp3'>Declaraciones M\u00f3nica Berr\u00edo, docente de la Instituci\u00f3n Educativa Juvenil Nuevo Futuro<\/a><\/li>\t<\/ol>\n\t<\/noscript>\n\t<script type=\"application\/json\" class=\"wp-playlist-script\">{\"type\":\"audio\",\"tracklist\":true,\"tracknumbers\":true,\"images\":true,\"artists\":true,\"tracks\":[{\"src\":\"https:\\\/\\\/www.medellin.gov.co\\\/es\\\/wp-content\\\/uploads\\\/2026\\\/04\\\/Declaraciones-directora-ejecutiva-de-Ruta-N-Carolina-Londono-2.mp3\",\"type\":\"audio\\\/mpeg\",\"title\":\"Declaraciones directora ejecutiva de Ruta N, Carolina Londo\\u00f1o\",\"caption\":\"\",\"description\":\"\\u00abDeclaraciones directora ejecutiva de Ruta N, Carolina Londo\\u00f1o\\u00bb. G\\u00e9nero: Blues.\",\"meta\":{\"genre\":\"Blues\",\"length_formatted\":\"0:49\"},\"image\":{\"src\":\"https:\\\/\\\/www.medellin.gov.co\\\/es\\\/wp-includes\\\/images\\\/media\\\/audio.png\",\"width\":48,\"height\":64},\"thumb\":{\"src\":\"https:\\\/\\\/www.medellin.gov.co\\\/es\\\/wp-includes\\\/images\\\/media\\\/audio.png\",\"width\":48,\"height\":64}},{\"src\":\"https:\\\/\\\/www.medellin.gov.co\\\/es\\\/wp-content\\\/uploads\\\/2026\\\/04\\\/Declaraciones-Emmanuel-Alvarez-estudiante-de-la-Institucion-Educativa-Juvenil-Nuevo-Futuro.mp3\",\"type\":\"audio\\\/mpeg\",\"title\":\"Declaraciones Emmanuel \\u00c1lvarez, estudiante de la Instituci\\u00f3n Educativa Juvenil Nuevo Futuro\",\"caption\":\"\",\"description\":\"\\u00abDeclaraciones Emmanuel \\u00c1lvarez, estudiante de la Instituci\\u00f3n Educativa Juvenil Nuevo Futuro\\u00bb. G\\u00e9nero: Blues.\",\"meta\":{\"genre\":\"Blues\",\"length_formatted\":\"0:40\"},\"image\":{\"src\":\"https:\\\/\\\/www.medellin.gov.co\\\/es\\\/wp-includes\\\/images\\\/media\\\/audio.png\",\"width\":48,\"height\":64},\"thumb\":{\"src\":\"https:\\\/\\\/www.medellin.gov.co\\\/es\\\/wp-includes\\\/images\\\/media\\\/audio.png\",\"width\":48,\"height\":64}},{\"src\":\"https:\\\/\\\/www.medellin.gov.co\\\/es\\\/wp-content\\\/uploads\\\/2026\\\/04\\\/Declaraciones-Monica-Berrio-docente-de-la-Institucion-Educativa-Juvenil-Nuevo-Futuro.mp3\",\"type\":\"audio\\\/mpeg\",\"title\":\"Declaraciones M\\u00f3nica Berr\\u00edo, docente de la Instituci\\u00f3n Educativa Juvenil Nuevo Futuro\",\"caption\":\"\",\"description\":\"\\u00abDeclaraciones M\\u00f3nica Berr\\u00edo, docente de la Instituci\\u00f3n Educativa Juvenil Nuevo Futuro\\u00bb. G\\u00e9nero: Blues.\",\"meta\":{\"genre\":\"Blues\",\"length_formatted\":\"0:51\"},\"image\":{\"src\":\"https:\\\/\\\/www.medellin.gov.co\\\/es\\\/wp-includes\\\/images\\\/media\\\/audio.png\",\"width\":48,\"height\":64},\"thumb\":{\"src\":\"https:\\\/\\\/www.medellin.gov.co\\\/es\\\/wp-includes\\\/images\\\/media\\\/audio.png\",\"width\":48,\"height\":64}}]}<\/script>\n<\/div>\n\t\n<p>M\u00e1s de 5.000 estudiantes y 417 docentes, de 208 instituciones educativas p\u00fablicas y privadas de Medell\u00edn, hacen parte de la tercera edici\u00f3n de Generaci\u00f3n Tech, el programa de <a href=\"https:\/\/rutanmedellin.org\/\" target=\"_blank\" rel=\"noopener\">Ruta N<\/a> que este a\u00f1o logr\u00f3 un hito hist\u00f3rico: creci\u00f3 725 % en participaci\u00f3n, es decir, increment\u00f3 su impacto siete veces.<\/p>\n<p><img loading=\"lazy\" class=\"alignnone wp-image-524182 size-full\" title=\"Colegios resuelven retos de ciudad con ciencia, tecnolog\u00eda e innovaci\u00f3n\" src=\"https:\/\/www.medellin.gov.co\/es\/wp-content\/uploads\/2026\/04\/Imagen-colegios-resuelven-retos-de-ciudad-con-ciencia-tecnologia-e-innovacion-1.jpg\" alt=\"Imagen colegios resuelven retos de ciudad con ciencia, tecnolog\u00eda e innovaci\u00f3n (1)\" width=\"1278\" height=\"850\" srcset=\"https:\/\/www.medellin.gov.co\/es\/wp-content\/uploads\/2026\/04\/Imagen-colegios-resuelven-retos-de-ciudad-con-ciencia-tecnologia-e-innovacion-1.jpg 1278w, https:\/\/www.medellin.gov.co\/es\/wp-content\/uploads\/2026\/04\/Imagen-colegios-resuelven-retos-de-ciudad-con-ciencia-tecnologia-e-innovacion-1-300x200.jpg 300w, https:\/\/www.medellin.gov.co\/es\/wp-content\/uploads\/2026\/04\/Imagen-colegios-resuelven-retos-de-ciudad-con-ciencia-tecnologia-e-innovacion-1-1024x681.jpg 1024w, https:\/\/www.medellin.gov.co\/es\/wp-content\/uploads\/2026\/04\/Imagen-colegios-resuelven-retos-de-ciudad-con-ciencia-tecnologia-e-innovacion-1-150x100.jpg 150w, https:\/\/www.medellin.gov.co\/es\/wp-content\/uploads\/2026\/04\/Imagen-colegios-resuelven-retos-de-ciudad-con-ciencia-tecnologia-e-innovacion-1-768x511.jpg 768w\" sizes=\"(max-width: 1278px) 100vw, 1278px\" \/><\/p>\n<p>Con esta estrategia, la entidad busca fortalecer las habilidades en ciencia, tecnolog\u00eda e innovaci\u00f3n, con un enfoque pr\u00e1ctico orientado a la soluci\u00f3n de problem\u00e1ticas cotidianas.\u00a0 Para esta oportunidad, el programa lleg\u00f3 por primera vez a las 16 comunas y los cinco corregimientos del Distrito.<\/p>\n<p>Esta cobertura permite que m\u00e1s ni\u00f1as, ni\u00f1os, j\u00f3venes y docentes accedan a formaci\u00f3n en competencias digitales y metodolog\u00edas innovadoras, conectadas con los desaf\u00edos de las comunidades. \u201cCon Generaci\u00f3n Tech continuamos fortaleciendo el ecosistema de innovaci\u00f3n de Medell\u00edn al inspirar nuevas vocaciones relacionadas con Ciencia, Tecnolog\u00eda, Ingenier\u00eda y Matem\u00e1ticas, cerrando brechas de acceso al conocimiento y potenciando a las nuevas generaciones como agentes de cambio en sus territorios\u201d, indic\u00f3 la directora ejecutiva de Ruta N, Carolina Londo\u00f1o.<\/p>\n<p>La formaci\u00f3n de los estudiantes tiene una duraci\u00f3n de 56 horas y funciona con una metodolog\u00eda basada en Design Thinking (pensamiento de dise\u00f1o), Aprendizaje Basado en Retos y enfoque STEAM (integra Ciencia, Tecnolog\u00eda, Ingenier\u00eda, Artes y Matem\u00e1ticas). A lo largo de este proceso, los participantes avanzan en fases de exploraci\u00f3n, ideaci\u00f3n, prototipado, validaci\u00f3n y comunicaci\u00f3n, lo que les permite transformar ideas en soluciones concretas con impacto local.<\/p>\n<p>Los retos en los que trabajan est\u00e1n asociados a seguridad digital, acceso a la salud, movilidad, cuidado del agua, manejo de residuos, innovaci\u00f3n en el aula, participaci\u00f3n ciudadana y turismo, entre otros. Esta din\u00e1mica vincula el uso de tecnolog\u00edas como inteligencia artificial, Internet de las Cosas, rob\u00f3tica, blockchain e impresi\u00f3n 3D.<\/p>\n<p><img loading=\"lazy\" class=\"alignnone wp-image-524178 size-full\" title=\"Colegios resuelven retos de ciudad con ciencia, tecnolog\u00eda e innovaci\u00f3n\" src=\"https:\/\/www.medellin.gov.co\/es\/wp-content\/uploads\/2026\/04\/Imagen-colegios-resuelven-retos-de-ciudad-con-ciencia-tecnologia-e-innovacion-3.jpg\" alt=\"Imagen colegios resuelven retos de ciudad con ciencia, tecnolog\u00eda e innovaci\u00f3n (3)\" width=\"1276\" height=\"850\" srcset=\"https:\/\/www.medellin.gov.co\/es\/wp-content\/uploads\/2026\/04\/Imagen-colegios-resuelven-retos-de-ciudad-con-ciencia-tecnologia-e-innovacion-3.jpg 1276w, https:\/\/www.medellin.gov.co\/es\/wp-content\/uploads\/2026\/04\/Imagen-colegios-resuelven-retos-de-ciudad-con-ciencia-tecnologia-e-innovacion-3-300x200.jpg 300w, https:\/\/www.medellin.gov.co\/es\/wp-content\/uploads\/2026\/04\/Imagen-colegios-resuelven-retos-de-ciudad-con-ciencia-tecnologia-e-innovacion-3-1024x682.jpg 1024w, https:\/\/www.medellin.gov.co\/es\/wp-content\/uploads\/2026\/04\/Imagen-colegios-resuelven-retos-de-ciudad-con-ciencia-tecnologia-e-innovacion-3-150x100.jpg 150w, https:\/\/www.medellin.gov.co\/es\/wp-content\/uploads\/2026\/04\/Imagen-colegios-resuelven-retos-de-ciudad-con-ciencia-tecnologia-e-innovacion-3-768x512.jpg 768w\" sizes=\"(max-width: 1276px) 100vw, 1276px\" \/><\/p>\n<p>\u201cNos han ense\u00f1ado sobre la implementaci\u00f3n de la inteligencia artificial para hacer logos y marcas, tambi\u00e9n sobre c\u00f3mo podemos utilizar estos programas para resolver problemas de la ciudad. Mis expectativas es que podamos aprender m\u00e1s para implementar estas herramientas en nuestra vida cotidiana\u201d, dijo el estudiante de la Instituci\u00f3n Educativa Juvenil Nuevo Futuro, Emmanuel \u00c1lvarez.<\/p>\n<p>El programa tambi\u00e9n promueve el rol de los docentes como agentes de innovaci\u00f3n educativa. A trav\u00e9s de una ruta formativa de 18 horas, combinada con espacios presenciales y virtuales, los educadores incorporan nuevas herramientas y metodolog\u00edas en sus pr\u00e1cticas pedag\u00f3gicas. \u201cBuscamos crear experiencias innovadoras y nuevas metodolog\u00edas de ense\u00f1anza en las clases. Por ejemplo, desde Ciencias Sociales implementamos la inteligencia artificial para darle soluci\u00f3n a las problem\u00e1ticas de convivencia que se presentan\u201d, se\u00f1al\u00f3 la docente de la Instituci\u00f3n Educativa Juvenil Nuevo Futuro, M\u00f3nica Berr\u00edo.<\/p>\n<p>Desde su primera edici\u00f3n, Generaci\u00f3n Tech ha ampliado de manera exponencial su impacto: en 2024 vincul\u00f3 a 867 estudiantes y 150 docentes, y en la actualidad son m\u00e1s de 5.000 estudiantes y 417 docentes. Adem\u00e1s, el programa facilita la articulaci\u00f3n con el ecosistema de innovaci\u00f3n a trav\u00e9s de la Comunidad GENTECH, una red que conecta a estudiantes, docentes, universidades, empresas y expertos.<\/p>\n<p><img loading=\"lazy\" class=\"alignnone wp-image-524177 size-full\" title=\"Colegios resuelven retos de ciudad con ciencia, tecnolog\u00eda e innovaci\u00f3n\" src=\"https:\/\/www.medellin.gov.co\/es\/wp-content\/uploads\/2026\/04\/Imagen-colegios-resuelven-retos-de-ciudad-con-ciencia-tecnologia-e-innovacion-4.jpg\" alt=\"Colegios resuelven retos de ciudad con ciencia, tecnolog\u00eda e innovaci\u00f3n\" width=\"1276\" height=\"850\" srcset=\"https:\/\/www.medellin.gov.co\/es\/wp-content\/uploads\/2026\/04\/Imagen-colegios-resuelven-retos-de-ciudad-con-ciencia-tecnologia-e-innovacion-4.jpg 1276w, https:\/\/www.medellin.gov.co\/es\/wp-content\/uploads\/2026\/04\/Imagen-colegios-resuelven-retos-de-ciudad-con-ciencia-tecnologia-e-innovacion-4-300x200.jpg 300w, https:\/\/www.medellin.gov.co\/es\/wp-content\/uploads\/2026\/04\/Imagen-colegios-resuelven-retos-de-ciudad-con-ciencia-tecnologia-e-innovacion-4-1024x682.jpg 1024w, https:\/\/www.medellin.gov.co\/es\/wp-content\/uploads\/2026\/04\/Imagen-colegios-resuelven-retos-de-ciudad-con-ciencia-tecnologia-e-innovacion-4-150x100.jpg 150w, https:\/\/www.medellin.gov.co\/es\/wp-content\/uploads\/2026\/04\/Imagen-colegios-resuelven-retos-de-ciudad-con-ciencia-tecnologia-e-innovacion-4-768x512.jpg 768w\" sizes=\"(max-width: 1276px) 100vw, 1276px\" \/><\/p>\n<p>Generaci\u00f3n Tech 2026 culminar\u00e1 con una feria donde los estudiantes presentar\u00e1n sus soluciones ante actores claves del ecosistema, visibilizando el talento joven y su capacidad para aportar a la transformaci\u00f3n del Distrito. Con estrategias como esta, Ruta N fortalece su apuesta que integra educaci\u00f3n, tecnolog\u00eda y territorio para proyectar a las nuevas generaciones como protagonistas en la construcci\u00f3n de soluciones reales para sus comunidades.<\/p>\n","protected":false},"excerpt":{"rendered":"<p>El programa Generaci\u00f3n Tech de Ruta N llega a 208 instituciones educativas del Distrito y tambi\u00e9n promueve el rol de 417 docentes como agentes de innovaci\u00f3n educativa. Los procesos formativos incluyen el uso de tecnolog\u00edas &#8230;<\/p>\n","protected":false},"author":95,"featured_media":524181,"comment_status":"open","ping_status":"open","sticky":false,"template":"","format":"standard","meta":[],"categories":[747,17],"tags":[455],"formato_nota":[],"programas_tax":[],"acf":[],"_links":{"self":[{"href":"https:\/\/www.medellin.gov.co\/es\/wp-json\/wp\/v2\/posts\/524175"}],"collection":[{"href":"https:\/\/www.medellin.gov.co\/es\/wp-json\/wp\/v2\/posts"}],"about":[{"href":"https:\/\/www.medellin.gov.co\/es\/wp-json\/wp\/v2\/types\/post"}],"author":[{"embeddable":true,"href":"https:\/\/www.medellin.gov.co\/es\/wp-json\/wp\/v2\/users\/95"}],"replies":[{"embeddable":true,"href":"https:\/\/www.medellin.gov.co\/es\/wp-json\/wp\/v2\/comments?post=524175"}],"version-history":[{"count":1,"href":"https:\/\/www.medellin.gov.co\/es\/wp-json\/wp\/v2\/posts\/524175\/revisions"}],"predecessor-version":[{"id":524191,"href":"https:\/\/www.medellin.gov.co\/es\/wp-json\/wp\/v2\/posts\/524175\/revisions\/524191"}],"wp:featuredmedia":[{"embeddable":true,"href":"https:\/\/www.medellin.gov.co\/es\/wp-json\/wp\/v2\/media\/524181"}],"wp:attachment":[{"href":"https:\/\/www.medellin.gov.co\/es\/wp-json\/wp\/v2\/media?parent=524175"}],"wp:term":[{"taxonomy":"category","embeddable":true,"href":"https:\/\/www.medellin.gov.co\/es\/wp-json\/wp\/v2\/categories?post=524175"},{"taxonomy":"post_tag","embeddable":true,"href":"https:\/\/www.medellin.gov.co\/es\/wp-json\/wp\/v2\/tags?post=524175"},{"taxonomy":"formato_nota","embeddable":true,"href":"https:\/\/www.medellin.gov.co\/es\/wp-json\/wp\/v2\/formato_nota?post=524175"},{"taxonomy":"programas_tax","embeddable":true,"href":"https:\/\/www.medellin.gov.co\/es\/wp-json\/wp\/v2\/programas_tax?post=524175"}],"curies":[{"name":"wp","href":"https:\/\/api.w.org\/{rel}","templated":true}]}}