{"id":524194,"date":"2026-04-28T16:06:40","date_gmt":"2026-04-28T21:06:40","guid":{"rendered":"https:\/\/www.medellin.gov.co\/es\/?p=524194"},"modified":"2026-04-28T16:06:40","modified_gmt":"2026-04-28T21:06:40","slug":"medellin-recibe-la-tercera-edicion-de-feria-internacional-lider-en-diseno-interiorismo-y-hospitalidad","status":"publish","type":"post","link":"https:\/\/www.medellin.gov.co\/es\/sala-de-prensa\/noticias\/medellin-recibe-la-tercera-edicion-de-feria-internacional-lider-en-diseno-interiorismo-y-hospitalidad\/","title":{"rendered":"Medell\u00edn recibe la tercera edici\u00f3n de feria internacional l\u00edder en dise\u00f1o, interiorismo y hospitalidad"},"content":{"rendered":"<ul>\n<li>El evento re\u00fane a 120 expositores de 10 pa\u00edses y espera la asistencia de m\u00e1s de 4.300 personas.<\/li>\n<li>Emprendedores locales apoyados por la Alcald\u00eda de Medell\u00edn se conectar\u00e1n con mercados de Am\u00e9rica, Europa y Asia.<\/li>\n<\/ul>\n<!--[if lt IE 9]><script>document.createElement('audio');<\/script><![endif]-->\n\t<div class=\"wp-playlist wp-audio-playlist wp-playlist-light\">\n\t\t\t<div class=\"wp-playlist-current-item\"><\/div>\n\t\t<audio controls=\"controls\" preload=\"none\" width=\"640\"\n\t\t\t><\/audio>\n\t<div class=\"wp-playlist-next\"><\/div>\n\t<div class=\"wp-playlist-prev\"><\/div>\n\t<noscript>\n\t<ol>\n\t\t<li><a href='https:\/\/www.medellin.gov.co\/es\/wp-content\/uploads\/2026\/04\/Declaraciones-secretaria-de-Desarrollo-Economico-Maria-Fernanda-Galeano-Rojo-1.mp3'>Declaraciones secretaria de Desarrollo Econ\u00f3mico, Maria Fernanda Galeano Rojo<\/a><\/li><li><a href='https:\/\/www.medellin.gov.co\/es\/wp-content\/uploads\/2026\/04\/Declaraciones-presidente-de-Inexmoda-Sebastian-Diez.mp3'>Declaraciones presidente de Inexmoda, Sebasti\u00e1n D\u00edez<\/a><\/li>\t<\/ol>\n\t<\/noscript>\n\t<script type=\"application\/json\" class=\"wp-playlist-script\">{\"type\":\"audio\",\"tracklist\":true,\"tracknumbers\":true,\"images\":true,\"artists\":true,\"tracks\":[{\"src\":\"https:\\\/\\\/www.medellin.gov.co\\\/es\\\/wp-content\\\/uploads\\\/2026\\\/04\\\/Declaraciones-secretaria-de-Desarrollo-Economico-Maria-Fernanda-Galeano-Rojo-1.mp3\",\"type\":\"audio\\\/mpeg\",\"title\":\"Declaraciones secretaria de Desarrollo Econ\\u00f3mico, Maria Fernanda Galeano Rojo\",\"caption\":\"\",\"description\":\"\\u00abDeclaraciones secretaria de Desarrollo Econ\\u00f3mico, Maria Fernanda Galeano Rojo\\u00bb. G\\u00e9nero: Blues.\",\"meta\":{\"genre\":\"Blues\",\"length_formatted\":\"0:47\"},\"image\":{\"src\":\"https:\\\/\\\/www.medellin.gov.co\\\/es\\\/wp-includes\\\/images\\\/media\\\/audio.png\",\"width\":48,\"height\":64},\"thumb\":{\"src\":\"https:\\\/\\\/www.medellin.gov.co\\\/es\\\/wp-includes\\\/images\\\/media\\\/audio.png\",\"width\":48,\"height\":64}},{\"src\":\"https:\\\/\\\/www.medellin.gov.co\\\/es\\\/wp-content\\\/uploads\\\/2026\\\/04\\\/Declaraciones-presidente-de-Inexmoda-Sebastian-Diez.mp3\",\"type\":\"audio\\\/mpeg\",\"title\":\"Declaraciones presidente de Inexmoda, Sebasti\\u00e1n D\\u00edez\",\"caption\":\"\",\"description\":\"\\u00abDeclaraciones presidente de Inexmoda, Sebasti\\u00e1n D\\u00edez\\u00bb. G\\u00e9nero: Blues.\",\"meta\":{\"genre\":\"Blues\",\"length_formatted\":\"0:38\"},\"image\":{\"src\":\"https:\\\/\\\/www.medellin.gov.co\\\/es\\\/wp-includes\\\/images\\\/media\\\/audio.png\",\"width\":48,\"height\":64},\"thumb\":{\"src\":\"https:\\\/\\\/www.medellin.gov.co\\\/es\\\/wp-includes\\\/images\\\/media\\\/audio.png\",\"width\":48,\"height\":64}}]}<\/script>\n<\/div>\n\t\n<p>Con la participaci\u00f3n de actores clave del sector textil, el interiorismo y la hospitalidad, <a href=\"https:\/\/www.instagram.com\/alcaldiademed\/\" target=\"_blank\" rel=\"noopener\">Medell\u00edn<\/a> recibe la tercera edici\u00f3n de Heimtextil Colombia 2026. Esta feria busca conectar el dise\u00f1o y la innovaci\u00f3n en un ecosistema de negocios que fortalece la proyecci\u00f3n global de la ciudad.<\/p>\n<p><img loading=\"lazy\" class=\"alignnone wp-image-524205 size-full\" title=\"Tercera edici\u00f3n feria internacional l\u00edder en dise\u00f1o, interiorismo y hospitalidad\" src=\"https:\/\/www.medellin.gov.co\/es\/wp-content\/uploads\/2026\/04\/Imagen-tercera-edicion-feria-internacional-lider-en-diseno-interiorismo-y-hospitalidad-1.jpg\" alt=\"Imagen tercera edici\u00f3n feria internacional l\u00edder en dise\u00f1o, interiorismo y hospitalidad (1)\" width=\"1275\" height=\"850\" srcset=\"https:\/\/www.medellin.gov.co\/es\/wp-content\/uploads\/2026\/04\/Imagen-tercera-edicion-feria-internacional-lider-en-diseno-interiorismo-y-hospitalidad-1.jpg 1275w, https:\/\/www.medellin.gov.co\/es\/wp-content\/uploads\/2026\/04\/Imagen-tercera-edicion-feria-internacional-lider-en-diseno-interiorismo-y-hospitalidad-1-300x200.jpg 300w, https:\/\/www.medellin.gov.co\/es\/wp-content\/uploads\/2026\/04\/Imagen-tercera-edicion-feria-internacional-lider-en-diseno-interiorismo-y-hospitalidad-1-1024x683.jpg 1024w, https:\/\/www.medellin.gov.co\/es\/wp-content\/uploads\/2026\/04\/Imagen-tercera-edicion-feria-internacional-lider-en-diseno-interiorismo-y-hospitalidad-1-150x100.jpg 150w, https:\/\/www.medellin.gov.co\/es\/wp-content\/uploads\/2026\/04\/Imagen-tercera-edicion-feria-internacional-lider-en-diseno-interiorismo-y-hospitalidad-1-768x512.jpg 768w\" sizes=\"(max-width: 1275px) 100vw, 1275px\" \/><\/p>\n<p>La realizaci\u00f3n de este evento internacional representa un impulso significativo para la econom\u00eda local. Se estima un impacto de 1.4 millones de d\u00f3lares y la generaci\u00f3n de m\u00e1s de 600 empleos directos e indirectos.<\/p>\n<p>De los 4.300 asistentes esperados, un 12 % corresponde a p\u00fablico internacional, lo que reafirma la capacidad de la ciudad para albergar ferias de alto nivel. \u00bb Le damos la bienvenida a Heimtextil Colombia, en su tercera edici\u00f3n liderada por Inexmoda en nuestra ciudad.<\/p>\n<p>Esta es una feria de la industria de la moda para el sector de la hoteler\u00eda, de las cl\u00ednicas, hospitales, para todo lo que es la ropa de hogar. Vamos a tener un impacto econ\u00f3mico de 1.4 millones de d\u00f3lares, que es el gasto del turista en nuestra la ciudad, en hoteles, en el transporte, en el comercio. Con esto seguimos apost\u00e1ndole a una Medell\u00edn de negocios, del turismo, que impacta el desarrollo econ\u00f3mico a trav\u00e9s del desarrollo empresarial.\u201d indic\u00f3 la secretaria de Desarrollo Econ\u00f3mico, Mar\u00eda Fernanda Galeano Rojo.<\/p>\n<p>Desde el Distrito, se destaca la presencia de 31 empresarios y emprendedores, quienes cuentan con el respaldo de los programas de la Alcald\u00eda de Medell\u00edn, diez son del sector textil y hogar, quienes tendr\u00e1n la oportunidad de establecer alianzas con compradores de Per\u00fa, M\u00e9xico, Panam\u00e1, Ecuador, Chile y Rep\u00fablica Dominicana, as\u00ed como mercados en Europa.<\/p>\n<p><img loading=\"lazy\" class=\"alignnone wp-image-524202 size-full\" title=\"Tercera edici\u00f3n feria internacional l\u00edder en dise\u00f1o, interiorismo y hospitalidad\" src=\"https:\/\/www.medellin.gov.co\/es\/wp-content\/uploads\/2026\/04\/Imagen-tercera-edicion-feria-internacional-lider-en-diseno-interiorismo-y-hospitalidad-3.jpg\" alt=\"Imagen tercera edici\u00f3n feria internacional l\u00edder en dise\u00f1o, interiorismo y hospitalidad (3)\" width=\"1275\" height=\"850\" srcset=\"https:\/\/www.medellin.gov.co\/es\/wp-content\/uploads\/2026\/04\/Imagen-tercera-edicion-feria-internacional-lider-en-diseno-interiorismo-y-hospitalidad-3.jpg 1275w, https:\/\/www.medellin.gov.co\/es\/wp-content\/uploads\/2026\/04\/Imagen-tercera-edicion-feria-internacional-lider-en-diseno-interiorismo-y-hospitalidad-3-300x200.jpg 300w, https:\/\/www.medellin.gov.co\/es\/wp-content\/uploads\/2026\/04\/Imagen-tercera-edicion-feria-internacional-lider-en-diseno-interiorismo-y-hospitalidad-3-1024x683.jpg 1024w, https:\/\/www.medellin.gov.co\/es\/wp-content\/uploads\/2026\/04\/Imagen-tercera-edicion-feria-internacional-lider-en-diseno-interiorismo-y-hospitalidad-3-150x100.jpg 150w, https:\/\/www.medellin.gov.co\/es\/wp-content\/uploads\/2026\/04\/Imagen-tercera-edicion-feria-internacional-lider-en-diseno-interiorismo-y-hospitalidad-3-768x512.jpg 768w\" sizes=\"(max-width: 1275px) 100vw, 1275px\" \/><\/p>\n<p>Adem\u00e1s, participan la tienda Sello Artesano, con productos de nueve creadores locales y la Burbuja Hecho en Medell\u00edn, que agrupa el trabajo de 12 emprendedores de la ciudad. \u201cEsta es una feria que a\u00f1o a a\u00f1o se realiza en Frankfurt (Alemania) con toda la tradici\u00f3n textil para el interiorismo y el hogar.<\/p>\n<p>Esa es una industria que alrededor del mundo mueve m\u00e1s de 200.000 millones de d\u00f3lares y que est\u00e1 muy jalonada por la hospitalidad, el turismo y la hoteler\u00eda, puesto que ellas el textil es fundamental, est\u00e1 presente en s\u00e1banas, en almohadas, en edredones, en tapetes y eso hace de Heimtextil una plataforma latinoam\u00e9rica para unir a los compradores con la oferta global\u201d, afirm\u00f3 el presidente de Inexmoda, Sebasti\u00e1n D\u00edez.<\/p>\n<p><img loading=\"lazy\" class=\"alignnone wp-image-524197 size-full\" title=\"Tercera edici\u00f3n feria internacional l\u00edder en dise\u00f1o, interiorismo y hospitalidad\" src=\"https:\/\/www.medellin.gov.co\/es\/wp-content\/uploads\/2026\/04\/Imagen-tercera-edicion-feria-internacional-lider-en-diseno-interiorismo-y-hospitalidad-4.jpg\" alt=\"Imagen tercera edici\u00f3n feria internacional l\u00edder en dise\u00f1o, interiorismo y hospitalidad (4)\" width=\"1275\" height=\"850\" srcset=\"https:\/\/www.medellin.gov.co\/es\/wp-content\/uploads\/2026\/04\/Imagen-tercera-edicion-feria-internacional-lider-en-diseno-interiorismo-y-hospitalidad-4.jpg 1275w, https:\/\/www.medellin.gov.co\/es\/wp-content\/uploads\/2026\/04\/Imagen-tercera-edicion-feria-internacional-lider-en-diseno-interiorismo-y-hospitalidad-4-300x200.jpg 300w, https:\/\/www.medellin.gov.co\/es\/wp-content\/uploads\/2026\/04\/Imagen-tercera-edicion-feria-internacional-lider-en-diseno-interiorismo-y-hospitalidad-4-1024x683.jpg 1024w, https:\/\/www.medellin.gov.co\/es\/wp-content\/uploads\/2026\/04\/Imagen-tercera-edicion-feria-internacional-lider-en-diseno-interiorismo-y-hospitalidad-4-150x100.jpg 150w, https:\/\/www.medellin.gov.co\/es\/wp-content\/uploads\/2026\/04\/Imagen-tercera-edicion-feria-internacional-lider-en-diseno-interiorismo-y-hospitalidad-4-768x512.jpg 768w\" sizes=\"(max-width: 1275px) 100vw, 1275px\" \/><\/p>\n<p>Heimtextil Colombia responde a una evoluci\u00f3n de la industria, donde el sistema moda se expande hacia el hogar y la hospitalidad. Mientras que el mercado de vestuario tradicional muestra una desaceleraci\u00f3n con un crecimiento de apenas el 1 %, el segmento global de hogar y jard\u00edn ya alcanza los 1.2 billones de d\u00f3lares.<\/p>\n<p>La ubicaci\u00f3n estrat\u00e9gica de la ciudad y su valor diferenciador en la industria textil la posicionan como el escenario ideal para esta feria especializada. Heimtextil se suma al calendario de eventos de importancia global como Colombiatex y Colombiamoda, fortaleciendo la apuesta de la Alcald\u00eda de Medell\u00edn e Inexmoda por el turismo de negocios.<\/p>\n","protected":false},"excerpt":{"rendered":"<p>El evento re\u00fane a 120 expositores de 10 pa\u00edses y espera la asistencia de m\u00e1s de 4.300 personas. Emprendedores locales apoyados por la Alcald\u00eda de Medell\u00edn se conectar\u00e1n con mercados de Am\u00e9rica, Europa y Asia. &#8230;<\/p>\n","protected":false},"author":95,"featured_media":524200,"comment_status":"open","ping_status":"open","sticky":false,"template":"","format":"standard","meta":[],"categories":[3],"tags":[455],"formato_nota":[],"programas_tax":[],"acf":[],"_links":{"self":[{"href":"https:\/\/www.medellin.gov.co\/es\/wp-json\/wp\/v2\/posts\/524194"}],"collection":[{"href":"https:\/\/www.medellin.gov.co\/es\/wp-json\/wp\/v2\/posts"}],"about":[{"href":"https:\/\/www.medellin.gov.co\/es\/wp-json\/wp\/v2\/types\/post"}],"author":[{"embeddable":true,"href":"https:\/\/www.medellin.gov.co\/es\/wp-json\/wp\/v2\/users\/95"}],"replies":[{"embeddable":true,"href":"https:\/\/www.medellin.gov.co\/es\/wp-json\/wp\/v2\/comments?post=524194"}],"version-history":[{"count":1,"href":"https:\/\/www.medellin.gov.co\/es\/wp-json\/wp\/v2\/posts\/524194\/revisions"}],"predecessor-version":[{"id":524212,"href":"https:\/\/www.medellin.gov.co\/es\/wp-json\/wp\/v2\/posts\/524194\/revisions\/524212"}],"wp:featuredmedia":[{"embeddable":true,"href":"https:\/\/www.medellin.gov.co\/es\/wp-json\/wp\/v2\/media\/524200"}],"wp:attachment":[{"href":"https:\/\/www.medellin.gov.co\/es\/wp-json\/wp\/v2\/media?parent=524194"}],"wp:term":[{"taxonomy":"category","embeddable":true,"href":"https:\/\/www.medellin.gov.co\/es\/wp-json\/wp\/v2\/categories?post=524194"},{"taxonomy":"post_tag","embeddable":true,"href":"https:\/\/www.medellin.gov.co\/es\/wp-json\/wp\/v2\/tags?post=524194"},{"taxonomy":"formato_nota","embeddable":true,"href":"https:\/\/www.medellin.gov.co\/es\/wp-json\/wp\/v2\/formato_nota?post=524194"},{"taxonomy":"programas_tax","embeddable":true,"href":"https:\/\/www.medellin.gov.co\/es\/wp-json\/wp\/v2\/programas_tax?post=524194"}],"curies":[{"name":"wp","href":"https:\/\/api.w.org\/{rel}","templated":true}]}}