{"id":524214,"date":"2026-04-28T16:13:47","date_gmt":"2026-04-28T21:13:47","guid":{"rendered":"https:\/\/www.medellin.gov.co\/es\/?p=524214"},"modified":"2026-04-28T16:13:47","modified_gmt":"2026-04-28T21:13:47","slug":"el-distrito-presento-que-se-oiga-todo-lo-bonito-que-pasa-en-medellin-una-apuesta-por-la-cultura-ciudadana","status":"publish","type":"post","link":"https:\/\/www.medellin.gov.co\/es\/sala-de-prensa\/noticias\/el-distrito-presento-que-se-oiga-todo-lo-bonito-que-pasa-en-medellin-una-apuesta-por-la-cultura-ciudadana\/","title":{"rendered":"El Distrito present\u00f3 \u201cQue se oiga todo lo bonito que pasa en Medell\u00edn\u201d, una apuesta por la cultura ciudadana"},"content":{"rendered":"<ul>\n<li>El prop\u00f3sito es instalar campanas en distintas zonas para que los ciudadanos cuenten esas cosas bonitas que han hecho por ellos o por otros.<\/li>\n<li>Cada sonido ser\u00e1 una invitaci\u00f3n para que las personas anuncien y compartan momentos que reflejen solidaridad, respeto y cuidado hacia los dem\u00e1s.<\/li>\n<\/ul>\n<!--[if lt IE 9]><script>document.createElement('audio');<\/script><![endif]-->\n\t<div class=\"wp-playlist wp-audio-playlist wp-playlist-light\">\n\t\t\t<div class=\"wp-playlist-current-item\"><\/div>\n\t\t<audio controls=\"controls\" preload=\"none\" width=\"640\"\n\t\t\t><\/audio>\n\t<div class=\"wp-playlist-next\"><\/div>\n\t<div class=\"wp-playlist-prev\"><\/div>\n\t<noscript>\n\t<ol>\n\t\t<li><a href='https:\/\/www.medellin.gov.co\/es\/wp-content\/uploads\/2026\/04\/Declaraciones-secretario-de-Cultura-Ciudadana-Santiago-Silva-Jaramillo-2.mp3'>Declaraciones secretario de Cultura Ciudadana, Santiago Silva Jaramillo<\/a><\/li>\t<\/ol>\n\t<\/noscript>\n\t<script type=\"application\/json\" class=\"wp-playlist-script\">{\"type\":\"audio\",\"tracklist\":true,\"tracknumbers\":true,\"images\":true,\"artists\":true,\"tracks\":[{\"src\":\"https:\\\/\\\/www.medellin.gov.co\\\/es\\\/wp-content\\\/uploads\\\/2026\\\/04\\\/Declaraciones-secretario-de-Cultura-Ciudadana-Santiago-Silva-Jaramillo-2.mp3\",\"type\":\"audio\\\/mpeg\",\"title\":\"Declaraciones secretario de Cultura Ciudadana, Santiago Silva Jaramillo\",\"caption\":\"\",\"description\":\"\\u00abDeclaraciones secretario de Cultura Ciudadana, Santiago Silva Jaramillo\\u00bb. G\\u00e9nero: Blues.\",\"meta\":{\"genre\":\"Blues\",\"length_formatted\":\"0:46\"},\"image\":{\"src\":\"https:\\\/\\\/www.medellin.gov.co\\\/es\\\/wp-includes\\\/images\\\/media\\\/audio.png\",\"width\":48,\"height\":64},\"thumb\":{\"src\":\"https:\\\/\\\/www.medellin.gov.co\\\/es\\\/wp-includes\\\/images\\\/media\\\/audio.png\",\"width\":48,\"height\":64}}]}<\/script>\n<\/div>\n\t\n<p>Durante el cuatrienio 2024\u20132027, la Administraci\u00f3n Distrital ejecuta y fortalece la estrategia <a href=\"https:\/\/www.instagram.com\/alcaldiademed\/\" target=\"_blank\" rel=\"noopener\">Medell\u00edn<\/a> es como vos, una iniciativa sobre la corresponsabilidad, la regulaci\u00f3n social, el di\u00e1logo, los estudios del comportamiento para reparar la confianza y consolidar la cultura ciudadana.<\/p>\n\n\t\t<style type=\"text\/css\">\n\t\t\t#gallery-1 {\n\t\t\t\tmargin: auto;\n\t\t\t}\n\t\t\t#gallery-1 .gallery-item {\n\t\t\t\tfloat: left;\n\t\t\t\tmargin-top: 10px;\n\t\t\t\ttext-align: center;\n\t\t\t\twidth: 50%;\n\t\t\t}\n\t\t\t#gallery-1 img {\n\t\t\t\tborder: 2px solid #cfcfcf;\n\t\t\t}\n\t\t\t#gallery-1 .gallery-caption {\n\t\t\t\tmargin-left: 0;\n\t\t\t}\n\t\t\t\/* see gallery_shortcode() in wp-includes\/media.php *\/\n\t\t<\/style>\n\t\t<div id='gallery-1' class='gallery galleryid-524214 gallery-columns-2 gallery-size-full'><dl class='gallery-item'>\n\t\t\t<dt class='gallery-icon landscape'>\n\t\t\t\t<a href='https:\/\/www.medellin.gov.co\/es\/sala-de-prensa\/noticias\/el-distrito-presento-que-se-oiga-todo-lo-bonito-que-pasa-en-medellin-una-apuesta-por-la-cultura-ciudadana\/imagen-que-se-oiga-todo-lo-bonito-que-pasa-en-medellin-una-apuesta-por-la-cultura-ciudadana-2\/'><img width=\"1276\" height=\"850\" src=\"https:\/\/www.medellin.gov.co\/es\/wp-content\/uploads\/2026\/04\/Imagen-Que-se-oiga-todo-lo-bonito-que-pasa-en-Medellin-una-apuesta-por-la-cultura-ciudadana-2.jpg\" class=\"attachment-full size-full\" alt=\"Imagen \u201cQue se oiga todo lo bonito que pasa en Medell\u00edn\u201d, una apuesta por la cultura ciudadana (2)\" loading=\"lazy\" srcset=\"https:\/\/www.medellin.gov.co\/es\/wp-content\/uploads\/2026\/04\/Imagen-Que-se-oiga-todo-lo-bonito-que-pasa-en-Medellin-una-apuesta-por-la-cultura-ciudadana-2.jpg 1276w, https:\/\/www.medellin.gov.co\/es\/wp-content\/uploads\/2026\/04\/Imagen-Que-se-oiga-todo-lo-bonito-que-pasa-en-Medellin-una-apuesta-por-la-cultura-ciudadana-2-300x200.jpg 300w, https:\/\/www.medellin.gov.co\/es\/wp-content\/uploads\/2026\/04\/Imagen-Que-se-oiga-todo-lo-bonito-que-pasa-en-Medellin-una-apuesta-por-la-cultura-ciudadana-2-1024x682.jpg 1024w, https:\/\/www.medellin.gov.co\/es\/wp-content\/uploads\/2026\/04\/Imagen-Que-se-oiga-todo-lo-bonito-que-pasa-en-Medellin-una-apuesta-por-la-cultura-ciudadana-2-150x100.jpg 150w, https:\/\/www.medellin.gov.co\/es\/wp-content\/uploads\/2026\/04\/Imagen-Que-se-oiga-todo-lo-bonito-que-pasa-en-Medellin-una-apuesta-por-la-cultura-ciudadana-2-768x512.jpg 768w\" sizes=\"(max-width: 1276px) 100vw, 1276px\" \/><\/a>\n\t\t\t<\/dt><\/dl><dl class='gallery-item'>\n\t\t\t<dt class='gallery-icon landscape'>\n\t\t\t\t<a href='https:\/\/www.medellin.gov.co\/es\/sala-de-prensa\/noticias\/el-distrito-presento-que-se-oiga-todo-lo-bonito-que-pasa-en-medellin-una-apuesta-por-la-cultura-ciudadana\/imagen-que-se-oiga-todo-lo-bonito-que-pasa-en-medellin-una-apuesta-por-la-cultura-ciudadana-1\/'><img width=\"1276\" height=\"850\" src=\"https:\/\/www.medellin.gov.co\/es\/wp-content\/uploads\/2026\/04\/Imagen-Que-se-oiga-todo-lo-bonito-que-pasa-en-Medellin-una-apuesta-por-la-cultura-ciudadana-1.jpg\" class=\"attachment-full size-full\" alt=\"Imagen \u201cQue se oiga todo lo bonito que pasa en Medell\u00edn\u201d, una apuesta por la cultura ciudadana (2)\" loading=\"lazy\" srcset=\"https:\/\/www.medellin.gov.co\/es\/wp-content\/uploads\/2026\/04\/Imagen-Que-se-oiga-todo-lo-bonito-que-pasa-en-Medellin-una-apuesta-por-la-cultura-ciudadana-1.jpg 1276w, https:\/\/www.medellin.gov.co\/es\/wp-content\/uploads\/2026\/04\/Imagen-Que-se-oiga-todo-lo-bonito-que-pasa-en-Medellin-una-apuesta-por-la-cultura-ciudadana-1-300x200.jpg 300w, https:\/\/www.medellin.gov.co\/es\/wp-content\/uploads\/2026\/04\/Imagen-Que-se-oiga-todo-lo-bonito-que-pasa-en-Medellin-una-apuesta-por-la-cultura-ciudadana-1-1024x682.jpg 1024w, https:\/\/www.medellin.gov.co\/es\/wp-content\/uploads\/2026\/04\/Imagen-Que-se-oiga-todo-lo-bonito-que-pasa-en-Medellin-una-apuesta-por-la-cultura-ciudadana-1-150x100.jpg 150w, https:\/\/www.medellin.gov.co\/es\/wp-content\/uploads\/2026\/04\/Imagen-Que-se-oiga-todo-lo-bonito-que-pasa-en-Medellin-una-apuesta-por-la-cultura-ciudadana-1-768x512.jpg 768w\" sizes=\"(max-width: 1276px) 100vw, 1276px\" \/><\/a>\n\t\t\t<\/dt><\/dl><br style=\"clear: both\" \/>\n\t\t<\/div>\n\n<p>En esta nueva fase, la ciudad tendr\u00e1 la oportunidad de conocer e interactuar con la propuesta \u201cQue se oiga todo lo bonito que pasa en Medell\u00edn\u201d, cuyo prop\u00f3sito es instalar campanas en distintas comunas y corregimientos para que los ciudadanos cuenten esas cosas bonitas que han hecho por ellos o por otros y ayuden a fortalecer la convivencia.<\/p>\n<p>\u201cQueremos seguir llevando este espacio para que reconozcamos y hagamos m\u00e1s visibles todas esas acciones ejemplares que ocurren en la ciudad. Estas campanas estar\u00e1n rotando por diferentes lugares del Distrito. Invitamos a la ciudadan\u00eda a acercarse e interactuar con esos gestos de solidaridad y respeto que hacen parte de la cotidianidad, porque queremos resaltar lo mejor de la gente de Medell\u00edn\u201d, expres\u00f3 el secretario de Cultura Ciudadana, Santiago Silva Jaramillo.<\/p>\n\n\t\t<style type=\"text\/css\">\n\t\t\t#gallery-2 {\n\t\t\t\tmargin: auto;\n\t\t\t}\n\t\t\t#gallery-2 .gallery-item {\n\t\t\t\tfloat: left;\n\t\t\t\tmargin-top: 10px;\n\t\t\t\ttext-align: center;\n\t\t\t\twidth: 50%;\n\t\t\t}\n\t\t\t#gallery-2 img {\n\t\t\t\tborder: 2px solid #cfcfcf;\n\t\t\t}\n\t\t\t#gallery-2 .gallery-caption {\n\t\t\t\tmargin-left: 0;\n\t\t\t}\n\t\t\t\/* see gallery_shortcode() in wp-includes\/media.php *\/\n\t\t<\/style>\n\t\t<div id='gallery-2' class='gallery galleryid-524214 gallery-columns-2 gallery-size-full'><dl class='gallery-item'>\n\t\t\t<dt class='gallery-icon landscape'>\n\t\t\t\t<a href='https:\/\/www.medellin.gov.co\/es\/sala-de-prensa\/noticias\/el-distrito-presento-que-se-oiga-todo-lo-bonito-que-pasa-en-medellin-una-apuesta-por-la-cultura-ciudadana\/imagen-que-se-oiga-todo-lo-bonito-que-pasa-en-medellin-una-apuesta-por-la-cultura-ciudadana-3\/'><img width=\"1275\" height=\"850\" src=\"https:\/\/www.medellin.gov.co\/es\/wp-content\/uploads\/2026\/04\/Imagen-Que-se-oiga-todo-lo-bonito-que-pasa-en-Medellin-una-apuesta-por-la-cultura-ciudadana-3.jpg\" class=\"attachment-full size-full\" alt=\"Imagen \u201cQue se oiga todo lo bonito que pasa en Medell\u00edn\u201d, una apuesta por la cultura ciudadana (3)\" loading=\"lazy\" srcset=\"https:\/\/www.medellin.gov.co\/es\/wp-content\/uploads\/2026\/04\/Imagen-Que-se-oiga-todo-lo-bonito-que-pasa-en-Medellin-una-apuesta-por-la-cultura-ciudadana-3.jpg 1275w, https:\/\/www.medellin.gov.co\/es\/wp-content\/uploads\/2026\/04\/Imagen-Que-se-oiga-todo-lo-bonito-que-pasa-en-Medellin-una-apuesta-por-la-cultura-ciudadana-3-300x200.jpg 300w, https:\/\/www.medellin.gov.co\/es\/wp-content\/uploads\/2026\/04\/Imagen-Que-se-oiga-todo-lo-bonito-que-pasa-en-Medellin-una-apuesta-por-la-cultura-ciudadana-3-1024x683.jpg 1024w, https:\/\/www.medellin.gov.co\/es\/wp-content\/uploads\/2026\/04\/Imagen-Que-se-oiga-todo-lo-bonito-que-pasa-en-Medellin-una-apuesta-por-la-cultura-ciudadana-3-150x100.jpg 150w, https:\/\/www.medellin.gov.co\/es\/wp-content\/uploads\/2026\/04\/Imagen-Que-se-oiga-todo-lo-bonito-que-pasa-en-Medellin-una-apuesta-por-la-cultura-ciudadana-3-768x512.jpg 768w\" sizes=\"(max-width: 1275px) 100vw, 1275px\" \/><\/a>\n\t\t\t<\/dt><\/dl><dl class='gallery-item'>\n\t\t\t<dt class='gallery-icon landscape'>\n\t\t\t\t<a href='https:\/\/www.medellin.gov.co\/es\/sala-de-prensa\/noticias\/el-distrito-presento-que-se-oiga-todo-lo-bonito-que-pasa-en-medellin-una-apuesta-por-la-cultura-ciudadana\/imagen-que-se-oiga-todo-lo-bonito-que-pasa-en-medellin-una-apuesta-por-la-cultura-ciudadana-4\/'><img width=\"1275\" height=\"850\" src=\"https:\/\/www.medellin.gov.co\/es\/wp-content\/uploads\/2026\/04\/Imagen-Que-se-oiga-todo-lo-bonito-que-pasa-en-Medellin-una-apuesta-por-la-cultura-ciudadana-4.jpg\" class=\"attachment-full size-full\" alt=\"Imagen \u201cQue se oiga todo lo bonito que pasa en Medell\u00edn\u201d, una apuesta por la cultura ciudadana (3)\" loading=\"lazy\" srcset=\"https:\/\/www.medellin.gov.co\/es\/wp-content\/uploads\/2026\/04\/Imagen-Que-se-oiga-todo-lo-bonito-que-pasa-en-Medellin-una-apuesta-por-la-cultura-ciudadana-4.jpg 1275w, https:\/\/www.medellin.gov.co\/es\/wp-content\/uploads\/2026\/04\/Imagen-Que-se-oiga-todo-lo-bonito-que-pasa-en-Medellin-una-apuesta-por-la-cultura-ciudadana-4-300x200.jpg 300w, https:\/\/www.medellin.gov.co\/es\/wp-content\/uploads\/2026\/04\/Imagen-Que-se-oiga-todo-lo-bonito-que-pasa-en-Medellin-una-apuesta-por-la-cultura-ciudadana-4-1024x683.jpg 1024w, https:\/\/www.medellin.gov.co\/es\/wp-content\/uploads\/2026\/04\/Imagen-Que-se-oiga-todo-lo-bonito-que-pasa-en-Medellin-una-apuesta-por-la-cultura-ciudadana-4-150x100.jpg 150w, https:\/\/www.medellin.gov.co\/es\/wp-content\/uploads\/2026\/04\/Imagen-Que-se-oiga-todo-lo-bonito-que-pasa-en-Medellin-una-apuesta-por-la-cultura-ciudadana-4-768x512.jpg 768w\" sizes=\"(max-width: 1275px) 100vw, 1275px\" \/><\/a>\n\t\t\t<\/dt><\/dl><br style=\"clear: both\" \/>\n\t\t<\/div>\n\n<p>Como parte de esta iniciativa, el Distrito instalar\u00e1 estos instrumentos sonoros en diferentes lugares de la ciudad; entre ellos la Plazoleta de la Alpujarra, las estaciones del Metro Poblado y Santo Domingo, la salida de Bolivariana en la 70, el Parque de la Vida (comuna 10-La Candelaria), el Pueblito Paisa y el corregimiento San Antonio de Prado. Cada sonido ser\u00e1 una invitaci\u00f3n para que las personas anuncien y compartan momentos de solidaridad, respeto y cuidado hacia los dem\u00e1s.<\/p>\n<p>Adicionalmente, en los pr\u00f3ximos d\u00edas se entregar\u00e1n dispositivos de transversalizaci\u00f3n que permitir\u00e1n continuar la conversaci\u00f3n sobre el orgullo que generan las acciones cotidianas. Estos se articular\u00e1n con empresas y organizaciones aliadas interesadas en la campa\u00f1a.<\/p>\n<p>Para destacar estas acciones que construyen convivencia, la Administraci\u00f3n Distrital, a trav\u00e9s de la estrategia de cultura ciudadana y construcci\u00f3n de confianza Medell\u00edn es como Vos, convoca a la ciudadan\u00eda a contar aquello que les llena de orgullo a cada habitante. La propuesta busca abrir espacios para reconocer lo aut\u00e9ntico que sucede en Medell\u00edn y recordar que la convivencia tambi\u00e9n se construye con peque\u00f1os gestos cotidianos. As\u00ed, se viven diariamente expresiones que reflejan lo mejor de la gente: un saludo en la calle, una mano que ayuda, una sonrisa en el momento justo, entre otros actos sencillos que generan confianza y promueven el vivir bien juntos.<\/p>\n<p><img loading=\"lazy\" class=\"alignnone wp-image-524217 size-full\" title=\"\u201cQue se oiga todo lo bonito que pasa en Medell\u00edn\u201d, una apuesta por la cultura ciudadana\" src=\"https:\/\/www.medellin.gov.co\/es\/wp-content\/uploads\/2026\/04\/Imagen-Que-se-oiga-todo-lo-bonito-que-pasa-en-Medellin-una-apuesta-por-la-cultura-ciudadana-6.jpg\" alt=\"Imagen \u201cQue se oiga todo lo bonito que pasa en Medell\u00edn\u201d, una apuesta por la cultura ciudadana (6)\" width=\"1275\" height=\"850\" srcset=\"https:\/\/www.medellin.gov.co\/es\/wp-content\/uploads\/2026\/04\/Imagen-Que-se-oiga-todo-lo-bonito-que-pasa-en-Medellin-una-apuesta-por-la-cultura-ciudadana-6.jpg 1275w, https:\/\/www.medellin.gov.co\/es\/wp-content\/uploads\/2026\/04\/Imagen-Que-se-oiga-todo-lo-bonito-que-pasa-en-Medellin-una-apuesta-por-la-cultura-ciudadana-6-300x200.jpg 300w, https:\/\/www.medellin.gov.co\/es\/wp-content\/uploads\/2026\/04\/Imagen-Que-se-oiga-todo-lo-bonito-que-pasa-en-Medellin-una-apuesta-por-la-cultura-ciudadana-6-1024x683.jpg 1024w, https:\/\/www.medellin.gov.co\/es\/wp-content\/uploads\/2026\/04\/Imagen-Que-se-oiga-todo-lo-bonito-que-pasa-en-Medellin-una-apuesta-por-la-cultura-ciudadana-6-150x100.jpg 150w, https:\/\/www.medellin.gov.co\/es\/wp-content\/uploads\/2026\/04\/Imagen-Que-se-oiga-todo-lo-bonito-que-pasa-en-Medellin-una-apuesta-por-la-cultura-ciudadana-6-768x512.jpg 768w\" sizes=\"(max-width: 1275px) 100vw, 1275px\" \/><\/p>\n<p>Cabe recordar que Medell\u00edn es como Vos, en sus dos \u00faltimos a\u00f1os, ha sensibilizado a cerca de 75.000 ciudadanos de todas las comunas y corregimientos mediante campa\u00f1as que promueven y fortalecen la confianza. Todos ellos han participado en diferentes estrategias como Cultas, Tacita de Plata, En Medell\u00edn las cosas importantes se hacen a tiempo, Qu\u00e9 Orgullo Medell\u00edn, Medell\u00edn es Antip\u00f3lvora, Laboratorios de Cultura Ciudadana, entre otros.<\/p>\n<p>Con el prop\u00f3sito de mejorar la percepci\u00f3n mutua y crear entornos confiables, el Distrito reafirma su compromiso con una ciudad que reconoce lo positivo que ocurre cada d\u00eda y celebra a quienes, con sus acciones, hacen de Medell\u00edn un lugar donde es posible alcanzar una buena calidad de vida compartida. Toda la informaci\u00f3n e historias est\u00e1n disponibles en www.medellin.gov.co o en las redes @cultura.med.<\/p>\n","protected":false},"excerpt":{"rendered":"<p>El prop\u00f3sito es instalar campanas en distintas zonas para que los ciudadanos cuenten esas cosas bonitas que han hecho por ellos o por otros. Cada sonido ser\u00e1 una invitaci\u00f3n para que las personas anuncien y &#8230;<\/p>\n","protected":false},"author":95,"featured_media":524218,"comment_status":"open","ping_status":"open","sticky":false,"template":"","format":"standard","meta":[],"categories":[31],"tags":[444],"formato_nota":[],"programas_tax":[],"acf":[],"_links":{"self":[{"href":"https:\/\/www.medellin.gov.co\/es\/wp-json\/wp\/v2\/posts\/524214"}],"collection":[{"href":"https:\/\/www.medellin.gov.co\/es\/wp-json\/wp\/v2\/posts"}],"about":[{"href":"https:\/\/www.medellin.gov.co\/es\/wp-json\/wp\/v2\/types\/post"}],"author":[{"embeddable":true,"href":"https:\/\/www.medellin.gov.co\/es\/wp-json\/wp\/v2\/users\/95"}],"replies":[{"embeddable":true,"href":"https:\/\/www.medellin.gov.co\/es\/wp-json\/wp\/v2\/comments?post=524214"}],"version-history":[{"count":1,"href":"https:\/\/www.medellin.gov.co\/es\/wp-json\/wp\/v2\/posts\/524214\/revisions"}],"predecessor-version":[{"id":524229,"href":"https:\/\/www.medellin.gov.co\/es\/wp-json\/wp\/v2\/posts\/524214\/revisions\/524229"}],"wp:featuredmedia":[{"embeddable":true,"href":"https:\/\/www.medellin.gov.co\/es\/wp-json\/wp\/v2\/media\/524218"}],"wp:attachment":[{"href":"https:\/\/www.medellin.gov.co\/es\/wp-json\/wp\/v2\/media?parent=524214"}],"wp:term":[{"taxonomy":"category","embeddable":true,"href":"https:\/\/www.medellin.gov.co\/es\/wp-json\/wp\/v2\/categories?post=524214"},{"taxonomy":"post_tag","embeddable":true,"href":"https:\/\/www.medellin.gov.co\/es\/wp-json\/wp\/v2\/tags?post=524214"},{"taxonomy":"formato_nota","embeddable":true,"href":"https:\/\/www.medellin.gov.co\/es\/wp-json\/wp\/v2\/formato_nota?post=524214"},{"taxonomy":"programas_tax","embeddable":true,"href":"https:\/\/www.medellin.gov.co\/es\/wp-json\/wp\/v2\/programas_tax?post=524214"}],"curies":[{"name":"wp","href":"https:\/\/api.w.org\/{rel}","templated":true}]}}