{"id":524231,"date":"2026-04-28T16:20:44","date_gmt":"2026-04-28T21:20:44","guid":{"rendered":"https:\/\/www.medellin.gov.co\/es\/?p=524231"},"modified":"2026-04-28T16:20:44","modified_gmt":"2026-04-28T21:20:44","slug":"perros-que-sanan-el-programa-de-intervenciones-asistidas-del-distrito-llega-a-un-hogar-de-adultos-mayores-en-boston","status":"publish","type":"post","link":"https:\/\/www.medellin.gov.co\/es\/sala-de-prensa\/noticias\/perros-que-sanan-el-programa-de-intervenciones-asistidas-del-distrito-llega-a-un-hogar-de-adultos-mayores-en-boston\/","title":{"rendered":"Perros que sanan: el programa de Intervenciones Asistidas del Distrito llega a un hogar de adultos mayores en Boston"},"content":{"rendered":"<ul>\n<li>Chagualo, Candelaria y Manila, junto a otros tres perros con nombres de barrios de <a href=\"https:\/\/www.instagram.com\/alcaldiademed\/\" target=\"_blank\" rel=\"noopener\">Medell\u00edn<\/a>, representan a los caninos del Centro de Bienestar Animal La Perla que participan en el programa.<\/li>\n<\/ul>\n<!--[if lt IE 9]><script>document.createElement('audio');<\/script><![endif]-->\n\t<div class=\"wp-playlist wp-audio-playlist wp-playlist-light\">\n\t\t\t<div class=\"wp-playlist-current-item\"><\/div>\n\t\t<audio controls=\"controls\" preload=\"none\" width=\"640\"\n\t\t\t><\/audio>\n\t<div class=\"wp-playlist-next\"><\/div>\n\t<div class=\"wp-playlist-prev\"><\/div>\n\t<noscript>\n\t<ol>\n\t\t<li><a href='https:\/\/www.medellin.gov.co\/es\/wp-content\/uploads\/2026\/04\/Declaraciones-secretaria-de-Medio-Ambiente-Marcela-Ruiz-2.mp3'>Declaraciones secretaria de Medio Ambiente, Marcela Ruiz<\/a><\/li><li><a href='https:\/\/www.medellin.gov.co\/es\/wp-content\/uploads\/2026\/04\/Declaraciones-directora-Refugio-de-adulto-mayores-San-Cristobal-Dora-Mejia.mp3'>Declaraciones directora Refugio de adulto mayores, San Crist\u00f3bal, Dora Mej\u00eda<\/a><\/li>\t<\/ol>\n\t<\/noscript>\n\t<script type=\"application\/json\" class=\"wp-playlist-script\">{\"type\":\"audio\",\"tracklist\":true,\"tracknumbers\":true,\"images\":true,\"artists\":true,\"tracks\":[{\"src\":\"https:\\\/\\\/www.medellin.gov.co\\\/es\\\/wp-content\\\/uploads\\\/2026\\\/04\\\/Declaraciones-secretaria-de-Medio-Ambiente-Marcela-Ruiz-2.mp3\",\"type\":\"audio\\\/mpeg\",\"title\":\"Declaraciones secretaria de Medio Ambiente, Marcela Ruiz\",\"caption\":\"\",\"description\":\"\\u00abDeclaraciones secretaria de Medio Ambiente, Marcela Ruiz\\u00bb. G\\u00e9nero: Blues.\",\"meta\":{\"genre\":\"Blues\",\"length_formatted\":\"2:09\"},\"image\":{\"src\":\"https:\\\/\\\/www.medellin.gov.co\\\/es\\\/wp-includes\\\/images\\\/media\\\/audio.png\",\"width\":48,\"height\":64},\"thumb\":{\"src\":\"https:\\\/\\\/www.medellin.gov.co\\\/es\\\/wp-includes\\\/images\\\/media\\\/audio.png\",\"width\":48,\"height\":64}},{\"src\":\"https:\\\/\\\/www.medellin.gov.co\\\/es\\\/wp-content\\\/uploads\\\/2026\\\/04\\\/Declaraciones-directora-Refugio-de-adulto-mayores-San-Cristobal-Dora-Mejia.mp3\",\"type\":\"audio\\\/mpeg\",\"title\":\"Declaraciones directora Refugio de adulto mayores, San Crist\\u00f3bal, Dora Mej\\u00eda\",\"caption\":\"\",\"description\":\"\\u00abDeclaraciones directora Refugio de adulto mayores, San Crist\\u00f3bal, Dora Mej\\u00eda\\u00bb. G\\u00e9nero: Blues.\",\"meta\":{\"genre\":\"Blues\",\"length_formatted\":\"1:02\"},\"image\":{\"src\":\"https:\\\/\\\/www.medellin.gov.co\\\/es\\\/wp-includes\\\/images\\\/media\\\/audio.png\",\"width\":48,\"height\":64},\"thumb\":{\"src\":\"https:\\\/\\\/www.medellin.gov.co\\\/es\\\/wp-includes\\\/images\\\/media\\\/audio.png\",\"width\":48,\"height\":64}}]}<\/script>\n<\/div>\n\t\n<p>En el refugio de adultos mayores San Crist\u00f3bal, ubicado en el barrio Boston, la visita no fue cualquiera. Esta vez, quienes tocaron las emociones m\u00e1s profundas no llevaban batas ni recetas, sino colas que se mov\u00edan con alegr\u00eda.<\/p>\n<p><img loading=\"lazy\" class=\"alignnone wp-image-524245 size-full\" title=\"Perros que sanan el programa de Intervenciones Asistidas del Distrito\" src=\"https:\/\/www.medellin.gov.co\/es\/wp-content\/uploads\/2026\/04\/Imagen-Perros-que-sanan-el-programa-de-Intervenciones-Asistidas-del-Distrito-1.jpg\" alt=\"Imagen Perros que sanan el programa de Intervenciones Asistidas del Distrito (1)\" width=\"1276\" height=\"850\" srcset=\"https:\/\/www.medellin.gov.co\/es\/wp-content\/uploads\/2026\/04\/Imagen-Perros-que-sanan-el-programa-de-Intervenciones-Asistidas-del-Distrito-1.jpg 1276w, https:\/\/www.medellin.gov.co\/es\/wp-content\/uploads\/2026\/04\/Imagen-Perros-que-sanan-el-programa-de-Intervenciones-Asistidas-del-Distrito-1-300x200.jpg 300w, https:\/\/www.medellin.gov.co\/es\/wp-content\/uploads\/2026\/04\/Imagen-Perros-que-sanan-el-programa-de-Intervenciones-Asistidas-del-Distrito-1-1024x682.jpg 1024w, https:\/\/www.medellin.gov.co\/es\/wp-content\/uploads\/2026\/04\/Imagen-Perros-que-sanan-el-programa-de-Intervenciones-Asistidas-del-Distrito-1-150x100.jpg 150w, https:\/\/www.medellin.gov.co\/es\/wp-content\/uploads\/2026\/04\/Imagen-Perros-que-sanan-el-programa-de-Intervenciones-Asistidas-del-Distrito-1-768x512.jpg 768w\" sizes=\"(max-width: 1276px) 100vw, 1276px\" \/><\/p>\n<p>El programa de Intervenciones Asistidas con Perros (IAP) lleg\u00f3 para recordar que la salud mental tambi\u00e9n se construye desde el afecto. Chagualo, Candelaria, Manila y sus compa\u00f1eros protagonizaron una jornada donde el contacto, las caricias y las miradas compartidas activaron recuerdos, redujeron la ansiedad y devolvieron algo esencial: la sensaci\u00f3n de compa\u00f1\u00eda. Para muchos residentes, fue un momento de conexi\u00f3n real, capaz de romper la rutina y abrir espacio a la emoci\u00f3n.<\/p>\n<p>Este programa p\u00fablico, liderado por la subsecretar\u00eda de Protecci\u00f3n y Bienestar Animal a trav\u00e9s del Centro de Bienestar Animal La Perla, es una estrategia estructurada que utiliza la interacci\u00f3n entre personas y perros con fines terap\u00e9uticos, educativos y de bienestar social.<\/p>\n<p>Nace como respuesta a la pol\u00edtica p\u00fablica de Intervenciones Asistidas, creada en 2017 y se ha consolidado como un puente entre el bienestar animal y la salud emocional de la ciudadan\u00eda. Detr\u00e1s de cada intervenci\u00f3n hay un equipo interdisciplinario que integra profesionales en veterinaria, etolog\u00eda, trabajo social y adiestramiento. Su labor no solo garantiza la calidad del proceso, sino que protege el bienestar de los perros, muchos de ellos rescatados de contextos dif\u00edciles.<\/p>\n<p><img loading=\"lazy\" class=\"alignnone wp-image-524242 size-full\" title=\"Perros que sanan el programa de Intervenciones Asistidas del Distrito\" src=\"https:\/\/www.medellin.gov.co\/es\/wp-content\/uploads\/2026\/04\/Imagen-Perros-que-sanan-el-programa-de-Intervenciones-Asistidas-del-Distrito-3.jpg\" alt=\"Imagen Perros que sanan el programa de Intervenciones Asistidas del Distrito (3)\" width=\"1276\" height=\"850\" srcset=\"https:\/\/www.medellin.gov.co\/es\/wp-content\/uploads\/2026\/04\/Imagen-Perros-que-sanan-el-programa-de-Intervenciones-Asistidas-del-Distrito-3.jpg 1276w, https:\/\/www.medellin.gov.co\/es\/wp-content\/uploads\/2026\/04\/Imagen-Perros-que-sanan-el-programa-de-Intervenciones-Asistidas-del-Distrito-3-300x200.jpg 300w, https:\/\/www.medellin.gov.co\/es\/wp-content\/uploads\/2026\/04\/Imagen-Perros-que-sanan-el-programa-de-Intervenciones-Asistidas-del-Distrito-3-1024x682.jpg 1024w, https:\/\/www.medellin.gov.co\/es\/wp-content\/uploads\/2026\/04\/Imagen-Perros-que-sanan-el-programa-de-Intervenciones-Asistidas-del-Distrito-3-150x100.jpg 150w, https:\/\/www.medellin.gov.co\/es\/wp-content\/uploads\/2026\/04\/Imagen-Perros-que-sanan-el-programa-de-Intervenciones-Asistidas-del-Distrito-3-768x512.jpg 768w\" sizes=\"(max-width: 1276px) 100vw, 1276px\" \/><\/p>\n<p>La secretaria de Medio Ambiente, Marcela Ruiz destac\u00f3 que \u201cHay una apuesta por articular programas sociales de la Alcald\u00eda Distrital con un programa muy bello que es el programa de Bienestar Animal del Centro de Bienestar Animal La Perla. Hay una articulaci\u00f3n con la Secretar\u00eda de Inclusi\u00f3n Social y un programa muy especial que tienen para los adultos mayores de nuestra ciudad en condici\u00f3n de vulnerabilidad. Entonces estamos coordinando las terapias asistidas entre los animalitos de La Perla que est\u00e1n en las mejores condiciones para relacionarse con las personas, en un acompa\u00f1amiento en terapias asistidas con animales\u201d.<\/p>\n<p>Trabajar con perros rescatados implica retos: historias de abandono, procesos de confianza m\u00e1s largos y la necesidad de evaluaciones constantes para asegurar que cada animal est\u00e9 preparado. Por eso, el entrenamiento es progresivo y basado en el adiestramiento positivo, fortaleciendo la seguridad, la calma y la interacci\u00f3n respetuosa. Cada perro pasa por evaluaciones comportamentales, socializaci\u00f3n guiada y formaci\u00f3n en obediencia, antes de avanzar a escenarios de intervenci\u00f3n con poblaciones vulnerables.<\/p>\n<p><img loading=\"lazy\" class=\"alignnone wp-image-524236 size-full\" title=\"Perros que sanan el programa de Intervenciones Asistidas del Distrito\" src=\"https:\/\/www.medellin.gov.co\/es\/wp-content\/uploads\/2026\/04\/Imagen-Perros-que-sanan-el-programa-de-Intervenciones-Asistidas-del-Distrito-5.jpg\" alt=\"Imagen Perros que sanan el programa de Intervenciones Asistidas del Distrito (5)\" width=\"1276\" height=\"850\" srcset=\"https:\/\/www.medellin.gov.co\/es\/wp-content\/uploads\/2026\/04\/Imagen-Perros-que-sanan-el-programa-de-Intervenciones-Asistidas-del-Distrito-5.jpg 1276w, https:\/\/www.medellin.gov.co\/es\/wp-content\/uploads\/2026\/04\/Imagen-Perros-que-sanan-el-programa-de-Intervenciones-Asistidas-del-Distrito-5-300x200.jpg 300w, https:\/\/www.medellin.gov.co\/es\/wp-content\/uploads\/2026\/04\/Imagen-Perros-que-sanan-el-programa-de-Intervenciones-Asistidas-del-Distrito-5-1024x682.jpg 1024w, https:\/\/www.medellin.gov.co\/es\/wp-content\/uploads\/2026\/04\/Imagen-Perros-que-sanan-el-programa-de-Intervenciones-Asistidas-del-Distrito-5-150x100.jpg 150w, https:\/\/www.medellin.gov.co\/es\/wp-content\/uploads\/2026\/04\/Imagen-Perros-que-sanan-el-programa-de-Intervenciones-Asistidas-del-Distrito-5-768x512.jpg 768w\" sizes=\"(max-width: 1276px) 100vw, 1276px\" \/><\/p>\n<p>Todo bajo monitoreo permanente, priorizando su bienestar f\u00edsico y emocional. El impacto es claro. Desde este programa, se ha acompa\u00f1ado a ni\u00f1as y ni\u00f1os en condici\u00f3n de abandono, fortaleciendo habilidades sociales; a funcionarios p\u00fablicos, promoviendo el manejo del estr\u00e9s y a adultos mayores, donde el efecto es inmediato: menos soledad, m\u00e1s memoria activa y mayor bienestar emocional. El prop\u00f3sito es trabajar con mujeres v\u00edctimas de la violencia.<\/p>\n<p>\u201cAqu\u00ed en el refugio de ancianos tenemos muy claro que estas personas son nuestra prioridad y que el afecto para ellos es fundamental. Y el afecto que hemos identificado que ellos sienten por los animales y el cari\u00f1o que ellos tambi\u00e9n, que los animales le dan a estos adultos mayores, les da un significado a la vida de ellos\u201d, precis\u00f3 la directora del Refugio de adulto mayores, San Crist\u00f3bal, Dora Mej\u00eda.<\/p>\n<p><img loading=\"lazy\" class=\"alignnone wp-image-524233 size-full\" title=\"Perros que sanan el programa de Intervenciones Asistidas del Distrito\" src=\"https:\/\/www.medellin.gov.co\/es\/wp-content\/uploads\/2026\/04\/Imagen-Perros-que-sanan-el-programa-de-Intervenciones-Asistidas-del-Distrito-4.jpg\" alt=\"Imagen Perros que sanan el programa de Intervenciones Asistidas del Distrito (4)\" width=\"1276\" height=\"850\" srcset=\"https:\/\/www.medellin.gov.co\/es\/wp-content\/uploads\/2026\/04\/Imagen-Perros-que-sanan-el-programa-de-Intervenciones-Asistidas-del-Distrito-4.jpg 1276w, https:\/\/www.medellin.gov.co\/es\/wp-content\/uploads\/2026\/04\/Imagen-Perros-que-sanan-el-programa-de-Intervenciones-Asistidas-del-Distrito-4-300x200.jpg 300w, https:\/\/www.medellin.gov.co\/es\/wp-content\/uploads\/2026\/04\/Imagen-Perros-que-sanan-el-programa-de-Intervenciones-Asistidas-del-Distrito-4-1024x682.jpg 1024w, https:\/\/www.medellin.gov.co\/es\/wp-content\/uploads\/2026\/04\/Imagen-Perros-que-sanan-el-programa-de-Intervenciones-Asistidas-del-Distrito-4-150x100.jpg 150w, https:\/\/www.medellin.gov.co\/es\/wp-content\/uploads\/2026\/04\/Imagen-Perros-que-sanan-el-programa-de-Intervenciones-Asistidas-del-Distrito-4-768x512.jpg 768w\" sizes=\"(max-width: 1276px) 100vw, 1276px\" \/><\/p>\n<p>Pero tal vez lo m\u00e1s poderoso es el mensaje que deja: un perro rescatado no solo merece una segunda oportunidad, tambi\u00e9n puede convertirse en agente de cambio. En cada encuentro, se rompen estigmas y se construyen nuevas formas de relaci\u00f3n basadas en el respeto y la empat\u00eda. As\u00ed, el programa de Intervenciones Asistidas con Perros demuestra que sanar no siempre requiere palabras. A veces basta con una presencia noble, un gesto sincero y cuatro patas dispuestas a acompa\u00f1ar.<\/p>\n","protected":false},"excerpt":{"rendered":"<p>Chagualo, Candelaria y Manila, junto a otros tres perros con nombres de barrios de Medell\u00edn, representan a los caninos del Centro de Bienestar Animal La Perla que participan en el programa. En el refugio de &#8230;<\/p>\n","protected":false},"author":95,"featured_media":524239,"comment_status":"open","ping_status":"open","sticky":false,"template":"","format":"standard","meta":[],"categories":[13],"tags":[436],"formato_nota":[],"programas_tax":[],"acf":[],"_links":{"self":[{"href":"https:\/\/www.medellin.gov.co\/es\/wp-json\/wp\/v2\/posts\/524231"}],"collection":[{"href":"https:\/\/www.medellin.gov.co\/es\/wp-json\/wp\/v2\/posts"}],"about":[{"href":"https:\/\/www.medellin.gov.co\/es\/wp-json\/wp\/v2\/types\/post"}],"author":[{"embeddable":true,"href":"https:\/\/www.medellin.gov.co\/es\/wp-json\/wp\/v2\/users\/95"}],"replies":[{"embeddable":true,"href":"https:\/\/www.medellin.gov.co\/es\/wp-json\/wp\/v2\/comments?post=524231"}],"version-history":[{"count":1,"href":"https:\/\/www.medellin.gov.co\/es\/wp-json\/wp\/v2\/posts\/524231\/revisions"}],"predecessor-version":[{"id":524252,"href":"https:\/\/www.medellin.gov.co\/es\/wp-json\/wp\/v2\/posts\/524231\/revisions\/524252"}],"wp:featuredmedia":[{"embeddable":true,"href":"https:\/\/www.medellin.gov.co\/es\/wp-json\/wp\/v2\/media\/524239"}],"wp:attachment":[{"href":"https:\/\/www.medellin.gov.co\/es\/wp-json\/wp\/v2\/media?parent=524231"}],"wp:term":[{"taxonomy":"category","embeddable":true,"href":"https:\/\/www.medellin.gov.co\/es\/wp-json\/wp\/v2\/categories?post=524231"},{"taxonomy":"post_tag","embeddable":true,"href":"https:\/\/www.medellin.gov.co\/es\/wp-json\/wp\/v2\/tags?post=524231"},{"taxonomy":"formato_nota","embeddable":true,"href":"https:\/\/www.medellin.gov.co\/es\/wp-json\/wp\/v2\/formato_nota?post=524231"},{"taxonomy":"programas_tax","embeddable":true,"href":"https:\/\/www.medellin.gov.co\/es\/wp-json\/wp\/v2\/programas_tax?post=524231"}],"curies":[{"name":"wp","href":"https:\/\/api.w.org\/{rel}","templated":true}]}}