{"id":524460,"date":"2026-04-29T14:26:44","date_gmt":"2026-04-29T19:26:44","guid":{"rendered":"https:\/\/www.medellin.gov.co\/es\/?p=524460"},"modified":"2026-04-29T14:26:44","modified_gmt":"2026-04-29T19:26:44","slug":"la-alcaldia-de-medellin-intervino-11-escenarios-de-skate-para-fortalecer-la-practica-deportiva-urbana","status":"publish","type":"post","link":"https:\/\/www.medellin.gov.co\/es\/sala-de-prensa\/noticias\/la-alcaldia-de-medellin-intervino-11-escenarios-de-skate-para-fortalecer-la-practica-deportiva-urbana\/","title":{"rendered":"La Alcald\u00eda de Medell\u00edn intervino 11 escenarios de skate para fortalecer la pr\u00e1ctica deportiva urbana"},"content":{"rendered":"<ul>\n<li>La Administraci\u00f3n Distrital ejecut\u00f3 labores por m\u00e1s de $1.610 millones, incluyendo obra e interventor\u00eda.<\/li>\n<li>Las acciones mejoraron superficies, estructuras y elementos t\u00e9cnicos para garantizar mayor seguridad y calidad en la pr\u00e1ctica deportiva.<\/li>\n<li>Los trabajos se realizaron en escenarios de la 4 Sur, Santa Luc\u00eda, Limonar, Castilla y otras zonas estrat\u00e9gicas de la ciudad.<\/li>\n<\/ul>\n<!--[if lt IE 9]><script>document.createElement('audio');<\/script><![endif]-->\n\t<div class=\"wp-playlist wp-audio-playlist wp-playlist-light\">\n\t\t\t<div class=\"wp-playlist-current-item\"><\/div>\n\t\t<audio controls=\"controls\" preload=\"none\" width=\"640\"\n\t\t\t><\/audio>\n\t<div class=\"wp-playlist-next\"><\/div>\n\t<div class=\"wp-playlist-prev\"><\/div>\n\t<noscript>\n\t<ol>\n\t\t<li><a href='https:\/\/www.medellin.gov.co\/es\/wp-content\/uploads\/2026\/04\/Declaraciones-del-director-del-Inder-Medellin-Eduardo-Silva-Meluk.mp3'>Declaraciones del director del Inder Medell\u00edn, Eduardo Silva Meluk<\/a><\/li>\t<\/ol>\n\t<\/noscript>\n\t<script type=\"application\/json\" class=\"wp-playlist-script\">{\"type\":\"audio\",\"tracklist\":true,\"tracknumbers\":true,\"images\":true,\"artists\":true,\"tracks\":[{\"src\":\"https:\\\/\\\/www.medellin.gov.co\\\/es\\\/wp-content\\\/uploads\\\/2026\\\/04\\\/Declaraciones-del-director-del-Inder-Medellin-Eduardo-Silva-Meluk.mp3\",\"type\":\"audio\\\/mpeg\",\"title\":\"Declaraciones del director del Inder Medell\\u00edn, Eduardo Silva Meluk\",\"caption\":\"\",\"description\":\"\\u00abDeclaraciones del director del Inder Medell\\u00edn, Eduardo Silva Meluk\\u00bb. \",\"meta\":{\"genre\":\"Blues\",\"length_formatted\":\"0:49\"},\"image\":{\"src\":\"https:\\\/\\\/www.medellin.gov.co\\\/es\\\/wp-includes\\\/images\\\/media\\\/audio.png\",\"width\":48,\"height\":64},\"thumb\":{\"src\":\"https:\\\/\\\/www.medellin.gov.co\\\/es\\\/wp-includes\\\/images\\\/media\\\/audio.png\",\"width\":48,\"height\":64}}]}<\/script>\n<\/div>\n\t\n<p>La Alcald\u00eda de Medell\u00edn adelant\u00f3 un plan de intervenci\u00f3n en 11 escenarios de skate, con el objetivo de favorecer las condiciones para la pr\u00e1ctica de disciplinas urbanas y consolidar estos espacios como puntos de encuentro para j\u00f3venes y comunidades en distintos territorios.<\/p>\n<p>Entre los lugares mejorados se encuentran las pistas de Barichara N\u00b03, Limonar N\u00b01 y N\u00b02, Parque de la Rep\u00fablica &#8211; San Pedro, Ciudad del R\u00edo, Unidad Deportiva Juanes de la Paz, Unidad Deportiva La Floresta, Quintas de San Javier, Unidad Deportiva Atanasio Girardot, Francisco Antonio Zea y Santa Luc\u00eda, donde se realizaron obras que responden a las necesidades t\u00e9cnicas de los deportistas.<\/p>\n\n\t\t<style type=\"text\/css\">\n\t\t\t#gallery-1 {\n\t\t\t\tmargin: auto;\n\t\t\t}\n\t\t\t#gallery-1 .gallery-item {\n\t\t\t\tfloat: left;\n\t\t\t\tmargin-top: 10px;\n\t\t\t\ttext-align: center;\n\t\t\t\twidth: 50%;\n\t\t\t}\n\t\t\t#gallery-1 img {\n\t\t\t\tborder: 2px solid #cfcfcf;\n\t\t\t}\n\t\t\t#gallery-1 .gallery-caption {\n\t\t\t\tmargin-left: 0;\n\t\t\t}\n\t\t\t\/* see gallery_shortcode() in wp-includes\/media.php *\/\n\t\t<\/style>\n\t\t<div id='gallery-1' class='gallery galleryid-524460 gallery-columns-2 gallery-size-full'><dl class='gallery-item'>\n\t\t\t<dt class='gallery-icon landscape'>\n\t\t\t\t<a href='https:\/\/www.medellin.gov.co\/es\/sala-de-prensa\/noticias\/la-alcaldia-de-medellin-intervino-11-escenarios-de-skate-para-fortalecer-la-practica-deportiva-urbana\/imagen-de-pista-de-skate-deteriorada\/'><img width=\"1280\" height=\"576\" src=\"https:\/\/www.medellin.gov.co\/es\/wp-content\/uploads\/2026\/04\/Imagen-de-pista-de-skate-deteriorada.jpg\" class=\"attachment-full size-full\" alt=\"Imagen de pista de skate deteriorada\" loading=\"lazy\" srcset=\"https:\/\/www.medellin.gov.co\/es\/wp-content\/uploads\/2026\/04\/Imagen-de-pista-de-skate-deteriorada.jpg 1280w, https:\/\/www.medellin.gov.co\/es\/wp-content\/uploads\/2026\/04\/Imagen-de-pista-de-skate-deteriorada-300x135.jpg 300w, https:\/\/www.medellin.gov.co\/es\/wp-content\/uploads\/2026\/04\/Imagen-de-pista-de-skate-deteriorada-1024x461.jpg 1024w, https:\/\/www.medellin.gov.co\/es\/wp-content\/uploads\/2026\/04\/Imagen-de-pista-de-skate-deteriorada-150x68.jpg 150w, https:\/\/www.medellin.gov.co\/es\/wp-content\/uploads\/2026\/04\/Imagen-de-pista-de-skate-deteriorada-768x346.jpg 768w\" sizes=\"(max-width: 1280px) 100vw, 1280px\" \/><\/a>\n\t\t\t<\/dt><\/dl><dl class='gallery-item'>\n\t\t\t<dt class='gallery-icon landscape'>\n\t\t\t\t<a href='https:\/\/www.medellin.gov.co\/es\/sala-de-prensa\/noticias\/la-alcaldia-de-medellin-intervino-11-escenarios-de-skate-para-fortalecer-la-practica-deportiva-urbana\/imagen-de-una-pista-de-skate-deteriorada\/'><img width=\"1280\" height=\"576\" src=\"https:\/\/www.medellin.gov.co\/es\/wp-content\/uploads\/2026\/04\/Imagen-de-una-pista-de-skate-deteriorada.jpg\" class=\"attachment-full size-full\" alt=\"Imagen de una pista de skate deteriorada\" loading=\"lazy\" srcset=\"https:\/\/www.medellin.gov.co\/es\/wp-content\/uploads\/2026\/04\/Imagen-de-una-pista-de-skate-deteriorada.jpg 1280w, https:\/\/www.medellin.gov.co\/es\/wp-content\/uploads\/2026\/04\/Imagen-de-una-pista-de-skate-deteriorada-300x135.jpg 300w, https:\/\/www.medellin.gov.co\/es\/wp-content\/uploads\/2026\/04\/Imagen-de-una-pista-de-skate-deteriorada-1024x461.jpg 1024w, https:\/\/www.medellin.gov.co\/es\/wp-content\/uploads\/2026\/04\/Imagen-de-una-pista-de-skate-deteriorada-150x68.jpg 150w, https:\/\/www.medellin.gov.co\/es\/wp-content\/uploads\/2026\/04\/Imagen-de-una-pista-de-skate-deteriorada-768x346.jpg 768w\" sizes=\"(max-width: 1280px) 100vw, 1280px\" \/><\/a>\n\t\t\t<\/dt><\/dl><br style=\"clear: both\" \/>\n\t\t<\/div>\n\n<p>\u201c<em>Nuestro alcalde Federico Guti\u00e9rrez tiene el objetivo de reparar toda la infraestructura deportiva de la ciudad. Se han arreglado 11 pistas de skate, en el Estadio, El Limonar, La Floresta, por toda la ciudad. Hemos hablado con la comunidad skate tambi\u00e9n, con las personas expertas, para hacer lo mejor en estos escenarios<\/em>\u201d, dijo el director del <a href=\"https:\/\/www.inder.gov.co\/\" target=\"_blank\" rel=\"noopener\">Inder Medell\u00edn<\/a>, Eduardo Silva Meluk.<\/p>\n<p>Las intervenciones incluyeron el tratamiento y cambio de superficies, reparaci\u00f3n de juntas, mantenimiento y reposici\u00f3n de elementos met\u00e1licos de deslizamiento, adecuaci\u00f3n de rampas, minirampas y estructuras especializadas, as\u00ed como trabajos de pintura, cerrajer\u00eda y mejoramiento de cerramientos. Tambi\u00e9n se construyeron nuevos m\u00f3dulos en concreto, se optimizaron sistemas de drenaje y se incorporaron elementos para la seguridad y el desempe\u00f1o de los usuarios.<\/p>\n\n\t\t<style type=\"text\/css\">\n\t\t\t#gallery-2 {\n\t\t\t\tmargin: auto;\n\t\t\t}\n\t\t\t#gallery-2 .gallery-item {\n\t\t\t\tfloat: left;\n\t\t\t\tmargin-top: 10px;\n\t\t\t\ttext-align: center;\n\t\t\t\twidth: 50%;\n\t\t\t}\n\t\t\t#gallery-2 img {\n\t\t\t\tborder: 2px solid #cfcfcf;\n\t\t\t}\n\t\t\t#gallery-2 .gallery-caption {\n\t\t\t\tmargin-left: 0;\n\t\t\t}\n\t\t\t\/* see gallery_shortcode() in wp-includes\/media.php *\/\n\t\t<\/style>\n\t\t<div id='gallery-2' class='gallery galleryid-524460 gallery-columns-2 gallery-size-full'><dl class='gallery-item'>\n\t\t\t<dt class='gallery-icon landscape'>\n\t\t\t\t<a href='https:\/\/www.medellin.gov.co\/es\/sala-de-prensa\/noticias\/la-alcaldia-de-medellin-intervino-11-escenarios-de-skate-para-fortalecer-la-practica-deportiva-urbana\/imagen-de-pista-de-skate-restaurada\/'><img width=\"1141\" height=\"760\" src=\"https:\/\/www.medellin.gov.co\/es\/wp-content\/uploads\/2026\/04\/Imagen-de-pista-de-skate-restaurada.jpg\" class=\"attachment-full size-full\" alt=\"Imagen de pista de skate restaurada\" loading=\"lazy\" srcset=\"https:\/\/www.medellin.gov.co\/es\/wp-content\/uploads\/2026\/04\/Imagen-de-pista-de-skate-restaurada.jpg 1141w, https:\/\/www.medellin.gov.co\/es\/wp-content\/uploads\/2026\/04\/Imagen-de-pista-de-skate-restaurada-300x200.jpg 300w, https:\/\/www.medellin.gov.co\/es\/wp-content\/uploads\/2026\/04\/Imagen-de-pista-de-skate-restaurada-1024x682.jpg 1024w, https:\/\/www.medellin.gov.co\/es\/wp-content\/uploads\/2026\/04\/Imagen-de-pista-de-skate-restaurada-150x100.jpg 150w, https:\/\/www.medellin.gov.co\/es\/wp-content\/uploads\/2026\/04\/Imagen-de-pista-de-skate-restaurada-768x512.jpg 768w\" sizes=\"(max-width: 1141px) 100vw, 1141px\" \/><\/a>\n\t\t\t<\/dt><\/dl><dl class='gallery-item'>\n\t\t\t<dt class='gallery-icon landscape'>\n\t\t\t\t<a href='https:\/\/www.medellin.gov.co\/es\/sala-de-prensa\/noticias\/la-alcaldia-de-medellin-intervino-11-escenarios-de-skate-para-fortalecer-la-practica-deportiva-urbana\/imagen-de-una-pista-de-skate-restaurada\/'><img width=\"1141\" height=\"760\" src=\"https:\/\/www.medellin.gov.co\/es\/wp-content\/uploads\/2026\/04\/Imagen-de-una-pista-de-skate-restaurada.jpg\" class=\"attachment-full size-full\" alt=\"Imagen de una pista de skate restaurada\" loading=\"lazy\" srcset=\"https:\/\/www.medellin.gov.co\/es\/wp-content\/uploads\/2026\/04\/Imagen-de-una-pista-de-skate-restaurada.jpg 1141w, https:\/\/www.medellin.gov.co\/es\/wp-content\/uploads\/2026\/04\/Imagen-de-una-pista-de-skate-restaurada-300x200.jpg 300w, https:\/\/www.medellin.gov.co\/es\/wp-content\/uploads\/2026\/04\/Imagen-de-una-pista-de-skate-restaurada-1024x682.jpg 1024w, https:\/\/www.medellin.gov.co\/es\/wp-content\/uploads\/2026\/04\/Imagen-de-una-pista-de-skate-restaurada-150x100.jpg 150w, https:\/\/www.medellin.gov.co\/es\/wp-content\/uploads\/2026\/04\/Imagen-de-una-pista-de-skate-restaurada-768x512.jpg 768w\" sizes=\"(max-width: 1141px) 100vw, 1141px\" \/><\/a>\n\t\t\t<\/dt><\/dl><br style=\"clear: both\" \/>\n\t\t<\/div>\n\n<p>En escenarios como Santa Luc\u00eda se adelantaron mantenimientos estructurales y la construcci\u00f3n de nuevos m\u00f3dulos para la pr\u00e1ctica, mientras que en Limonar N\u00b02 se realiz\u00f3 la renovaci\u00f3n total de la superficie en asfalto y la adecuaci\u00f3n de la minirampa. Por su parte, en la Unidad Deportiva Juanes de la Paz se ejecutaron obras complementarias como la instalaci\u00f3n de nuevos rails, mantenimiento de pasamanos, intervenci\u00f3n de drenajes y adecuaciones en zonas de ca\u00edda.<\/p>\n<p>Con estas acciones, la Administraci\u00f3n Distrital fortalece la infraestructura deportiva urbana en clave con las din\u00e1micas de los deportes alternativos y mediante la promoci\u00f3n de espacios m\u00e1s seguros, funcionales y adecuados para la recreaci\u00f3n, el deporte y el aprovechamiento del tiempo libre en Medell\u00edn.<\/p>\n","protected":false},"excerpt":{"rendered":"<p>La Administraci\u00f3n Distrital ejecut\u00f3 labores por m\u00e1s de $1.610 millones, incluyendo obra e interventor\u00eda. Las acciones mejoraron superficies, estructuras y elementos t\u00e9cnicos para garantizar mayor seguridad y calidad en la pr\u00e1ctica deportiva. Los trabajos se &#8230;<\/p>\n","protected":false},"author":21,"featured_media":524472,"comment_status":"open","ping_status":"open","sticky":false,"template":"","format":"standard","meta":[],"categories":[747],"tags":[451,634,689,442],"formato_nota":[],"programas_tax":[],"acf":[],"_links":{"self":[{"href":"https:\/\/www.medellin.gov.co\/es\/wp-json\/wp\/v2\/posts\/524460"}],"collection":[{"href":"https:\/\/www.medellin.gov.co\/es\/wp-json\/wp\/v2\/posts"}],"about":[{"href":"https:\/\/www.medellin.gov.co\/es\/wp-json\/wp\/v2\/types\/post"}],"author":[{"embeddable":true,"href":"https:\/\/www.medellin.gov.co\/es\/wp-json\/wp\/v2\/users\/21"}],"replies":[{"embeddable":true,"href":"https:\/\/www.medellin.gov.co\/es\/wp-json\/wp\/v2\/comments?post=524460"}],"version-history":[{"count":1,"href":"https:\/\/www.medellin.gov.co\/es\/wp-json\/wp\/v2\/posts\/524460\/revisions"}],"predecessor-version":[{"id":524510,"href":"https:\/\/www.medellin.gov.co\/es\/wp-json\/wp\/v2\/posts\/524460\/revisions\/524510"}],"wp:featuredmedia":[{"embeddable":true,"href":"https:\/\/www.medellin.gov.co\/es\/wp-json\/wp\/v2\/media\/524472"}],"wp:attachment":[{"href":"https:\/\/www.medellin.gov.co\/es\/wp-json\/wp\/v2\/media?parent=524460"}],"wp:term":[{"taxonomy":"category","embeddable":true,"href":"https:\/\/www.medellin.gov.co\/es\/wp-json\/wp\/v2\/categories?post=524460"},{"taxonomy":"post_tag","embeddable":true,"href":"https:\/\/www.medellin.gov.co\/es\/wp-json\/wp\/v2\/tags?post=524460"},{"taxonomy":"formato_nota","embeddable":true,"href":"https:\/\/www.medellin.gov.co\/es\/wp-json\/wp\/v2\/formato_nota?post=524460"},{"taxonomy":"programas_tax","embeddable":true,"href":"https:\/\/www.medellin.gov.co\/es\/wp-json\/wp\/v2\/programas_tax?post=524460"}],"curies":[{"name":"wp","href":"https:\/\/api.w.org\/{rel}","templated":true}]}}