{"id":524512,"date":"2026-04-29T14:33:46","date_gmt":"2026-04-29T19:33:46","guid":{"rendered":"https:\/\/www.medellin.gov.co\/es\/?p=524512"},"modified":"2026-04-29T14:33:46","modified_gmt":"2026-04-29T19:33:46","slug":"cerca-de-2-000-personas-han-participado-en-la-consulta-ciudadana-del-pot","status":"publish","type":"post","link":"https:\/\/www.medellin.gov.co\/es\/sala-de-prensa\/noticias\/cerca-de-2-000-personas-han-participado-en-la-consulta-ciudadana-del-pot\/","title":{"rendered":"Cerca de 2.000 personas han participado en la consulta ciudadana del POT"},"content":{"rendered":"<ul>\n<li>Se tienen programadas audiencias p\u00fablicas y encuentros con diferentes p\u00fablicos hasta el 24 de mayo.<\/li>\n<li>M\u00e1s de 750 aportes de la comunidad se han recogido en estos espacios de participaci\u00f3n ciudadana.<\/li>\n<li>Usos del suelo urbano, movilidad, habitacional y vivienda, los temas m\u00e1s recurrentes en estos espacios.<\/li>\n<\/ul>\n<!--[if lt IE 9]><script>document.createElement('audio');<\/script><![endif]-->\n\t<div class=\"wp-playlist wp-audio-playlist wp-playlist-light\">\n\t\t\t<div class=\"wp-playlist-current-item\"><\/div>\n\t\t<audio controls=\"controls\" preload=\"none\" width=\"640\"\n\t\t\t><\/audio>\n\t<div class=\"wp-playlist-next\"><\/div>\n\t<div class=\"wp-playlist-prev\"><\/div>\n\t<noscript>\n\t<ol>\n\t\t<li><a href='https:\/\/www.medellin.gov.co\/es\/wp-content\/uploads\/2026\/04\/Declaraciones-de-la-directora-de-Departamento-Administrativo-de-Planeacion-Luz-Angela-Gonzalez-Gomez.mp3'>Declaraciones de la directora de Departamento Administrativo de Planeaci\u00f3n, Luz \u00c1ngela Gonz\u00e1lez G\u00f3mez<\/a><\/li><li><a href='https:\/\/www.medellin.gov.co\/es\/wp-content\/uploads\/2026\/04\/Declaraciones-del-integrante-de-la-Mesa-Ambiental-de-El-Poblado-Jose-Fernando-Alvarez.mp3'>Declaraciones del integrante de la Mesa Ambiental de El Poblado, Jos\u00e9 Fernando \u00c1lvarez<\/a><\/li><li><a href='https:\/\/www.medellin.gov.co\/es\/wp-content\/uploads\/2026\/04\/Declaraciones-de-la-integrante-de-Casa-Diversa-en-la-comuna-8-Villa-Hermosa-Barbara-Victoria-Bello-Cruz.mp3'>Declaraciones de la integrante de Casa Diversa en la comuna 8-Villa Hermosa, B\u00e1rbara Victoria Bello Cruz<\/a><\/li>\t<\/ol>\n\t<\/noscript>\n\t<script type=\"application\/json\" class=\"wp-playlist-script\">{\"type\":\"audio\",\"tracklist\":true,\"tracknumbers\":true,\"images\":true,\"artists\":true,\"tracks\":[{\"src\":\"https:\\\/\\\/www.medellin.gov.co\\\/es\\\/wp-content\\\/uploads\\\/2026\\\/04\\\/Declaraciones-de-la-directora-de-Departamento-Administrativo-de-Planeacion-Luz-Angela-Gonzalez-Gomez.mp3\",\"type\":\"audio\\\/mpeg\",\"title\":\"Declaraciones de la directora de Departamento Administrativo de Planeaci\\u00f3n, Luz \\u00c1ngela Gonz\\u00e1lez G\\u00f3mez\",\"caption\":\"\",\"description\":\"\\u00abDeclaraciones de la directora de Departamento Administrativo de Planeaci\\u00f3n, Luz \\u00c1ngela Gonz\\u00e1lez G\\u00f3mez\\u00bb. \",\"meta\":{\"genre\":\"Blues\",\"length_formatted\":\"1:09\"},\"image\":{\"src\":\"https:\\\/\\\/www.medellin.gov.co\\\/es\\\/wp-includes\\\/images\\\/media\\\/audio.png\",\"width\":48,\"height\":64},\"thumb\":{\"src\":\"https:\\\/\\\/www.medellin.gov.co\\\/es\\\/wp-includes\\\/images\\\/media\\\/audio.png\",\"width\":48,\"height\":64}},{\"src\":\"https:\\\/\\\/www.medellin.gov.co\\\/es\\\/wp-content\\\/uploads\\\/2026\\\/04\\\/Declaraciones-del-integrante-de-la-Mesa-Ambiental-de-El-Poblado-Jose-Fernando-Alvarez.mp3\",\"type\":\"audio\\\/mpeg\",\"title\":\"Declaraciones del integrante de la Mesa Ambiental de El Poblado, Jos\\u00e9 Fernando \\u00c1lvarez\",\"caption\":\"\",\"description\":\"\\u00abDeclaraciones del integrante de la Mesa Ambiental de El Poblado, Jos\\u00e9 Fernando \\u00c1lvarez\\u00bb.\",\"meta\":{\"genre\":\"Blues\",\"length_formatted\":\"1:11\"},\"image\":{\"src\":\"https:\\\/\\\/www.medellin.gov.co\\\/es\\\/wp-includes\\\/images\\\/media\\\/audio.png\",\"width\":48,\"height\":64},\"thumb\":{\"src\":\"https:\\\/\\\/www.medellin.gov.co\\\/es\\\/wp-includes\\\/images\\\/media\\\/audio.png\",\"width\":48,\"height\":64}},{\"src\":\"https:\\\/\\\/www.medellin.gov.co\\\/es\\\/wp-content\\\/uploads\\\/2026\\\/04\\\/Declaraciones-de-la-integrante-de-Casa-Diversa-en-la-comuna-8-Villa-Hermosa-Barbara-Victoria-Bello-Cruz.mp3\",\"type\":\"audio\\\/mpeg\",\"title\":\"Declaraciones de la integrante de Casa Diversa en la comuna 8-Villa Hermosa, B\\u00e1rbara Victoria Bello Cruz\",\"caption\":\"\",\"description\":\"\\u00abDeclaraciones de la integrante de Casa Diversa en la comuna 8-Villa Hermosa, B\\u00e1rbara Victoria Bello Cruz\\u00bb. G\\u00e9nero: Blues.\",\"meta\":{\"genre\":\"Blues\",\"length_formatted\":\"0:23\"},\"image\":{\"src\":\"https:\\\/\\\/www.medellin.gov.co\\\/es\\\/wp-includes\\\/images\\\/media\\\/audio.png\",\"width\":48,\"height\":64},\"thumb\":{\"src\":\"https:\\\/\\\/www.medellin.gov.co\\\/es\\\/wp-includes\\\/images\\\/media\\\/audio.png\",\"width\":48,\"height\":64}}]}<\/script>\n<\/div>\n\t\n<p>Con un balance parcial de participaci\u00f3n de alrededor de 2.000 personas avanza la consulta ciudadana de la revisi\u00f3n y ajuste de mediano plazo del Plan de Ordenamiento Territorial (POT).<\/p>\n<p>\u201c<em>La ciudadan\u00eda est\u00e1 participando activamente y conoce muy bien su territorio. Nos hemos encontrado con intervenciones concretas, donde las personas no solo opinan, sino que proponen desde su experiencia en los barrios<\/em>\u201d, destac\u00f3 la directora de Departamento Administrativo de Planeaci\u00f3n, Luz \u00c1ngela Gonz\u00e1lez G\u00f3mez.<\/p>\n<p>A la fecha se han realizado audiencias p\u00fablicas lideradas por las Juntas Administradoras Locales (JAL) en 13 comunas de <a href=\"https:\/\/www.instagram.com\/alcaldiademed\/?hl=es-la\" target=\"_blank\" rel=\"noopener\">Medell\u00edn<\/a>, as\u00ed como ocho encuentros con grupos poblacionales, y cuatro entre sectores y organizaciones sociales y comunitarias, con recolecci\u00f3n de 800 aportes entre opiniones, observaciones y recomendaciones de la gente, con distintas miradas del territorio.<\/p>\n<p><a href=\"https:\/\/www.medellin.gov.co\/es\/wp-content\/uploads\/2026\/04\/Imagen-de-una-persona-en-silla-de-ruedas-hablando-por-microfono.jpg\" target=\"_blank\" rel=\"noopener\"><img loading=\"lazy\" class=\"alignnone wp-image-524483 size-full\" title=\"Persona en silla de ruedas hablando por micr\u00f3fono\" src=\"https:\/\/www.medellin.gov.co\/es\/wp-content\/uploads\/2026\/04\/Imagen-de-una-persona-en-silla-de-ruedas-hablando-por-microfono.jpg\" alt=\"Imagen de una persona en silla de ruedas hablando por micr\u00f3fono\" width=\"1211\" height=\"760\" srcset=\"https:\/\/www.medellin.gov.co\/es\/wp-content\/uploads\/2026\/04\/Imagen-de-una-persona-en-silla-de-ruedas-hablando-por-microfono.jpg 1211w, https:\/\/www.medellin.gov.co\/es\/wp-content\/uploads\/2026\/04\/Imagen-de-una-persona-en-silla-de-ruedas-hablando-por-microfono-300x188.jpg 300w, https:\/\/www.medellin.gov.co\/es\/wp-content\/uploads\/2026\/04\/Imagen-de-una-persona-en-silla-de-ruedas-hablando-por-microfono-1024x643.jpg 1024w, https:\/\/www.medellin.gov.co\/es\/wp-content\/uploads\/2026\/04\/Imagen-de-una-persona-en-silla-de-ruedas-hablando-por-microfono-150x94.jpg 150w, https:\/\/www.medellin.gov.co\/es\/wp-content\/uploads\/2026\/04\/Imagen-de-una-persona-en-silla-de-ruedas-hablando-por-microfono-768x482.jpg 768w\" sizes=\"(max-width: 1211px) 100vw, 1211px\" \/><\/a><\/p>\n<p>Las comunas El Poblado, Guayabal, Laureles-Estadio, Castilla y Bel\u00e9n se han destacado por su participaci\u00f3n, as\u00ed lo resalt\u00f3 el integrante de la Mesa Ambiental de El Poblado, Jos\u00e9 Fernando \u00c1lvarez. \u201cEsa era la intenci\u00f3n de hoy, que vinieran muchas personas para que se sintiera esa necesidad real de qu\u00e9 es lo que quer\u00eda la gente\u201d, indic\u00f3.<\/p>\n<p>Tambi\u00e9n los diferentes grupos poblacionales como recicladores de oficio, poblaci\u00f3n migrante, personas mayores, personas con discapacidad, mujeres, LGTBIQ+, entre otros, se han sumado a la discusi\u00f3n y socializaci\u00f3n del POT, enriqueciendo su construcci\u00f3n en el marco de la consulta ciudadana.<\/p>\n<p>\u201c<em>Realmente para nosotros como comunidad y espec\u00edficamente para m\u00ed como una mujer trans, es un espacio muy importante ya que aqu\u00ed se visualiza la importancia que tiene nuestro poder de voz en la ciudadan\u00eda, en el territorio, porque se toma en consideraci\u00f3n las propuestas que nosotros hacemos para que nos beneficien no solamente a m\u00ed como persona, sino a toda nuestra comunidad LGBTI y en especial a las mujeres trans<\/em>\u201d, expres\u00f3 la integrante de Casa Diversa en la comuna 8-Villa Hermosa, B\u00e1rbara Victoria Bello Cruz.<\/p>\n<p><a href=\"https:\/\/www.medellin.gov.co\/es\/wp-content\/uploads\/2026\/04\/Imagen-de-una-una-persona-con-discpacidad-en-un-evento.jpg\" target=\"_blank\" rel=\"noopener\"><img loading=\"lazy\" class=\"alignnone wp-image-524473 size-full\" title=\"Persona con discapacidad en un evento\" src=\"https:\/\/www.medellin.gov.co\/es\/wp-content\/uploads\/2026\/04\/Imagen-de-una-una-persona-con-discpacidad-en-un-evento.jpg\" alt=\"Imagen de una una persona con discapacidad en un evento\" width=\"1279\" height=\"760\" srcset=\"https:\/\/www.medellin.gov.co\/es\/wp-content\/uploads\/2026\/04\/Imagen-de-una-una-persona-con-discpacidad-en-un-evento.jpg 1279w, https:\/\/www.medellin.gov.co\/es\/wp-content\/uploads\/2026\/04\/Imagen-de-una-una-persona-con-discpacidad-en-un-evento-300x178.jpg 300w, https:\/\/www.medellin.gov.co\/es\/wp-content\/uploads\/2026\/04\/Imagen-de-una-una-persona-con-discpacidad-en-un-evento-1024x608.jpg 1024w, https:\/\/www.medellin.gov.co\/es\/wp-content\/uploads\/2026\/04\/Imagen-de-una-una-persona-con-discpacidad-en-un-evento-150x89.jpg 150w, https:\/\/www.medellin.gov.co\/es\/wp-content\/uploads\/2026\/04\/Imagen-de-una-una-persona-con-discpacidad-en-un-evento-768x456.jpg 768w\" sizes=\"(max-width: 1279px) 100vw, 1279px\" \/><\/a><\/p>\n<p>Hasta ahora, la ciudadan\u00eda ha orientado sus intervenciones principalmente hacia temas de usos del suelo urbano, movilidad, habitacional y vivienda, equipamientos colectivos y espacio p\u00fablico de esparcimiento.<\/p>\n<p>Este balance corresponde a un primer corte del proceso, teniendo en cuenta que a\u00fan faltan audiencias p\u00fablicas y encuentros poblacionales por desarrollarse y que ir\u00e1n hasta el 24 de mayo, lo que permitir\u00e1 ampliar la participaci\u00f3n ciudadana. Toda la programaci\u00f3n puede consultarse en <a href=\"http:\/\/www.medellin.gov.co\/pot\" target=\"_blank\" rel=\"noopener\">www.medellin.gov.co\/pot<\/a>.<\/p>\n","protected":false},"excerpt":{"rendered":"<p>Se tienen programadas audiencias p\u00fablicas y encuentros con diferentes p\u00fablicos hasta el 24 de mayo. M\u00e1s de 750 aportes de la comunidad se han recogido en estos espacios de participaci\u00f3n ciudadana. Usos del suelo urbano, &#8230;<\/p>\n","protected":false},"author":21,"featured_media":524506,"comment_status":"open","ping_status":"open","sticky":false,"template":"","format":"standard","meta":[],"categories":[29],"tags":[455],"formato_nota":[],"programas_tax":[],"acf":[],"_links":{"self":[{"href":"https:\/\/www.medellin.gov.co\/es\/wp-json\/wp\/v2\/posts\/524512"}],"collection":[{"href":"https:\/\/www.medellin.gov.co\/es\/wp-json\/wp\/v2\/posts"}],"about":[{"href":"https:\/\/www.medellin.gov.co\/es\/wp-json\/wp\/v2\/types\/post"}],"author":[{"embeddable":true,"href":"https:\/\/www.medellin.gov.co\/es\/wp-json\/wp\/v2\/users\/21"}],"replies":[{"embeddable":true,"href":"https:\/\/www.medellin.gov.co\/es\/wp-json\/wp\/v2\/comments?post=524512"}],"version-history":[{"count":1,"href":"https:\/\/www.medellin.gov.co\/es\/wp-json\/wp\/v2\/posts\/524512\/revisions"}],"predecessor-version":[{"id":524514,"href":"https:\/\/www.medellin.gov.co\/es\/wp-json\/wp\/v2\/posts\/524512\/revisions\/524514"}],"wp:featuredmedia":[{"embeddable":true,"href":"https:\/\/www.medellin.gov.co\/es\/wp-json\/wp\/v2\/media\/524506"}],"wp:attachment":[{"href":"https:\/\/www.medellin.gov.co\/es\/wp-json\/wp\/v2\/media?parent=524512"}],"wp:term":[{"taxonomy":"category","embeddable":true,"href":"https:\/\/www.medellin.gov.co\/es\/wp-json\/wp\/v2\/categories?post=524512"},{"taxonomy":"post_tag","embeddable":true,"href":"https:\/\/www.medellin.gov.co\/es\/wp-json\/wp\/v2\/tags?post=524512"},{"taxonomy":"formato_nota","embeddable":true,"href":"https:\/\/www.medellin.gov.co\/es\/wp-json\/wp\/v2\/formato_nota?post=524512"},{"taxonomy":"programas_tax","embeddable":true,"href":"https:\/\/www.medellin.gov.co\/es\/wp-json\/wp\/v2\/programas_tax?post=524512"}],"curies":[{"name":"wp","href":"https:\/\/api.w.org\/{rel}","templated":true}]}}