{"id":524522,"date":"2026-04-29T15:23:07","date_gmt":"2026-04-29T20:23:07","guid":{"rendered":"https:\/\/www.medellin.gov.co\/es\/?p=524522"},"modified":"2026-04-29T15:23:07","modified_gmt":"2026-04-29T20:23:07","slug":"la-feria-popular-dias-del-libro-cumple-20-anos-y-honra-el-legado-de-los-libreros-y-libreras-de-medellin","status":"publish","type":"post","link":"https:\/\/www.medellin.gov.co\/es\/sala-de-prensa\/noticias\/la-feria-popular-dias-del-libro-cumple-20-anos-y-honra-el-legado-de-los-libreros-y-libreras-de-medellin\/","title":{"rendered":"La Feria Popular D\u00edas del Libro cumple 20 a\u00f1os y honra el legado de los libreros y libreras de Medell\u00edn"},"content":{"rendered":"<ul>\n<li>Como invitados estar\u00e1n Sara Jaramillo Klinkert, H\u00e9ctor Abad Faciolince, V\u00edctor Gaviria y Juan Manuel Roca, entre otros autores colombianos.<\/li>\n<\/ul>\n<!--[if lt IE 9]><script>document.createElement('audio');<\/script><![endif]-->\n\t<div class=\"wp-playlist wp-audio-playlist wp-playlist-light\">\n\t\t\t<div class=\"wp-playlist-current-item\"><\/div>\n\t\t<audio controls=\"controls\" preload=\"none\" width=\"640\"\n\t\t\t><\/audio>\n\t<div class=\"wp-playlist-next\"><\/div>\n\t<div class=\"wp-playlist-prev\"><\/div>\n\t<noscript>\n\t<ol>\n\t\t<li><a href='https:\/\/www.medellin.gov.co\/es\/wp-content\/uploads\/2026\/04\/Declaraciones-del-secretario-de-Cultura-Ciudadana-Santiago-Silva-Jaramillo-4.mp3'>Declaraciones del secretario de Cultura Ciudadana, Santiago Silva Jaramillo<\/a><\/li><li><a href='https:\/\/www.medellin.gov.co\/es\/wp-content\/uploads\/2026\/04\/Declaraciones-de-Marcela-Henao-docente-IE-Marco-Fidel-Suarez.mp3'>Declaraciones de Marcela Henao, docente IE Marco Fidel Su\u00e1rez<\/a><\/li>\t<\/ol>\n\t<\/noscript>\n\t<script type=\"application\/json\" class=\"wp-playlist-script\">{\"type\":\"audio\",\"tracklist\":true,\"tracknumbers\":true,\"images\":true,\"artists\":true,\"tracks\":[{\"src\":\"https:\\\/\\\/www.medellin.gov.co\\\/es\\\/wp-content\\\/uploads\\\/2026\\\/04\\\/Declaraciones-del-secretario-de-Cultura-Ciudadana-Santiago-Silva-Jaramillo-4.mp3\",\"type\":\"audio\\\/mpeg\",\"title\":\"Declaraciones del secretario de Cultura Ciudadana, Santiago Silva Jaramillo\",\"caption\":\"\",\"description\":\"\\u00abDeclaraciones del secretario de Cultura Ciudadana, Santiago Silva Jaramillo\\u00bb. G\\u00e9nero: Blues.\",\"meta\":{\"genre\":\"Blues\",\"length_formatted\":\"0:58\"},\"image\":{\"src\":\"https:\\\/\\\/www.medellin.gov.co\\\/es\\\/wp-includes\\\/images\\\/media\\\/audio.png\",\"width\":48,\"height\":64},\"thumb\":{\"src\":\"https:\\\/\\\/www.medellin.gov.co\\\/es\\\/wp-includes\\\/images\\\/media\\\/audio.png\",\"width\":48,\"height\":64}},{\"src\":\"https:\\\/\\\/www.medellin.gov.co\\\/es\\\/wp-content\\\/uploads\\\/2026\\\/04\\\/Declaraciones-de-Marcela-Henao-docente-IE-Marco-Fidel-Suarez.mp3\",\"type\":\"audio\\\/mpeg\",\"title\":\"Declaraciones de Marcela Henao, docente IE Marco Fidel Su\\u00e1rez\",\"caption\":\"\",\"description\":\"\\u00abDeclaraciones de Marcela Henao, docente IE Marco Fidel Su\\u00e1rez\\u00bb. \",\"meta\":{\"genre\":\"Blues\",\"length_formatted\":\"0:55\"},\"image\":{\"src\":\"https:\\\/\\\/www.medellin.gov.co\\\/es\\\/wp-includes\\\/images\\\/media\\\/audio.png\",\"width\":48,\"height\":64},\"thumb\":{\"src\":\"https:\\\/\\\/www.medellin.gov.co\\\/es\\\/wp-includes\\\/images\\\/media\\\/audio.png\",\"width\":48,\"height\":64}}]}<\/script>\n<\/div>\n\t\n<p>Del viernes 22 de mayo y hasta el domingo 24, el Distrito celebrar\u00e1 los 20 a\u00f1os de la Feria Popular D\u00edas del Libro, el segundo evento literario, cultural y art\u00edstico del a\u00f1o liderado por la Alcald\u00eda de Medell\u00edn. Los asistentes podr\u00e1n disfrutar cerca de 300 actividades con entrada libre, adem\u00e1s de una muestra comercial con 51 expositores que dinamizar\u00e1n el sector econ\u00f3mico y rendir\u00e1n homenaje a los protagonistas de esta edici\u00f3n: los libreros y libreras locales.<\/p>\n<p>Con el tema \u201c<em>Las traves\u00edas de la lectura<\/em>\u201d, la Feria Popular D\u00edas del Libro conmemora, en una franja especial, los caminos recorridos por las librer\u00edas de Medell\u00edn, que hace dos d\u00e9cadas impulsaron la creaci\u00f3n de este evento alternativo, cercano a la vida de los barrios y con fuerte arraigo en el sector de Carlos E. Restrepo y en la Biblioteca P\u00fablica Piloto para Am\u00e9rica Latina.<\/p>\n<p>\u201c<em>Celebramos 20 a\u00f1os, tanto de este evento como de la Fiesta del Libro y la Cultura. Esta conmemoraci\u00f3n nos brinda la oportunidad de realizar no solo una celebraci\u00f3n en s\u00ed misma, sino tambi\u00e9n un homenaje a sus protagonistas: los libreros y libreras de la ciudad, quienes son verdaderos gu\u00edas en t\u00e9rminos literarios<\/em>\u201d, destac\u00f3 el secretario de Cultura Ciudadana, Santiago Silva Jaramillo.<\/p>\n<p><a href=\"https:\/\/www.medellin.gov.co\/es\/wp-content\/uploads\/2026\/04\/Imagen-de-ninos-haciendo-una-presentacion-sobre-un-libro.jpg\" target=\"_blank\" rel=\"noopener\"><img loading=\"lazy\" class=\"alignnone wp-image-524496 size-full\" title=\"ni\u00f1os haciendo una presentaci\u00f3n sobre un libro\" src=\"https:\/\/www.medellin.gov.co\/es\/wp-content\/uploads\/2026\/04\/Imagen-de-ninos-haciendo-una-presentacion-sobre-un-libro.jpg\" alt=\"Imagen de ni\u00f1os haciendo una presentaci\u00f3n sobre un libro\" width=\"1136\" height=\"760\" srcset=\"https:\/\/www.medellin.gov.co\/es\/wp-content\/uploads\/2026\/04\/Imagen-de-ninos-haciendo-una-presentacion-sobre-un-libro.jpg 1136w, https:\/\/www.medellin.gov.co\/es\/wp-content\/uploads\/2026\/04\/Imagen-de-ninos-haciendo-una-presentacion-sobre-un-libro-300x201.jpg 300w, https:\/\/www.medellin.gov.co\/es\/wp-content\/uploads\/2026\/04\/Imagen-de-ninos-haciendo-una-presentacion-sobre-un-libro-1024x685.jpg 1024w, https:\/\/www.medellin.gov.co\/es\/wp-content\/uploads\/2026\/04\/Imagen-de-ninos-haciendo-una-presentacion-sobre-un-libro-150x100.jpg 150w, https:\/\/www.medellin.gov.co\/es\/wp-content\/uploads\/2026\/04\/Imagen-de-ninos-haciendo-una-presentacion-sobre-un-libro-768x514.jpg 768w\" sizes=\"(max-width: 1136px) 100vw, 1136px\" \/><\/a><\/p>\n<p>Ese fin de semana, el p\u00fablico disfrutar\u00e1 de lecturas en voz alta, conversatorios y actividades pedag\u00f3gicas y l\u00fadicas. Adem\u00e1s, se realizar\u00e1n talleres que abordar\u00e1n tem\u00e1ticas relacionadas con la encuadernaci\u00f3n, la escritura y el bordado, entre otras t\u00e9cnicas, permitiendo a los participantes practicar y experimentar nuevas formas de relaci\u00f3n con los libros, desde distintos materiales y lenguajes.<\/p>\n<p>En esta edici\u00f3n se contar\u00e1 con la presencia de invitados de amplia trayectoria literaria. Entre los destacados estar\u00e1n autores colombianos como Sara Jaramillo Klinkert, Juan Luis Mej\u00eda, Mario Jursich Dur\u00e1n, H\u00e9ctor Abad Faciolince, Juliana G\u00f3mez Nieto, V\u00edctor Gaviria, Camilo Casta\u00f1eda y Juan Manuel Roca, entre otros.<\/p>\n<p>Una de las grandes novedades ser\u00e1 la realizaci\u00f3n simult\u00e1nea del Seminario de Comunicaci\u00f3n Juvenil Creadores MDE, un espacio que ha impulsado las voces de los j\u00f3venes. Ser\u00e1 una oportunidad para que los participantes narren sus experiencias y exploren distintas formas de comunicaci\u00f3n y creaci\u00f3n de contenidos. Las postulaciones estar\u00e1n abiertas hasta el domingo 10 de mayo en <a href=\"https:\/\/creadores.medellinjoven.com\/\" target=\"_blank\" rel=\"noopener\">creadores.medellinjoven.com<\/a>.<\/p>\n<p><a href=\"https:\/\/www.medellin.gov.co\/es\/wp-content\/uploads\/2026\/04\/Imagen-de-ninos-y-adultos-sentados.jpg\" target=\"_blank\" rel=\"noopener\"><img loading=\"lazy\" class=\"alignnone wp-image-524493 size-full\" title=\"ni\u00f1os y adultos sentados\" src=\"https:\/\/www.medellin.gov.co\/es\/wp-content\/uploads\/2026\/04\/Imagen-de-ninos-y-adultos-sentados.jpg\" alt=\"Imagen de ni\u00f1os y adultos sentados\" width=\"1140\" height=\"760\" srcset=\"https:\/\/www.medellin.gov.co\/es\/wp-content\/uploads\/2026\/04\/Imagen-de-ninos-y-adultos-sentados.jpg 1140w, https:\/\/www.medellin.gov.co\/es\/wp-content\/uploads\/2026\/04\/Imagen-de-ninos-y-adultos-sentados-300x200.jpg 300w, https:\/\/www.medellin.gov.co\/es\/wp-content\/uploads\/2026\/04\/Imagen-de-ninos-y-adultos-sentados-1024x683.jpg 1024w, https:\/\/www.medellin.gov.co\/es\/wp-content\/uploads\/2026\/04\/Imagen-de-ninos-y-adultos-sentados-150x100.jpg 150w, https:\/\/www.medellin.gov.co\/es\/wp-content\/uploads\/2026\/04\/Imagen-de-ninos-y-adultos-sentados-768x512.jpg 768w\" sizes=\"(max-width: 1140px) 100vw, 1140px\" \/><\/a><\/p>\n<p>Como parte de la agenda de los grandes aliados, Comfenalco Antioquia participar\u00e1 con su franja \u201c<em>Este libro es la canci\u00f3n que te dedico<\/em>\u201d, un homenaje al poder narrativo de la m\u00fasica urbana y rural. Por su parte, Comfama presentar\u00e1 \u201cLa Casa de la Imaginaci\u00f3n\u201d, con una programaci\u00f3n que incluye conversaciones, masterclass y biblioteca m\u00f3vil. Ambas cajas de compensaci\u00f3n entregar\u00e1n bonos de lectura.<\/p>\n<p>Mientras tanto, EPM llega con \u201c<em>Letras, voces y gestos<\/em>\u201d para celebrar la palabra en todas sus manifestaciones: la que se dice, se escribe y se siente. Tambi\u00e9n, se destaca la colaboraci\u00f3n con el Centro Cultural de la Facultad de Artes de la Universidad de Antioquia, que refuerza el tejido cultural del barrio con un recorrido guiado sobre fauna, flora y patrimonio en esta zona de Medell\u00edn.<\/p>\n<p>Finalmente, la programaci\u00f3n contar\u00e1 con el talento art\u00edstico de Moya, Papabombass, Selva Mar\u00eda &amp; Las Mandr\u00e1goras y el Tr\u00edo Amapola, adem\u00e1s de actividades para celebrar los 30 a\u00f1os de la Red de M\u00fasicas de Medell\u00edn. Toda la programaci\u00f3n estar\u00e1 disponible en <a href=\"http:\/\/www.fiestadellibroylacultura.com\" target=\"_blank\" rel=\"noopener\">www.fiestadellibroylacultura.com<\/a> y en redes sociales @cultura.med y @fiestalibro.<\/p>\n","protected":false},"excerpt":{"rendered":"<p>Como invitados estar\u00e1n Sara Jaramillo Klinkert, H\u00e9ctor Abad Faciolince, V\u00edctor Gaviria y Juan Manuel Roca, entre otros autores colombianos. Del viernes 22 de mayo y hasta el domingo 24, el Distrito celebrar\u00e1 los 20 a\u00f1os &#8230;<\/p>\n","protected":false},"author":21,"featured_media":524499,"comment_status":"open","ping_status":"open","sticky":false,"template":"","format":"standard","meta":[],"categories":[31],"tags":[444,428],"formato_nota":[],"programas_tax":[],"acf":[],"_links":{"self":[{"href":"https:\/\/www.medellin.gov.co\/es\/wp-json\/wp\/v2\/posts\/524522"}],"collection":[{"href":"https:\/\/www.medellin.gov.co\/es\/wp-json\/wp\/v2\/posts"}],"about":[{"href":"https:\/\/www.medellin.gov.co\/es\/wp-json\/wp\/v2\/types\/post"}],"author":[{"embeddable":true,"href":"https:\/\/www.medellin.gov.co\/es\/wp-json\/wp\/v2\/users\/21"}],"replies":[{"embeddable":true,"href":"https:\/\/www.medellin.gov.co\/es\/wp-json\/wp\/v2\/comments?post=524522"}],"version-history":[{"count":1,"href":"https:\/\/www.medellin.gov.co\/es\/wp-json\/wp\/v2\/posts\/524522\/revisions"}],"predecessor-version":[{"id":524525,"href":"https:\/\/www.medellin.gov.co\/es\/wp-json\/wp\/v2\/posts\/524522\/revisions\/524525"}],"wp:featuredmedia":[{"embeddable":true,"href":"https:\/\/www.medellin.gov.co\/es\/wp-json\/wp\/v2\/media\/524499"}],"wp:attachment":[{"href":"https:\/\/www.medellin.gov.co\/es\/wp-json\/wp\/v2\/media?parent=524522"}],"wp:term":[{"taxonomy":"category","embeddable":true,"href":"https:\/\/www.medellin.gov.co\/es\/wp-json\/wp\/v2\/categories?post=524522"},{"taxonomy":"post_tag","embeddable":true,"href":"https:\/\/www.medellin.gov.co\/es\/wp-json\/wp\/v2\/tags?post=524522"},{"taxonomy":"formato_nota","embeddable":true,"href":"https:\/\/www.medellin.gov.co\/es\/wp-json\/wp\/v2\/formato_nota?post=524522"},{"taxonomy":"programas_tax","embeddable":true,"href":"https:\/\/www.medellin.gov.co\/es\/wp-json\/wp\/v2\/programas_tax?post=524522"}],"curies":[{"name":"wp","href":"https:\/\/api.w.org\/{rel}","templated":true}]}}