{"id":524526,"date":"2026-04-29T15:49:30","date_gmt":"2026-04-29T20:49:30","guid":{"rendered":"https:\/\/www.medellin.gov.co\/es\/?p=524526"},"modified":"2026-04-29T15:49:30","modified_gmt":"2026-04-29T20:49:30","slug":"medellin-avanza-en-el-cumplimiento-del-plan-de-igualdad-de-genero-con-inversion-historica-en-todo-el-territorio","status":"publish","type":"post","link":"https:\/\/www.medellin.gov.co\/es\/sala-de-prensa\/noticias\/medellin-avanza-en-el-cumplimiento-del-plan-de-igualdad-de-genero-con-inversion-historica-en-todo-el-territorio\/","title":{"rendered":"Medell\u00edn avanza en el cumplimiento del Plan de Igualdad de G\u00e9nero con inversi\u00f3n hist\u00f3rica en todo el territorio"},"content":{"rendered":"<ul>\n<li>La Secretar\u00eda de las Mujeres ha impactado 53 programas y seis proyectos estrat\u00e9gicos, con una inversi\u00f3n de m\u00e1s de $28.000 millones anuales, para garantizar los derechos de las mujeres urbanas y rurales.<\/li>\n<li>M\u00e1s de 50.000 atenciones entre 2024 y 2026, y el fortalecimiento del Sistema de Cuidado evidencian avances en protecci\u00f3n, autonom\u00eda y equidad.<\/li>\n<\/ul>\n<!--[if lt IE 9]><script>document.createElement('audio');<\/script><![endif]-->\n\t<div class=\"wp-playlist wp-audio-playlist wp-playlist-light\">\n\t\t\t<div class=\"wp-playlist-current-item\"><\/div>\n\t\t<audio controls=\"controls\" preload=\"none\" width=\"640\"\n\t\t\t><\/audio>\n\t<div class=\"wp-playlist-next\"><\/div>\n\t<div class=\"wp-playlist-prev\"><\/div>\n\t<noscript>\n\t<ol>\n\t\t<li><a href='https:\/\/www.medellin.gov.co\/es\/wp-content\/uploads\/2026\/04\/Declaraciones-de-la-secretaria-de-las-Mujeres-Valeria-Molina-Gomez.mp3'>Declaraciones de la secretaria de las Mujeres, Valeria Molina G\u00f3mez<\/a><\/li>\t<\/ol>\n\t<\/noscript>\n\t<script type=\"application\/json\" class=\"wp-playlist-script\">{\"type\":\"audio\",\"tracklist\":true,\"tracknumbers\":true,\"images\":true,\"artists\":true,\"tracks\":[{\"src\":\"https:\\\/\\\/www.medellin.gov.co\\\/es\\\/wp-content\\\/uploads\\\/2026\\\/04\\\/Declaraciones-de-la-secretaria-de-las-Mujeres-Valeria-Molina-Gomez.mp3\",\"type\":\"audio\\\/mpeg\",\"title\":\"Declaraciones de la secretaria de las Mujeres, Valeria Molina G\\u00f3mez\",\"caption\":\"\",\"description\":\"\\u00abDeclaraciones de la secretaria de las Mujeres, Valeria Molina G\\u00f3mez\\u00bb. G\\u00e9nero: Blues.\",\"meta\":{\"genre\":\"Blues\",\"length_formatted\":\"1:06\"},\"image\":{\"src\":\"https:\\\/\\\/www.medellin.gov.co\\\/es\\\/wp-includes\\\/images\\\/media\\\/audio.png\",\"width\":48,\"height\":64},\"thumb\":{\"src\":\"https:\\\/\\\/www.medellin.gov.co\\\/es\\\/wp-includes\\\/images\\\/media\\\/audio.png\",\"width\":48,\"height\":64}}]}<\/script>\n<\/div>\n\t\n<p>En clave con el Plan Estrat\u00e9gico de Igualdad de G\u00e9nero para las mujeres urbanas y rurales de <a href=\"https:\/\/www.instagram.com\/alcaldiademed\/?hl=es-la\" target=\"_blank\" rel=\"noopener\">Medell\u00edn<\/a>, la Alcald\u00eda presenta avances en la garant\u00eda de derechos, la reducci\u00f3n de brechas y el mejoramiento de capacidades en los territorios.<\/p>\n<p>\u201c<em>Tenemos 53 programas con sello Igualdad de G\u00e9nero, lo que significa que las secretar\u00edas e institutos descentralizados cuentan con proyectos con enfoque de g\u00e9nero. Este a\u00f1o hemos invertido $28.000 millones y llegaremos a $32.000 millones<\/em>\u201d, dijo la secretaria de las Mujeres, Valeria Molina, al tiempo que destac\u00f3 avances en las dimensiones de la pol\u00edtica p\u00fablica: participaci\u00f3n social y pol\u00edtica, paz, salud, educaci\u00f3n, autonom\u00eda econ\u00f3mica y vida libre de violencias.<\/p>\n<p>Uno de los principales ejes ha sido la estrategia Medell\u00edn Segura para todas, que articula mecanismos de atenci\u00f3n, prevenci\u00f3n y transformaci\u00f3n cultural. En este marco se han ofrecido m\u00e1s de 50.000 atenciones entre 2024 y 2026 y se ha acompa\u00f1ado a cerca de 22.000 mujeres, garantizando acceso a rutas de protecci\u00f3n como la L\u00ednea 123 Agencia Mujer, la atenci\u00f3n psicojur\u00eddica en territorio, la Defensa T\u00e9cnica y el Mecanismo de Protecci\u00f3n Integral.<\/p>\n<p><a href=\"https:\/\/www.medellin.gov.co\/es\/wp-content\/uploads\/2026\/04\/Imagen-de-mujeres-sonrientes-en-evento-1.jpg\" target=\"_blank\" rel=\"noopener\"><img loading=\"lazy\" class=\"alignnone wp-image-524527 size-full\" title=\"mujeres sonrientes en evento\" src=\"https:\/\/www.medellin.gov.co\/es\/wp-content\/uploads\/2026\/04\/Imagen-de-mujeres-sonrientes-en-evento-1.jpg\" alt=\"Imagen de mujeres sonrientes en evento\" width=\"1141\" height=\"760\" srcset=\"https:\/\/www.medellin.gov.co\/es\/wp-content\/uploads\/2026\/04\/Imagen-de-mujeres-sonrientes-en-evento-1.jpg 1141w, https:\/\/www.medellin.gov.co\/es\/wp-content\/uploads\/2026\/04\/Imagen-de-mujeres-sonrientes-en-evento-1-300x200.jpg 300w, https:\/\/www.medellin.gov.co\/es\/wp-content\/uploads\/2026\/04\/Imagen-de-mujeres-sonrientes-en-evento-1-1024x682.jpg 1024w, https:\/\/www.medellin.gov.co\/es\/wp-content\/uploads\/2026\/04\/Imagen-de-mujeres-sonrientes-en-evento-1-150x100.jpg 150w, https:\/\/www.medellin.gov.co\/es\/wp-content\/uploads\/2026\/04\/Imagen-de-mujeres-sonrientes-en-evento-1-768x512.jpg 768w\" sizes=\"(max-width: 1141px) 100vw, 1141px\" \/><\/a><\/p>\n<p>En materia de prevenci\u00f3n, la ciudad ha fortalecido estrategias como Turismo responsable y Fiesta segura para las mujeres, sensibilizando a 2.722 personas y acompa\u00f1ando a 30 entidades del sector, adem\u00e1s de implementar iniciativas como Pregunta por \u00c1ngela y protocolos de atenci\u00f3n en eventos.<\/p>\n<p>De igual forma, la estrategia de espacios p\u00fablicos seguros ha impactado a m\u00e1s de 6.000 personas en prevenci\u00f3n de violencias, con acciones de urbanismo con enfoque de g\u00e9nero, mejoramiento de iluminaci\u00f3n y articulaci\u00f3n interinstitucional para garantizar entornos m\u00e1s seguros para mujeres y ni\u00f1as.<\/p>\n<p><a href=\"https:\/\/www.medellin.gov.co\/es\/wp-content\/uploads\/2026\/04\/Imagen-de-la-Secretaria-de-las-Mujeres-en-evento.jpg\" target=\"_blank\" rel=\"noopener\"><img loading=\"lazy\" class=\"alignnone wp-image-524529 size-full\" title=\"Secretaria de las Mujeres en evento\" src=\"https:\/\/www.medellin.gov.co\/es\/wp-content\/uploads\/2026\/04\/Imagen-de-la-Secretaria-de-las-Mujeres-en-evento.jpg\" alt=\"Imagen de la Secretaria de las Mujeres en evento\" width=\"1141\" height=\"760\" srcset=\"https:\/\/www.medellin.gov.co\/es\/wp-content\/uploads\/2026\/04\/Imagen-de-la-Secretaria-de-las-Mujeres-en-evento.jpg 1141w, https:\/\/www.medellin.gov.co\/es\/wp-content\/uploads\/2026\/04\/Imagen-de-la-Secretaria-de-las-Mujeres-en-evento-300x200.jpg 300w, https:\/\/www.medellin.gov.co\/es\/wp-content\/uploads\/2026\/04\/Imagen-de-la-Secretaria-de-las-Mujeres-en-evento-1024x682.jpg 1024w, https:\/\/www.medellin.gov.co\/es\/wp-content\/uploads\/2026\/04\/Imagen-de-la-Secretaria-de-las-Mujeres-en-evento-150x100.jpg 150w, https:\/\/www.medellin.gov.co\/es\/wp-content\/uploads\/2026\/04\/Imagen-de-la-Secretaria-de-las-Mujeres-en-evento-768x512.jpg 768w\" sizes=\"(max-width: 1141px) 100vw, 1141px\" \/><\/a><\/p>\n<p>En el componente de transformaci\u00f3n cultural, la estrategia, Hombres como vos, ha sensibilizado a m\u00e1s de 5.100 hombres, promoviendo la corresponsabilidad en el cuidado y la prevenci\u00f3n de violencias.<\/p>\n<p>Asimismo, en autonom\u00eda econ\u00f3mica, el programa Decididas ha acompa\u00f1ado a 3.600 mujeres en su permanencia educativa y 1.944 en su autonom\u00eda econ\u00f3mica, con oportunidades reales para la independencia econ\u00f3mica.<\/p>\n<p>Por su parte, el Sistema Distrital de Cuidado se consolida como una de las apuestas estructurales de la ciudad, con m\u00e1s de 4.500 mujeres cuidadoras con d\u00eda de respiro y 21 encuentros territoriales. \u201cContamos con 12 c\u00edrculos de cuidado que ya est\u00e1n atendiendo a m\u00e1s de 10.000 personas en este cuatrienio, y cerraremos el a\u00f1o con 18 en funcionamiento\u201d, a\u00f1adi\u00f3 la secretaria.<\/p>\n<p><a href=\"https:\/\/www.medellin.gov.co\/es\/wp-content\/uploads\/2026\/04\/Imagen-del-ALcalde-Federico-Gutierrez-con-bolsa-de-lavado-comunitario.jpg\" target=\"_blank\" rel=\"noopener\"><img loading=\"lazy\" class=\"alignnone wp-image-524531 size-full\" title=\"Alcalde Federico Guti\u00e9rrez con bolsa de lavado comunitario\" src=\"https:\/\/www.medellin.gov.co\/es\/wp-content\/uploads\/2026\/04\/Imagen-del-ALcalde-Federico-Gutierrez-con-bolsa-de-lavado-comunitario.jpg\" alt=\"Imagen del Alcalde Federico Guti\u00e9rrez con bolsa de lavado comunitario\" width=\"1141\" height=\"760\" srcset=\"https:\/\/www.medellin.gov.co\/es\/wp-content\/uploads\/2026\/04\/Imagen-del-ALcalde-Federico-Gutierrez-con-bolsa-de-lavado-comunitario.jpg 1141w, https:\/\/www.medellin.gov.co\/es\/wp-content\/uploads\/2026\/04\/Imagen-del-ALcalde-Federico-Gutierrez-con-bolsa-de-lavado-comunitario-300x200.jpg 300w, https:\/\/www.medellin.gov.co\/es\/wp-content\/uploads\/2026\/04\/Imagen-del-ALcalde-Federico-Gutierrez-con-bolsa-de-lavado-comunitario-1024x682.jpg 1024w, https:\/\/www.medellin.gov.co\/es\/wp-content\/uploads\/2026\/04\/Imagen-del-ALcalde-Federico-Gutierrez-con-bolsa-de-lavado-comunitario-150x100.jpg 150w, https:\/\/www.medellin.gov.co\/es\/wp-content\/uploads\/2026\/04\/Imagen-del-ALcalde-Federico-Gutierrez-con-bolsa-de-lavado-comunitario-768x512.jpg 768w\" sizes=\"(max-width: 1141px) 100vw, 1141px\" \/><\/a><\/p>\n<p>Se destaca, adem\u00e1s, la puesta en marcha del primer Centro de Lavado Comunitario en la UVA La Alegr\u00eda (comuna 3 \u2013 Manrique), una estrategia que libera tiempo para las mujeres cuidadoras y se proyecta con nuevas aperturas.<\/p>\n<p>Con estos avances, el Distrito reafirma su compromiso con el cumplimiento del Plan Estrat\u00e9gico de Igualdad de G\u00e9nero, lo que afianza una gesti\u00f3n basada en resultados, articulaci\u00f3n institucional y transformaci\u00f3n.<\/p>\n","protected":false},"excerpt":{"rendered":"<p>La Secretar\u00eda de las Mujeres ha impactado 53 programas y seis proyectos estrat\u00e9gicos, con una inversi\u00f3n de m\u00e1s de $28.000 millones anuales, para garantizar los derechos de las mujeres urbanas y rurales. M\u00e1s de 50.000 &#8230;<\/p>\n","protected":false},"author":21,"featured_media":524532,"comment_status":"open","ping_status":"open","sticky":false,"template":"","format":"standard","meta":[],"categories":[15],"tags":[451,434],"formato_nota":[],"programas_tax":[],"acf":[],"_links":{"self":[{"href":"https:\/\/www.medellin.gov.co\/es\/wp-json\/wp\/v2\/posts\/524526"}],"collection":[{"href":"https:\/\/www.medellin.gov.co\/es\/wp-json\/wp\/v2\/posts"}],"about":[{"href":"https:\/\/www.medellin.gov.co\/es\/wp-json\/wp\/v2\/types\/post"}],"author":[{"embeddable":true,"href":"https:\/\/www.medellin.gov.co\/es\/wp-json\/wp\/v2\/users\/21"}],"replies":[{"embeddable":true,"href":"https:\/\/www.medellin.gov.co\/es\/wp-json\/wp\/v2\/comments?post=524526"}],"version-history":[{"count":1,"href":"https:\/\/www.medellin.gov.co\/es\/wp-json\/wp\/v2\/posts\/524526\/revisions"}],"predecessor-version":[{"id":524535,"href":"https:\/\/www.medellin.gov.co\/es\/wp-json\/wp\/v2\/posts\/524526\/revisions\/524535"}],"wp:featuredmedia":[{"embeddable":true,"href":"https:\/\/www.medellin.gov.co\/es\/wp-json\/wp\/v2\/media\/524532"}],"wp:attachment":[{"href":"https:\/\/www.medellin.gov.co\/es\/wp-json\/wp\/v2\/media?parent=524526"}],"wp:term":[{"taxonomy":"category","embeddable":true,"href":"https:\/\/www.medellin.gov.co\/es\/wp-json\/wp\/v2\/categories?post=524526"},{"taxonomy":"post_tag","embeddable":true,"href":"https:\/\/www.medellin.gov.co\/es\/wp-json\/wp\/v2\/tags?post=524526"},{"taxonomy":"formato_nota","embeddable":true,"href":"https:\/\/www.medellin.gov.co\/es\/wp-json\/wp\/v2\/formato_nota?post=524526"},{"taxonomy":"programas_tax","embeddable":true,"href":"https:\/\/www.medellin.gov.co\/es\/wp-json\/wp\/v2\/programas_tax?post=524526"}],"curies":[{"name":"wp","href":"https:\/\/api.w.org\/{rel}","templated":true}]}}