{"id":524914,"date":"2026-04-30T16:45:45","date_gmt":"2026-04-30T21:45:45","guid":{"rendered":"https:\/\/www.medellin.gov.co\/es\/?p=524914"},"modified":"2026-04-30T16:45:45","modified_gmt":"2026-04-30T21:45:45","slug":"infraestructura-social-para-medellin-el-recreo-cultural-de-primavera-norte-supero-el-50-de-avance-de-obra","status":"publish","type":"post","link":"https:\/\/www.medellin.gov.co\/es\/sala-de-prensa\/noticias\/infraestructura-social-para-medellin-el-recreo-cultural-de-primavera-norte-supero-el-50-de-avance-de-obra\/","title":{"rendered":"Infraestructura social para Medell\u00edn: el Recreo Cultural de Primavera Norte super\u00f3 el 50 % de avance de obra"},"content":{"rendered":"<ul>\n<li>La inversi\u00f3n en este equipamiento es de m\u00e1s de $10.400 millones.<\/li>\n<li>Primavera Norte tambi\u00e9n incluir\u00e1 un jard\u00edn infantil Buen Comienzo, un edificio t\u00e9cnico y m\u00e1s de 70.000 nuevos metros cuadrados de espacio p\u00fablico.<\/li>\n<li>El Distrito proyecta la construcci\u00f3n de cinco Recreos Culturales, en este cuatrienio, en diferentes sitios de la ciudad.<\/li>\n<\/ul>\n<!--[if lt IE 9]><script>document.createElement('audio');<\/script><![endif]-->\n\t<div class=\"wp-playlist wp-audio-playlist wp-playlist-light\">\n\t\t\t<div class=\"wp-playlist-current-item\"><\/div>\n\t\t<audio controls=\"controls\" preload=\"none\" width=\"640\"\n\t\t\t><\/audio>\n\t<div class=\"wp-playlist-next\"><\/div>\n\t<div class=\"wp-playlist-prev\"><\/div>\n\t<noscript>\n\t<ol>\n\t\t<li><a href='https:\/\/www.medellin.gov.co\/es\/wp-content\/uploads\/2026\/04\/Declaraciones-del-gerente-de-la-EDU-Emiro-Valdes-Lopez-1.mp3'>Declaraciones del gerente de la EDU, Emiro Vald\u00e9s L\u00f3pez<\/a><\/li><li><a href='https:\/\/www.medellin.gov.co\/es\/wp-content\/uploads\/2026\/04\/Declaraciones-del-secretario-de-Cultura-Ciudadana-Santiago-Silva-Jaramillo-5.mp3'>Declaraciones del secretario de Cultura Ciudadana Santiago Silva Jaramillo<\/a><\/li>\t<\/ol>\n\t<\/noscript>\n\t<script type=\"application\/json\" class=\"wp-playlist-script\">{\"type\":\"audio\",\"tracklist\":true,\"tracknumbers\":true,\"images\":true,\"artists\":true,\"tracks\":[{\"src\":\"https:\\\/\\\/www.medellin.gov.co\\\/es\\\/wp-content\\\/uploads\\\/2026\\\/04\\\/Declaraciones-del-gerente-de-la-EDU-Emiro-Valdes-Lopez-1.mp3\",\"type\":\"audio\\\/mpeg\",\"title\":\"Declaraciones del gerente de la EDU, Emiro Vald\\u00e9s L\\u00f3pez\",\"caption\":\"\",\"description\":\"\\u00abDeclaraciones del gerente de la EDU, Emiro Vald\\u00e9s L\\u00f3pez\\u00bb. \",\"meta\":{\"genre\":\"Blues\",\"length_formatted\":\"1:22\"},\"image\":{\"src\":\"https:\\\/\\\/www.medellin.gov.co\\\/es\\\/wp-includes\\\/images\\\/media\\\/audio.png\",\"width\":48,\"height\":64},\"thumb\":{\"src\":\"https:\\\/\\\/www.medellin.gov.co\\\/es\\\/wp-includes\\\/images\\\/media\\\/audio.png\",\"width\":48,\"height\":64}},{\"src\":\"https:\\\/\\\/www.medellin.gov.co\\\/es\\\/wp-content\\\/uploads\\\/2026\\\/04\\\/Declaraciones-del-secretario-de-Cultura-Ciudadana-Santiago-Silva-Jaramillo-5.mp3\",\"type\":\"audio\\\/mpeg\",\"title\":\"Declaraciones del secretario de Cultura Ciudadana Santiago Silva Jaramillo\",\"caption\":\"\",\"description\":\"\\u00abDeclaraciones del secretario de Cultura Ciudadana Santiago Silva Jaramillo\\u00bb. \",\"meta\":{\"genre\":\"Blues\",\"length_formatted\":\"1:04\"},\"image\":{\"src\":\"https:\\\/\\\/www.medellin.gov.co\\\/es\\\/wp-includes\\\/images\\\/media\\\/audio.png\",\"width\":48,\"height\":64},\"thumb\":{\"src\":\"https:\\\/\\\/www.medellin.gov.co\\\/es\\\/wp-includes\\\/images\\\/media\\\/audio.png\",\"width\":48,\"height\":64}}]}<\/script>\n<\/div>\n\t\n<p>Como parte de las obras del megaproyecto Primavera Norte, que se construye en el norte de Medell\u00edn, el Recreo Cultural super\u00f3 el 50 % de avance en su construcci\u00f3n. El proyecto general, que actualmente se levanta en el costado oriental de la estaci\u00f3n Acevedo del metro, ya tiene un avance superior al 25 %, con una inversi\u00f3n total que supera los $216.000 millones.<\/p>\n<p>En esta nueva infraestructura ya se hicieron las bases y estructuras principales de los tres grandes m\u00f3dulos, as\u00ed como las losas de piso. Mientras que, de manera paralela, avanzan la instalaci\u00f3n del acueducto, el alcantarillado y la energ\u00eda el\u00e9ctrica, lo que permite pasar a las siguientes fases de la construcci\u00f3n.<\/p>\n<p><a href=\"https:\/\/www.medellin.gov.co\/es\/wp-content\/uploads\/2026\/04\/Imagen-panoramica-de-la-construccion-del-Recreo-Norte.jpg\" target=\"_blank\" rel=\"noopener\"><img loading=\"lazy\" class=\"alignnone wp-image-524930 size-full\" title=\"panor\u00e1mica de la construcci\u00f3n del Recreo Norte\" src=\"https:\/\/www.medellin.gov.co\/es\/wp-content\/uploads\/2026\/04\/Imagen-panoramica-de-la-construccion-del-Recreo-Norte.jpg\" alt=\"Imagen panor\u00e1mica de la construcci\u00f3n del Recreo Norte\" width=\"1280\" height=\"720\" srcset=\"https:\/\/www.medellin.gov.co\/es\/wp-content\/uploads\/2026\/04\/Imagen-panoramica-de-la-construccion-del-Recreo-Norte.jpg 1280w, https:\/\/www.medellin.gov.co\/es\/wp-content\/uploads\/2026\/04\/Imagen-panoramica-de-la-construccion-del-Recreo-Norte-300x169.jpg 300w, https:\/\/www.medellin.gov.co\/es\/wp-content\/uploads\/2026\/04\/Imagen-panoramica-de-la-construccion-del-Recreo-Norte-1024x576.jpg 1024w, https:\/\/www.medellin.gov.co\/es\/wp-content\/uploads\/2026\/04\/Imagen-panoramica-de-la-construccion-del-Recreo-Norte-150x84.jpg 150w, https:\/\/www.medellin.gov.co\/es\/wp-content\/uploads\/2026\/04\/Imagen-panoramica-de-la-construccion-del-Recreo-Norte-768x432.jpg 768w\" sizes=\"(max-width: 1280px) 100vw, 1280px\" \/><\/a><\/p>\n<p>\u201c<em>En Medell\u00edn estamos en obra de todo tipo, con inversiones transparentes, para mejorar la calidad de vida y el bienestar de nuestra gente. En total ser\u00e1n doce Recreos, siete deportivos y cinco culturales, en donde se integran distintos espacios para brindar la mejor oferta institucional<\/em>\u201d, destac\u00f3 el gerente de la EDU, Emiro Vald\u00e9s L\u00f3pez.<\/p>\n<p>El Recreo Cultural contar\u00e1 con un estudio de grabaci\u00f3n dotado para la producci\u00f3n audiovisual y la creaci\u00f3n de contenidos, convirti\u00e9ndose en una plataforma de impulso al talento local.<\/p>\n<p>Para la formaci\u00f3n art\u00edstica y t\u00e9cnica, el equipamiento dispondr\u00e1 de aulas m\u00e1ster y dos aulas taller, espacios dise\u00f1ados para el aprendizaje de diversas disciplinas y el desarrollo de habilidades creativas.<\/p>\n<p><a href=\"https:\/\/www.medellin.gov.co\/es\/wp-content\/uploads\/2026\/04\/Imagen-de-la-construccion-del-Recreo-Norte.jpg\" target=\"_blank\" rel=\"noopener\"><img loading=\"lazy\" class=\"alignnone wp-image-524941 size-full\" title=\"construcci\u00f3n del Recreo Norte\" src=\"https:\/\/www.medellin.gov.co\/es\/wp-content\/uploads\/2026\/04\/Imagen-de-la-construccion-del-Recreo-Norte.jpg\" alt=\"Imagen de la construcci\u00f3n del Recreo Norte\" width=\"1280\" height=\"720\" srcset=\"https:\/\/www.medellin.gov.co\/es\/wp-content\/uploads\/2026\/04\/Imagen-de-la-construccion-del-Recreo-Norte.jpg 1280w, https:\/\/www.medellin.gov.co\/es\/wp-content\/uploads\/2026\/04\/Imagen-de-la-construccion-del-Recreo-Norte-300x169.jpg 300w, https:\/\/www.medellin.gov.co\/es\/wp-content\/uploads\/2026\/04\/Imagen-de-la-construccion-del-Recreo-Norte-1024x576.jpg 1024w, https:\/\/www.medellin.gov.co\/es\/wp-content\/uploads\/2026\/04\/Imagen-de-la-construccion-del-Recreo-Norte-150x84.jpg 150w, https:\/\/www.medellin.gov.co\/es\/wp-content\/uploads\/2026\/04\/Imagen-de-la-construccion-del-Recreo-Norte-768x432.jpg 768w\" sizes=\"(max-width: 1280px) 100vw, 1280px\" \/><\/a><\/p>\n<p>La infraestructura incluir\u00e1 terrazas habitables, vestidores y oficinas administrativas, integradas al espacio p\u00fablico, garantizando condiciones \u00f3ptimas para los artistas, formadores y visitantes. Se prev\u00e9 que esta intervenci\u00f3n finalice en el cuarto trimestre de 2026.<\/p>\n<p>\u201c<em>Esta es una zona estrat\u00e9gica de enclave, entre las zonas nororiental y noroccidental. Muy pronto vamos a ver esta obra finalizada, potenciando a Medell\u00edn, que le apuesta a la cultura, al entretenimiento y a la m\u00fasica<\/em>\u201d, asegur\u00f3 el gerente de la <a href=\"https:\/\/www.edu.gov.co\/\" target=\"_blank\" rel=\"noopener\">EDU<\/a>.<\/p>\n<p>Primavera Norte contar\u00e1 tambi\u00e9n con m\u00e1s de 70.000 nuevos metros cuadrados de espacio p\u00fablico. Se espera que su construcci\u00f3n finalice en el primer semestre de 2027.<\/p>\n","protected":false},"excerpt":{"rendered":"<p>La inversi\u00f3n en este equipamiento es de m\u00e1s de $10.400 millones. Primavera Norte tambi\u00e9n incluir\u00e1 un jard\u00edn infantil Buen Comienzo, un edificio t\u00e9cnico y m\u00e1s de 70.000 nuevos metros cuadrados de espacio p\u00fablico. El Distrito &#8230;<\/p>\n","protected":false},"author":21,"featured_media":524933,"comment_status":"open","ping_status":"open","sticky":false,"template":"","format":"standard","meta":[],"categories":[747,31],"tags":[634,444,442],"formato_nota":[],"programas_tax":[],"acf":[],"_links":{"self":[{"href":"https:\/\/www.medellin.gov.co\/es\/wp-json\/wp\/v2\/posts\/524914"}],"collection":[{"href":"https:\/\/www.medellin.gov.co\/es\/wp-json\/wp\/v2\/posts"}],"about":[{"href":"https:\/\/www.medellin.gov.co\/es\/wp-json\/wp\/v2\/types\/post"}],"author":[{"embeddable":true,"href":"https:\/\/www.medellin.gov.co\/es\/wp-json\/wp\/v2\/users\/21"}],"replies":[{"embeddable":true,"href":"https:\/\/www.medellin.gov.co\/es\/wp-json\/wp\/v2\/comments?post=524914"}],"version-history":[{"count":2,"href":"https:\/\/www.medellin.gov.co\/es\/wp-json\/wp\/v2\/posts\/524914\/revisions"}],"predecessor-version":[{"id":525101,"href":"https:\/\/www.medellin.gov.co\/es\/wp-json\/wp\/v2\/posts\/524914\/revisions\/525101"}],"wp:featuredmedia":[{"embeddable":true,"href":"https:\/\/www.medellin.gov.co\/es\/wp-json\/wp\/v2\/media\/524933"}],"wp:attachment":[{"href":"https:\/\/www.medellin.gov.co\/es\/wp-json\/wp\/v2\/media?parent=524914"}],"wp:term":[{"taxonomy":"category","embeddable":true,"href":"https:\/\/www.medellin.gov.co\/es\/wp-json\/wp\/v2\/categories?post=524914"},{"taxonomy":"post_tag","embeddable":true,"href":"https:\/\/www.medellin.gov.co\/es\/wp-json\/wp\/v2\/tags?post=524914"},{"taxonomy":"formato_nota","embeddable":true,"href":"https:\/\/www.medellin.gov.co\/es\/wp-json\/wp\/v2\/formato_nota?post=524914"},{"taxonomy":"programas_tax","embeddable":true,"href":"https:\/\/www.medellin.gov.co\/es\/wp-json\/wp\/v2\/programas_tax?post=524914"}],"curies":[{"name":"wp","href":"https:\/\/api.w.org\/{rel}","templated":true}]}}