{"id":525103,"date":"2026-04-30T16:53:06","date_gmt":"2026-04-30T21:53:06","guid":{"rendered":"https:\/\/www.medellin.gov.co\/es\/?p=525103"},"modified":"2026-04-30T16:53:06","modified_gmt":"2026-04-30T21:53:06","slug":"1-679-personas-con-discapacidad-fortalecen-su-independencia-con-apoyo-de-la-alcaldia-de-medellin","status":"publish","type":"post","link":"https:\/\/www.medellin.gov.co\/es\/sala-de-prensa\/noticias\/1-679-personas-con-discapacidad-fortalecen-su-independencia-con-apoyo-de-la-alcaldia-de-medellin\/","title":{"rendered":"1.679 personas con discapacidad fortalecen su independencia con apoyo de la Alcald\u00eda de Medell\u00edn"},"content":{"rendered":"<ul>\n<li>El proyecto Vida Independiente se consolida en comunas y corregimientos con acciones para mejorar la autonom\u00eda y la participaci\u00f3n.<\/li>\n<li>Estrategias territoriales y acompa\u00f1amientos personalizados impulsan la toma de decisiones y la inclusi\u00f3n social.<\/li>\n<\/ul>\n<!--[if lt IE 9]><script>document.createElement('audio');<\/script><![endif]-->\n\t<div class=\"wp-playlist wp-audio-playlist wp-playlist-light\">\n\t\t\t<div class=\"wp-playlist-current-item\"><\/div>\n\t\t<audio controls=\"controls\" preload=\"none\" width=\"640\"\n\t\t\t><\/audio>\n\t<div class=\"wp-playlist-next\"><\/div>\n\t<div class=\"wp-playlist-prev\"><\/div>\n\t<noscript>\n\t<ol>\n\t\t<li><a href='https:\/\/www.medellin.gov.co\/es\/wp-content\/uploads\/2026\/04\/Declaraciones-de-la-secretaria-de-Inclusion-Social-y-Familia-Luz-Maria-Ramirez-4.mp3'>Declaraciones de la secretaria de Inclusi\u00f3n Social y Familia, Luz Mar\u00eda Ram\u00edrez<\/a><\/li><li><a href='https:\/\/www.medellin.gov.co\/es\/wp-content\/uploads\/2026\/04\/Declaraciones-del-beneficiario-de-la-estrategia-Fabian-Arbey-Parra-Montoya.mp3'>Declaraciones del beneficiario de la estrategia, Fabi\u00e1n Arbey Parra Montoya<\/a><\/li>\t<\/ol>\n\t<\/noscript>\n\t<script type=\"application\/json\" class=\"wp-playlist-script\">{\"type\":\"audio\",\"tracklist\":true,\"tracknumbers\":true,\"images\":true,\"artists\":true,\"tracks\":[{\"src\":\"https:\\\/\\\/www.medellin.gov.co\\\/es\\\/wp-content\\\/uploads\\\/2026\\\/04\\\/Declaraciones-de-la-secretaria-de-Inclusion-Social-y-Familia-Luz-Maria-Ramirez-4.mp3\",\"type\":\"audio\\\/mpeg\",\"title\":\"Declaraciones de la secretaria de Inclusi\\u00f3n Social y Familia, Luz Mar\\u00eda Ram\\u00edrez\",\"caption\":\"\",\"description\":\"\\u00abDeclaraciones de la secretaria de Inclusi\\u00f3n Social y Familia, Luz Mar\\u00eda Ram\\u00edrez\\u00bb. \",\"meta\":{\"genre\":\"Blues\",\"length_formatted\":\"0:41\"},\"image\":{\"src\":\"https:\\\/\\\/www.medellin.gov.co\\\/es\\\/wp-includes\\\/images\\\/media\\\/audio.png\",\"width\":48,\"height\":64},\"thumb\":{\"src\":\"https:\\\/\\\/www.medellin.gov.co\\\/es\\\/wp-includes\\\/images\\\/media\\\/audio.png\",\"width\":48,\"height\":64}},{\"src\":\"https:\\\/\\\/www.medellin.gov.co\\\/es\\\/wp-content\\\/uploads\\\/2026\\\/04\\\/Declaraciones-del-beneficiario-de-la-estrategia-Fabian-Arbey-Parra-Montoya.mp3\",\"type\":\"audio\\\/mpeg\",\"title\":\"Declaraciones del beneficiario de la estrategia, Fabi\\u00e1n Arbey Parra Montoya\",\"caption\":\"\",\"description\":\"\\u00abDeclaraciones del beneficiario de la estrategia, Fabi\\u00e1n Arbey Parra Montoya\\u00bb. \",\"meta\":{\"genre\":\"Blues\",\"length_formatted\":\"1:06\"},\"image\":{\"src\":\"https:\\\/\\\/www.medellin.gov.co\\\/es\\\/wp-includes\\\/images\\\/media\\\/audio.png\",\"width\":48,\"height\":64},\"thumb\":{\"src\":\"https:\\\/\\\/www.medellin.gov.co\\\/es\\\/wp-includes\\\/images\\\/media\\\/audio.png\",\"width\":48,\"height\":64}}]}<\/script>\n<\/div>\n\t\n<p>Un total de 1.679 personas con discapacidad en <a href=\"https:\/\/www.instagram.com\/alcaldiademed\/?hl=es-la\" target=\"_blank\" rel=\"noopener\">Medell\u00edn<\/a> han fortalecido su autonom\u00eda y su capacidad para tomar decisiones, gracias al proyecto Vida Independiente, una apuesta distrital que consolida un modelo centrado en el reconocimiento de derechos y la participaci\u00f3n en la sociedad.<\/p>\n<p>Desde 2024, esta iniciativa ha ampliado su alcance a todas las comunas y corregimientos, con adaptaci\u00f3n a las necesidades de cada persona y de su entorno. Este despliegue territorial ha permitido que m\u00e1s ciudadanos accedan a procesos que refuerzan su independencia en la cotidianidad.<\/p>\n<p><a href=\"https:\/\/www.medellin.gov.co\/es\/wp-content\/uploads\/2026\/04\/Imagen-de-grupo-de-menores-sonrientes.jpg\" target=\"_blank\" rel=\"noopener\"><img loading=\"lazy\" class=\"alignnone wp-image-524946 size-full\" title=\"grupo de menores sonrientes\" src=\"https:\/\/www.medellin.gov.co\/es\/wp-content\/uploads\/2026\/04\/Imagen-de-grupo-de-menores-sonrientes.jpg\" alt=\"Imagen de grupo de menores sonrientes\" width=\"1141\" height=\"760\" srcset=\"https:\/\/www.medellin.gov.co\/es\/wp-content\/uploads\/2026\/04\/Imagen-de-grupo-de-menores-sonrientes.jpg 1141w, https:\/\/www.medellin.gov.co\/es\/wp-content\/uploads\/2026\/04\/Imagen-de-grupo-de-menores-sonrientes-300x200.jpg 300w, https:\/\/www.medellin.gov.co\/es\/wp-content\/uploads\/2026\/04\/Imagen-de-grupo-de-menores-sonrientes-1024x682.jpg 1024w, https:\/\/www.medellin.gov.co\/es\/wp-content\/uploads\/2026\/04\/Imagen-de-grupo-de-menores-sonrientes-150x100.jpg 150w, https:\/\/www.medellin.gov.co\/es\/wp-content\/uploads\/2026\/04\/Imagen-de-grupo-de-menores-sonrientes-768x512.jpg 768w\" sizes=\"(max-width: 1141px) 100vw, 1141px\" \/><\/a><\/p>\n<p>\u201c<em>Continuamos trabajando por las personas con discapacidad. Buscamos favorecer su autonom\u00eda e independencia. Por eso a partir de recursos ordinarios y de Presupuesto Participativo, desarrollamos procesos de vida independiente, fortaleciendo la participaci\u00f3n de las personas con discapacidad, que desarrollen actividades, con disminuci\u00f3n de barreras y mejores condiciones para esta poblaci\u00f3n<\/em>\u201d, explic\u00f3 la secretaria de Inclusi\u00f3n Social y Familia, Luz Mar\u00eda Ram\u00edrez.<\/p>\n<p>Como parte de estas acciones, 417 personas han recibido sillas de ruedas, luego de un proceso de valoraci\u00f3n que permite identificar sus condiciones y garantizar que este apoyo contribuya a su movilidad. Adem\u00e1s, se realiza un seguimiento para verificar su uso y pertinencia en la vida diaria.<\/p>\n<p>El proyecto ha impactado a 455 personas a trav\u00e9s de campamentos de inmersi\u00f3n, espacios pr\u00e1cticos en los que los participantes fortalecen habilidades para la vida diaria, la convivencia y el desempe\u00f1o en distintos entornos. Estas experiencias, guiadas tambi\u00e9n por personas con discapacidad, promueven el aprendizaje desde la pr\u00e1ctica y el reconocimiento de sus capacidades.<\/p>\n<p><a href=\"https:\/\/www.medellin.gov.co\/es\/wp-content\/uploads\/2026\/04\/Imagen-de-persona-con-discpaqcidad-visual-con-funcionario-en-el-metro.jpg\" target=\"_blank\" rel=\"noopener\"><img loading=\"lazy\" class=\"alignnone wp-image-524939 size-full\" title=\"Persona con discapacidad visual con funcionario en el metro\" src=\"https:\/\/www.medellin.gov.co\/es\/wp-content\/uploads\/2026\/04\/Imagen-de-persona-con-discpaqcidad-visual-con-funcionario-en-el-metro.jpg\" alt=\"Imagen de persona con discapacidad visual con funcionario en el metro\" width=\"1072\" height=\"760\" srcset=\"https:\/\/www.medellin.gov.co\/es\/wp-content\/uploads\/2026\/04\/Imagen-de-persona-con-discpaqcidad-visual-con-funcionario-en-el-metro.jpg 1072w, https:\/\/www.medellin.gov.co\/es\/wp-content\/uploads\/2026\/04\/Imagen-de-persona-con-discpaqcidad-visual-con-funcionario-en-el-metro-300x213.jpg 300w, https:\/\/www.medellin.gov.co\/es\/wp-content\/uploads\/2026\/04\/Imagen-de-persona-con-discpaqcidad-visual-con-funcionario-en-el-metro-1024x726.jpg 1024w, https:\/\/www.medellin.gov.co\/es\/wp-content\/uploads\/2026\/04\/Imagen-de-persona-con-discpaqcidad-visual-con-funcionario-en-el-metro-150x106.jpg 150w, https:\/\/www.medellin.gov.co\/es\/wp-content\/uploads\/2026\/04\/Imagen-de-persona-con-discpaqcidad-visual-con-funcionario-en-el-metro-768x544.jpg 768w\" sizes=\"(max-width: 1072px) 100vw, 1072px\" \/><\/a><\/p>\n<p>\u201c<em>Tengo una condici\u00f3n de discapacidad m\u00faltiple, psicosocial, problemas visuales y otros diagn\u00f3sticos. Agradezco al proyecto de Vida Independiente porque me han acompa\u00f1ado desde lo jur\u00eddico, con las citas m\u00e9dicas, tambi\u00e9n con la cuesti\u00f3n de vivienda, con el transporte; a veces se me dificulta porque yo vivo solo y no tengo apoyo<\/em>\u201d, dijo Fabi\u00e1n Arbey Parra Montoya, beneficiario.<\/p>\n<p>Adem\u00e1s, se realizan recorridos en diferentes puntos, que permiten a los participantes reconocer sus territorios y adquirir herramientas para movilizarse con mayor seguridad y autonom\u00eda, fortaleciendo su relaci\u00f3n con el entorno y su participaci\u00f3n en comunidad.<\/p>\n<p>A esto se suman los Apoyos de Vida Independiente, que comprende acompa\u00f1amiento asistencial en actividades cotidianas como estudiar, trabajar o acudir a espacios sociales, con herramientas que potencian la autonom\u00eda sin sustituir la capacidad de decisi\u00f3n.<\/p>\n<p>De esta manera, Medell\u00edn avanza hacia una transformaci\u00f3n para que las personas con discapacidad dejen de ser vistas desde el asistencialismo y sean reconocidas como ciudadanos con derechos, capaces de definir su proyecto de vida y aportar a la construcci\u00f3n de una ciudad m\u00e1s incluyente.<\/p>\n","protected":false},"excerpt":{"rendered":"<p>El proyecto Vida Independiente se consolida en comunas y corregimientos con acciones para mejorar la autonom\u00eda y la participaci\u00f3n. Estrategias territoriales y acompa\u00f1amientos personalizados impulsan la toma de decisiones y la inclusi\u00f3n social. Un total &#8230;<\/p>\n","protected":false},"author":21,"featured_media":524944,"comment_status":"open","ping_status":"open","sticky":false,"template":"","format":"standard","meta":[],"categories":[706],"tags":[451,455],"formato_nota":[],"programas_tax":[],"acf":[],"_links":{"self":[{"href":"https:\/\/www.medellin.gov.co\/es\/wp-json\/wp\/v2\/posts\/525103"}],"collection":[{"href":"https:\/\/www.medellin.gov.co\/es\/wp-json\/wp\/v2\/posts"}],"about":[{"href":"https:\/\/www.medellin.gov.co\/es\/wp-json\/wp\/v2\/types\/post"}],"author":[{"embeddable":true,"href":"https:\/\/www.medellin.gov.co\/es\/wp-json\/wp\/v2\/users\/21"}],"replies":[{"embeddable":true,"href":"https:\/\/www.medellin.gov.co\/es\/wp-json\/wp\/v2\/comments?post=525103"}],"version-history":[{"count":1,"href":"https:\/\/www.medellin.gov.co\/es\/wp-json\/wp\/v2\/posts\/525103\/revisions"}],"predecessor-version":[{"id":525105,"href":"https:\/\/www.medellin.gov.co\/es\/wp-json\/wp\/v2\/posts\/525103\/revisions\/525105"}],"wp:featuredmedia":[{"embeddable":true,"href":"https:\/\/www.medellin.gov.co\/es\/wp-json\/wp\/v2\/media\/524944"}],"wp:attachment":[{"href":"https:\/\/www.medellin.gov.co\/es\/wp-json\/wp\/v2\/media?parent=525103"}],"wp:term":[{"taxonomy":"category","embeddable":true,"href":"https:\/\/www.medellin.gov.co\/es\/wp-json\/wp\/v2\/categories?post=525103"},{"taxonomy":"post_tag","embeddable":true,"href":"https:\/\/www.medellin.gov.co\/es\/wp-json\/wp\/v2\/tags?post=525103"},{"taxonomy":"formato_nota","embeddable":true,"href":"https:\/\/www.medellin.gov.co\/es\/wp-json\/wp\/v2\/formato_nota?post=525103"},{"taxonomy":"programas_tax","embeddable":true,"href":"https:\/\/www.medellin.gov.co\/es\/wp-json\/wp\/v2\/programas_tax?post=525103"}],"curies":[{"name":"wp","href":"https:\/\/api.w.org\/{rel}","templated":true}]}}