{"id":525106,"date":"2026-04-30T17:00:36","date_gmt":"2026-04-30T22:00:36","guid":{"rendered":"https:\/\/www.medellin.gov.co\/es\/?p=525106"},"modified":"2026-04-30T17:00:36","modified_gmt":"2026-04-30T22:00:36","slug":"51-transformadores-de-alimentos-de-san-sebastian-de-palmitas-fortalecieron-sus-proyectos-con-recursos-de-presupuesto-participativo","status":"publish","type":"post","link":"https:\/\/www.medellin.gov.co\/es\/sala-de-prensa\/noticias\/51-transformadores-de-alimentos-de-san-sebastian-de-palmitas-fortalecieron-sus-proyectos-con-recursos-de-presupuesto-participativo\/","title":{"rendered":"51 transformadores de alimentos de San Sebasti\u00e1n de Palmitas fortalecieron sus proyectos con recursos de Presupuesto Participativo"},"content":{"rendered":"<ul>\n<li>Adem\u00e1s de la asesor\u00eda t\u00e9cnica, los beneficiados recibieron diversos equipos para mejorar los procesos seg\u00fan sus necesidades productivas.<\/li>\n<\/ul>\n<!--[if lt IE 9]><script>document.createElement('audio');<\/script><![endif]-->\n\t<div class=\"wp-playlist wp-audio-playlist wp-playlist-light\">\n\t\t\t<div class=\"wp-playlist-current-item\"><\/div>\n\t\t<audio controls=\"controls\" preload=\"none\" width=\"640\"\n\t\t\t><\/audio>\n\t<div class=\"wp-playlist-next\"><\/div>\n\t<div class=\"wp-playlist-prev\"><\/div>\n\t<noscript>\n\t<ol>\n\t\t<li><a href='https:\/\/www.medellin.gov.co\/es\/wp-content\/uploads\/2026\/04\/Declaraciones-de-la-secretaria-de-Desarrollo-Economico-Maria-Fernanda-Galeano-Rojo-2.mp3'>Declaraciones de la secretaria de Desarrollo Econ\u00f3mico, Mar\u00eda Fernanda Galeano Rojo<\/a><\/li><li><a href='https:\/\/www.medellin.gov.co\/es\/wp-content\/uploads\/2026\/04\/Declaraciones-de-la-productora-y-beneficiaria-Shirley-Estella-Martinez-Molina.mp3'>Declaraciones de la productora y beneficiaria, Shirley Estella Mart\u00ednez Molina<\/a><\/li>\t<\/ol>\n\t<\/noscript>\n\t<script type=\"application\/json\" class=\"wp-playlist-script\">{\"type\":\"audio\",\"tracklist\":true,\"tracknumbers\":true,\"images\":true,\"artists\":true,\"tracks\":[{\"src\":\"https:\\\/\\\/www.medellin.gov.co\\\/es\\\/wp-content\\\/uploads\\\/2026\\\/04\\\/Declaraciones-de-la-secretaria-de-Desarrollo-Economico-Maria-Fernanda-Galeano-Rojo-2.mp3\",\"type\":\"audio\\\/mpeg\",\"title\":\"Declaraciones de la secretaria de Desarrollo Econ\\u00f3mico, Mar\\u00eda Fernanda Galeano Rojo\",\"caption\":\"\",\"description\":\"\\u00abDeclaraciones de la secretaria de Desarrollo Econ\\u00f3mico, Mar\\u00eda Fernanda Galeano Rojo\\u00bb. \",\"meta\":{\"genre\":\"Blues\",\"length_formatted\":\"0:41\"},\"image\":{\"src\":\"https:\\\/\\\/www.medellin.gov.co\\\/es\\\/wp-includes\\\/images\\\/media\\\/audio.png\",\"width\":48,\"height\":64},\"thumb\":{\"src\":\"https:\\\/\\\/www.medellin.gov.co\\\/es\\\/wp-includes\\\/images\\\/media\\\/audio.png\",\"width\":48,\"height\":64}},{\"src\":\"https:\\\/\\\/www.medellin.gov.co\\\/es\\\/wp-content\\\/uploads\\\/2026\\\/04\\\/Declaraciones-de-la-productora-y-beneficiaria-Shirley-Estella-Martinez-Molina.mp3\",\"type\":\"audio\\\/mpeg\",\"title\":\"Declaraciones de la productora y beneficiaria, Shirley Estella Mart\\u00ednez Molina\",\"caption\":\"\",\"description\":\"\\u00abDeclaraciones de la productora y beneficiaria, Shirley Estella Mart\\u00ednez Molina\\u00bb. G\\u00e9nero: Blues.\",\"meta\":{\"genre\":\"Blues\",\"length_formatted\":\"0:26\"},\"image\":{\"src\":\"https:\\\/\\\/www.medellin.gov.co\\\/es\\\/wp-includes\\\/images\\\/media\\\/audio.png\",\"width\":48,\"height\":64},\"thumb\":{\"src\":\"https:\\\/\\\/www.medellin.gov.co\\\/es\\\/wp-includes\\\/images\\\/media\\\/audio.png\",\"width\":48,\"height\":64}}]}<\/script>\n<\/div>\n\t\n<p>Gracias a los recursos de Presupuesto Participativo que ascienden a $960 millones, 51 transformadores de alimentos, 40 mujeres y 11 hombres, del corregimiento de San Sebasti\u00e1n de Palmitas, fortalecieron sus proyectos productivos, aumentando y tecnificando la producci\u00f3n de alimentos, generando valor agregado y mejores ingresos para sus familias.<\/p>\n<p>Los participantes recibieron formaci\u00f3n en Buenas Pr\u00e1cticas de Manufactura (BPM), gesti\u00f3n integral de costos, planeaci\u00f3n de procesos productivos, y etiquetado y rotulado nutricional, adem\u00e1s de acompa\u00f1amiento t\u00e9cnico especializado, enfocado en la mejora de procesos, la diferenciaci\u00f3n de productos y el cumplimiento de est\u00e1ndares de calidad.<\/p>\n<p>\u201c<em>No solo entregamos maquinaria de punta, como equipos de refrigeraci\u00f3n y potabilizaci\u00f3n, sino que brindamos conocimiento t\u00e9cnico para que nuestros productores pasar\u00e1n de lo artesanal a lo empresarial. Desde el Distrito de <a href=\"https:\/\/www.instagram.com\/alcaldiademed\/?hl=es-la\" target=\"_blank\" rel=\"noopener\">Medell\u00edn<\/a> trabajamos para mejorar las capacidades productivas y comerciales en nuestra ruralidad, aportando a la sostenibilidad de las econom\u00edas rurales y al mejoramiento de los ingresos de las familias campesinas<\/em>\u201d, indic\u00f3 la secretaria de Desarrollo Econ\u00f3mico, Mar\u00eda Fernanda Galeano Rojo.<\/p>\n<p><a href=\"https:\/\/www.medellin.gov.co\/es\/wp-content\/uploads\/2026\/04\/Imagen-de-emprendedora-recibiendo-una-licuadora.jpg\" target=\"_blank\" rel=\"noopener\"><img loading=\"lazy\" class=\"alignnone wp-image-524953 size-full\" title=\"Emprendedora recibiendo una licuadora\" src=\"https:\/\/www.medellin.gov.co\/es\/wp-content\/uploads\/2026\/04\/Imagen-de-emprendedora-recibiendo-una-licuadora.jpg\" alt=\"Imagen de emprendedora recibiendo una licuadora\" width=\"1013\" height=\"760\" srcset=\"https:\/\/www.medellin.gov.co\/es\/wp-content\/uploads\/2026\/04\/Imagen-de-emprendedora-recibiendo-una-licuadora.jpg 1013w, https:\/\/www.medellin.gov.co\/es\/wp-content\/uploads\/2026\/04\/Imagen-de-emprendedora-recibiendo-una-licuadora-300x225.jpg 300w, https:\/\/www.medellin.gov.co\/es\/wp-content\/uploads\/2026\/04\/Imagen-de-emprendedora-recibiendo-una-licuadora-150x113.jpg 150w, https:\/\/www.medellin.gov.co\/es\/wp-content\/uploads\/2026\/04\/Imagen-de-emprendedora-recibiendo-una-licuadora-768x576.jpg 768w\" sizes=\"(max-width: 1013px) 100vw, 1013px\" \/><\/a><\/p>\n<p>Como parte del fortalecimiento, se entregaron equipos para sus unidades productivas, de acuerdo con las necesidades t\u00e9cnicas espec\u00edficas previamente identificadas, entre ellos: equipos de potabilizaci\u00f3n de agua, equipos de refrigeraci\u00f3n y congelaci\u00f3n, molienda, tratamiento t\u00e9rmico, manufactura, empaque y etiquetado.<\/p>\n<p>Los beneficiarios hacen parte de diversos nodos productivos, como frutas, verduras y hortalizas (conservas, encurtidos y deshidratados), caf\u00e9, derivados c\u00e1rnicos y l\u00e1cteos, arepas y panificados, miel y sus derivados, l\u00ednea amarilla (envueltos), as\u00ed como productos medicinales o alternativos, lo que permite diversificar la oferta de alimentos transformados del territorio.<\/p>\n<p>\u201c<em>Estoy feliz. Soy una las 51 personas beneficiadas con los recursos de Presupuestos Participativo. Culminamos el proceso de recibir los insumos, de la capacitaci\u00f3n de temas de costos, buenas pr\u00e1cticas, de etiquetas y toda la asesor\u00eda para hoy tener la empresa al aire y al servicio de todos<\/em>\u201d, expres\u00f3 la productora, Shirley Estella Mart\u00ednez Molina.<\/p>\n<p><a href=\"https:\/\/www.medellin.gov.co\/es\/wp-content\/uploads\/2026\/04\/Imagen-de-emprendedores.jpg\" target=\"_blank\" rel=\"noopener\"><img loading=\"lazy\" class=\"alignnone wp-image-524949 size-full\" title=\"Pareja de emprendedores\" src=\"https:\/\/www.medellin.gov.co\/es\/wp-content\/uploads\/2026\/04\/Imagen-de-emprendedores.jpg\" alt=\"Imagen de emprendedores\" width=\"1013\" height=\"760\" srcset=\"https:\/\/www.medellin.gov.co\/es\/wp-content\/uploads\/2026\/04\/Imagen-de-emprendedores.jpg 1013w, https:\/\/www.medellin.gov.co\/es\/wp-content\/uploads\/2026\/04\/Imagen-de-emprendedores-300x225.jpg 300w, https:\/\/www.medellin.gov.co\/es\/wp-content\/uploads\/2026\/04\/Imagen-de-emprendedores-150x113.jpg 150w, https:\/\/www.medellin.gov.co\/es\/wp-content\/uploads\/2026\/04\/Imagen-de-emprendedores-768x576.jpg 768w\" sizes=\"(max-width: 1013px) 100vw, 1013px\" \/><\/a><\/p>\n<p>Esta diversidad se articula con el programa de Mercados Campesinos, facilitando que estos productos lleguen a escenarios de comercializaci\u00f3n en la ciudad, donde los transformadores fortalecen la venta directa y el contacto con el consumidor final.<\/p>\n<p>De igual forma, quienes cumplan con los requisitos establecidos podr\u00e1n acceder a los beneficios del Programa Agropecuario Distrital 2024\u20132027, dando continuidad a sus procesos productivos y comerciales.<\/p>\n","protected":false},"excerpt":{"rendered":"<p>Adem\u00e1s de la asesor\u00eda t\u00e9cnica, los beneficiados recibieron diversos equipos para mejorar los procesos seg\u00fan sus necesidades productivas. Gracias a los recursos de Presupuesto Participativo que ascienden a $960 millones, 51 transformadores de alimentos, 40 &#8230;<\/p>\n","protected":false},"author":21,"featured_media":524951,"comment_status":"open","ping_status":"open","sticky":false,"template":"","format":"standard","meta":[],"categories":[24,3],"tags":[451,691,455],"formato_nota":[],"programas_tax":[],"acf":[],"_links":{"self":[{"href":"https:\/\/www.medellin.gov.co\/es\/wp-json\/wp\/v2\/posts\/525106"}],"collection":[{"href":"https:\/\/www.medellin.gov.co\/es\/wp-json\/wp\/v2\/posts"}],"about":[{"href":"https:\/\/www.medellin.gov.co\/es\/wp-json\/wp\/v2\/types\/post"}],"author":[{"embeddable":true,"href":"https:\/\/www.medellin.gov.co\/es\/wp-json\/wp\/v2\/users\/21"}],"replies":[{"embeddable":true,"href":"https:\/\/www.medellin.gov.co\/es\/wp-json\/wp\/v2\/comments?post=525106"}],"version-history":[{"count":1,"href":"https:\/\/www.medellin.gov.co\/es\/wp-json\/wp\/v2\/posts\/525106\/revisions"}],"predecessor-version":[{"id":525109,"href":"https:\/\/www.medellin.gov.co\/es\/wp-json\/wp\/v2\/posts\/525106\/revisions\/525109"}],"wp:featuredmedia":[{"embeddable":true,"href":"https:\/\/www.medellin.gov.co\/es\/wp-json\/wp\/v2\/media\/524951"}],"wp:attachment":[{"href":"https:\/\/www.medellin.gov.co\/es\/wp-json\/wp\/v2\/media?parent=525106"}],"wp:term":[{"taxonomy":"category","embeddable":true,"href":"https:\/\/www.medellin.gov.co\/es\/wp-json\/wp\/v2\/categories?post=525106"},{"taxonomy":"post_tag","embeddable":true,"href":"https:\/\/www.medellin.gov.co\/es\/wp-json\/wp\/v2\/tags?post=525106"},{"taxonomy":"formato_nota","embeddable":true,"href":"https:\/\/www.medellin.gov.co\/es\/wp-json\/wp\/v2\/formato_nota?post=525106"},{"taxonomy":"programas_tax","embeddable":true,"href":"https:\/\/www.medellin.gov.co\/es\/wp-json\/wp\/v2\/programas_tax?post=525106"}],"curies":[{"name":"wp","href":"https:\/\/api.w.org\/{rel}","templated":true}]}}