{"id":525113,"date":"2026-04-30T17:12:34","date_gmt":"2026-04-30T22:12:34","guid":{"rendered":"https:\/\/www.medellin.gov.co\/es\/?p=525113"},"modified":"2026-04-30T17:24:00","modified_gmt":"2026-04-30T22:24:00","slug":"los-suenos-de-un-arquitecto-que-estan-transformando-a-medellin","status":"publish","type":"post","link":"https:\/\/www.medellin.gov.co\/es\/sala-de-prensa\/noticias\/los-suenos-de-un-arquitecto-que-estan-transformando-a-medellin\/","title":{"rendered":"Los sue\u00f1os de un arquitecto que est\u00e1n transformando a Medell\u00edn"},"content":{"rendered":"<p>Alejandro Restrepo Montoya, arquitecto con reconocimiento internacional, patentes de innovaci\u00f3n y experiencia en varios pa\u00edses, hoy lidera la transformaci\u00f3n urbana de la ciudad con grandes proyectos, como el Gran Parque <a href=\"https:\/\/www.instagram.com\/alcaldiademed\/\" target=\"_blank\" rel=\"noopener\">Medell\u00edn<\/a>, los Recreos y Corredores Azules.<\/p>\n\n\t\t<style type=\"text\/css\">\n\t\t\t#gallery-1 {\n\t\t\t\tmargin: auto;\n\t\t\t}\n\t\t\t#gallery-1 .gallery-item {\n\t\t\t\tfloat: left;\n\t\t\t\tmargin-top: 10px;\n\t\t\t\ttext-align: center;\n\t\t\t\twidth: 50%;\n\t\t\t}\n\t\t\t#gallery-1 img {\n\t\t\t\tborder: 2px solid #cfcfcf;\n\t\t\t}\n\t\t\t#gallery-1 .gallery-caption {\n\t\t\t\tmargin-left: 0;\n\t\t\t}\n\t\t\t\/* see gallery_shortcode() in wp-includes\/media.php *\/\n\t\t<\/style>\n\t\t<div id='gallery-1' class='gallery galleryid-525113 gallery-columns-2 gallery-size-large'><dl class='gallery-item'>\n\t\t\t<dt class='gallery-icon landscape'>\n\t\t\t\t<a href='https:\/\/www.medellin.gov.co\/es\/sala-de-prensa\/noticias\/los-suenos-de-un-arquitecto-que-estan-transformando-a-medellin\/alejandro-restrepo-montoya-2\/'><img width=\"1024\" height=\"768\" src=\"https:\/\/www.medellin.gov.co\/es\/wp-content\/uploads\/2026\/04\/Alejandro-Restrepo-Montoya-2-1024x768.jpg\" class=\"attachment-large size-large\" alt=\"Alejandro Restrepo Montoya\" loading=\"lazy\" aria-describedby=\"gallery-1-525117\" srcset=\"https:\/\/www.medellin.gov.co\/es\/wp-content\/uploads\/2026\/04\/Alejandro-Restrepo-Montoya-2-1024x768.jpg 1024w, https:\/\/www.medellin.gov.co\/es\/wp-content\/uploads\/2026\/04\/Alejandro-Restrepo-Montoya-2-300x225.jpg 300w, https:\/\/www.medellin.gov.co\/es\/wp-content\/uploads\/2026\/04\/Alejandro-Restrepo-Montoya-2-150x113.jpg 150w, https:\/\/www.medellin.gov.co\/es\/wp-content\/uploads\/2026\/04\/Alejandro-Restrepo-Montoya-2-768x576.jpg 768w, https:\/\/www.medellin.gov.co\/es\/wp-content\/uploads\/2026\/04\/Alejandro-Restrepo-Montoya-2.jpg 1133w\" sizes=\"(max-width: 1024px) 100vw, 1024px\" \/><\/a>\n\t\t\t<\/dt>\n\t\t\t\t<dd class='wp-caption-text gallery-caption' id='gallery-1-525117'>\n\t\t\t\tAlejandro Restrepo Montoya\n\t\t\t\t<\/dd><\/dl><dl class='gallery-item'>\n\t\t\t<dt class='gallery-icon landscape'>\n\t\t\t\t<a href='https:\/\/www.medellin.gov.co\/es\/sala-de-prensa\/noticias\/los-suenos-de-un-arquitecto-que-estan-transformando-a-medellin\/alejandro-restrepo-montoya-1\/'><img width=\"1024\" height=\"768\" src=\"https:\/\/www.medellin.gov.co\/es\/wp-content\/uploads\/2026\/04\/Alejandro-Restrepo-Montoya-1-1024x768.jpg\" class=\"attachment-large size-large\" alt=\"Alejandro Restrepo Montoya\" loading=\"lazy\" aria-describedby=\"gallery-1-525120\" srcset=\"https:\/\/www.medellin.gov.co\/es\/wp-content\/uploads\/2026\/04\/Alejandro-Restrepo-Montoya-1-1024x768.jpg 1024w, https:\/\/www.medellin.gov.co\/es\/wp-content\/uploads\/2026\/04\/Alejandro-Restrepo-Montoya-1-300x225.jpg 300w, https:\/\/www.medellin.gov.co\/es\/wp-content\/uploads\/2026\/04\/Alejandro-Restrepo-Montoya-1-150x113.jpg 150w, https:\/\/www.medellin.gov.co\/es\/wp-content\/uploads\/2026\/04\/Alejandro-Restrepo-Montoya-1-768x576.jpg 768w, https:\/\/www.medellin.gov.co\/es\/wp-content\/uploads\/2026\/04\/Alejandro-Restrepo-Montoya-1.jpg 1133w\" sizes=\"(max-width: 1024px) 100vw, 1024px\" \/><\/a>\n\t\t\t<\/dt>\n\t\t\t\t<dd class='wp-caption-text gallery-caption' id='gallery-1-525120'>\n\t\t\t\tAlejandro Restrepo Montoya\n\t\t\t\t<\/dd><\/dl><br style=\"clear: both\" \/>\n\t\t<\/div>\n\n<p>En este cap\u00edtulo del <a href=\"https:\/\/www.youtube.com\/watch?v=yDwOSRm1Tzo&amp;list=PLJV6GIPhUy6JSr2_USQ18_ao7OzwDQEEz&amp;index=1\" target=\"_blank\" rel=\"noopener\">p\u00f3dcast Medell\u00edn Te Cuenta<\/a> conocer\u00e1s la historia del director de Arquitectura y Urbanismo del Distrito, quien desde ni\u00f1o so\u00f1\u00f3 con transformar a Medell\u00edn y hoy, con obras, ha logrado impactar la calidad de vida de los ciudadanos.<\/p>\n<p><div class=\"iframe-container\"><iframe title=\"YouTube video player\" src=\"https:\/\/www.youtube.com\/embed\/yDwOSRm1Tzo?si=ck75OGdYfxxP1rSD\" width=\"100%\" height=\"400\" frameborder=\"0\" allowfullscreen=\"allowfullscreen\"><span data-mce-type=\"bookmark\" style=\"display: inline-block; width: 0px; overflow: hidden; line-height: 0;\" class=\"mce_SELRES_start\">\ufeff<\/span><\/iframe><\/div><\/p>\n","protected":false},"excerpt":{"rendered":"<p>Alejandro Restrepo Montoya, arquitecto con reconocimiento internacional, patentes de innovaci\u00f3n y experiencia en varios pa\u00edses, hoy lidera la transformaci\u00f3n urbana de la ciudad con grandes proyectos, como el Gran Parque Medell\u00edn, los Recreos y Corredores &#8230;<\/p>\n","protected":false},"author":17,"featured_media":525139,"comment_status":"open","ping_status":"open","sticky":false,"template":"","format":"standard","meta":[],"categories":[531,1],"tags":[431],"formato_nota":[],"programas_tax":[],"acf":[],"_links":{"self":[{"href":"https:\/\/www.medellin.gov.co\/es\/wp-json\/wp\/v2\/posts\/525113"}],"collection":[{"href":"https:\/\/www.medellin.gov.co\/es\/wp-json\/wp\/v2\/posts"}],"about":[{"href":"https:\/\/www.medellin.gov.co\/es\/wp-json\/wp\/v2\/types\/post"}],"author":[{"embeddable":true,"href":"https:\/\/www.medellin.gov.co\/es\/wp-json\/wp\/v2\/users\/17"}],"replies":[{"embeddable":true,"href":"https:\/\/www.medellin.gov.co\/es\/wp-json\/wp\/v2\/comments?post=525113"}],"version-history":[{"count":2,"href":"https:\/\/www.medellin.gov.co\/es\/wp-json\/wp\/v2\/posts\/525113\/revisions"}],"predecessor-version":[{"id":525142,"href":"https:\/\/www.medellin.gov.co\/es\/wp-json\/wp\/v2\/posts\/525113\/revisions\/525142"}],"wp:featuredmedia":[{"embeddable":true,"href":"https:\/\/www.medellin.gov.co\/es\/wp-json\/wp\/v2\/media\/525139"}],"wp:attachment":[{"href":"https:\/\/www.medellin.gov.co\/es\/wp-json\/wp\/v2\/media?parent=525113"}],"wp:term":[{"taxonomy":"category","embeddable":true,"href":"https:\/\/www.medellin.gov.co\/es\/wp-json\/wp\/v2\/categories?post=525113"},{"taxonomy":"post_tag","embeddable":true,"href":"https:\/\/www.medellin.gov.co\/es\/wp-json\/wp\/v2\/tags?post=525113"},{"taxonomy":"formato_nota","embeddable":true,"href":"https:\/\/www.medellin.gov.co\/es\/wp-json\/wp\/v2\/formato_nota?post=525113"},{"taxonomy":"programas_tax","embeddable":true,"href":"https:\/\/www.medellin.gov.co\/es\/wp-json\/wp\/v2\/programas_tax?post=525113"}],"curies":[{"name":"wp","href":"https:\/\/api.w.org\/{rel}","templated":true}]}}