{"id":525127,"date":"2026-04-30T17:30:32","date_gmt":"2026-04-30T22:30:32","guid":{"rendered":"https:\/\/www.medellin.gov.co\/es\/?p=525127"},"modified":"2026-04-30T17:30:32","modified_gmt":"2026-04-30T22:30:32","slug":"el-concurso-de-narrativa-breve-de-la-piloto-llega-a-su-tercera-edicion-historias-inspiradas-en-la-vida-cotidiana","status":"publish","type":"post","link":"https:\/\/www.medellin.gov.co\/es\/sala-de-prensa\/noticias\/el-concurso-de-narrativa-breve-de-la-piloto-llega-a-su-tercera-edicion-historias-inspiradas-en-la-vida-cotidiana\/","title":{"rendered":"El concurso de narrativa breve de La Piloto llega a su tercera edici\u00f3n: historias inspiradas en la vida cotidiana"},"content":{"rendered":"<ul>\n<li>El certamen est\u00e1 dirigido a personas de Medell\u00edn y su \u00e1rea metropolitana con edades entre los 14 y 24 a\u00f1os, quienes pueden inscribirse hasta el 31 de agosto.<\/li>\n<li>La propuesta es pensar que todo puede ser una historia, un recuerdo, una an\u00e9cdota o una escena breve.<\/li>\n<\/ul>\n<!--[if lt IE 9]><script>document.createElement('audio');<\/script><![endif]-->\n\t<div class=\"wp-playlist wp-audio-playlist wp-playlist-light\">\n\t\t\t<div class=\"wp-playlist-current-item\"><\/div>\n\t\t<audio controls=\"controls\" preload=\"none\" width=\"640\"\n\t\t\t><\/audio>\n\t<div class=\"wp-playlist-next\"><\/div>\n\t<div class=\"wp-playlist-prev\"><\/div>\n\t<noscript>\n\t<ol>\n\t\t<li><a href='https:\/\/www.medellin.gov.co\/es\/wp-content\/uploads\/2026\/04\/Declaraciones-de-la-subdirectora-de-Contenidos-y-Patrimonio-de-la-entidad-Isabel-Cristina-Bernal.mp3'>Declaraciones de la subdirectora de Contenidos y Patrimonio de la entidad, Isabel Cristina Bernal<\/a><\/li>\t<\/ol>\n\t<\/noscript>\n\t<script type=\"application\/json\" class=\"wp-playlist-script\">{\"type\":\"audio\",\"tracklist\":true,\"tracknumbers\":true,\"images\":true,\"artists\":true,\"tracks\":[{\"src\":\"https:\\\/\\\/www.medellin.gov.co\\\/es\\\/wp-content\\\/uploads\\\/2026\\\/04\\\/Declaraciones-de-la-subdirectora-de-Contenidos-y-Patrimonio-de-la-entidad-Isabel-Cristina-Bernal.mp3\",\"type\":\"audio\\\/mpeg\",\"title\":\"Declaraciones de la subdirectora de Contenidos y Patrimonio de la entidad, Isabel Cristina Bernal\",\"caption\":\"\",\"description\":\"\\u00abDeclaraciones de la subdirectora de Contenidos y Patrimonio de la entidad, Isabel Cristina Bernal\\u00bb. \",\"meta\":{\"genre\":\"Blues\",\"length_formatted\":\"0:35\"},\"image\":{\"src\":\"https:\\\/\\\/www.medellin.gov.co\\\/es\\\/wp-includes\\\/images\\\/media\\\/audio.png\",\"width\":48,\"height\":64},\"thumb\":{\"src\":\"https:\\\/\\\/www.medellin.gov.co\\\/es\\\/wp-includes\\\/images\\\/media\\\/audio.png\",\"width\":48,\"height\":64}}]}<\/script>\n<\/div>\n\t\n<p>Hay historias que nacen en cualquier parte: en la ventanilla de un bus, durante una conversaci\u00f3n a media tarde o en una esquina del barrio que parece normal, hasta que deja de serlo. Con esa idea vuelve el Concurso de Narrativa Breve por Entregas \u2013NABE-, que invita a los j\u00f3venes a contar por escrito lo que viven, lo que imaginan y lo que pasa en la ciudad que habitan.<\/p>\n<p>\u201c<em>La Biblioteca P\u00fablica Piloto de Medell\u00edn tiene una convocatoria especial para los j\u00f3venes del Valle de Aburr\u00e1: si tienes entre 14 y 24 a\u00f1os, participa en la nueva versi\u00f3n de NABE. Este a\u00f1o, la invitaci\u00f3n a narrar la ciudad estar\u00e1 acompa\u00f1ada de retos literarios que estimular\u00e1n y enriquecer\u00e1n el proceso de escritura<\/em>\u201d, manifest\u00f3 la subdirectora de Contenidos y Patrimonio de la entidad, Isabel Cristina Bernal.<\/p>\n<p><a href=\"https:\/\/www.medellin.gov.co\/es\/wp-content\/uploads\/2026\/04\/Imagen-de-participante-de-evento-literario.jpg\" target=\"_blank\" rel=\"noopener\"><img loading=\"lazy\" class=\"alignnone wp-image-525153 size-full\" title=\"participante de evento literario\" src=\"https:\/\/www.medellin.gov.co\/es\/wp-content\/uploads\/2026\/04\/Imagen-de-participante-de-evento-literario.jpg\" alt=\"Imagen de participante de evento literario\" width=\"1139\" height=\"760\" srcset=\"https:\/\/www.medellin.gov.co\/es\/wp-content\/uploads\/2026\/04\/Imagen-de-participante-de-evento-literario.jpg 1139w, https:\/\/www.medellin.gov.co\/es\/wp-content\/uploads\/2026\/04\/Imagen-de-participante-de-evento-literario-300x200.jpg 300w, https:\/\/www.medellin.gov.co\/es\/wp-content\/uploads\/2026\/04\/Imagen-de-participante-de-evento-literario-1024x683.jpg 1024w, https:\/\/www.medellin.gov.co\/es\/wp-content\/uploads\/2026\/04\/Imagen-de-participante-de-evento-literario-150x100.jpg 150w, https:\/\/www.medellin.gov.co\/es\/wp-content\/uploads\/2026\/04\/Imagen-de-participante-de-evento-literario-768x512.jpg 768w\" sizes=\"(max-width: 1139px) 100vw, 1139px\" \/><\/a><\/p>\n<p>Esta tercera edici\u00f3n llega con una propuesta creativa clara: \u201cMe sucedi\u00f3 aqu\u00ed\u201d, a manera de invitaci\u00f3n a mirar la urbe con otros ojos y descubrir que cada lugar alberga relatos que vale la pena contar. La propuesta es pensar que todo puede ser una historia, un recuerdo, una an\u00e9cdota o una escena breve. Aqu\u00ed no hay f\u00f3rmulas r\u00edgidas, pero s\u00ed una provocaci\u00f3n a mirar lo cotidiano como si fuera el inicio de algo incre\u00edble.<\/p>\n<p><a href=\"https:\/\/www.medellin.gov.co\/es\/wp-content\/uploads\/2026\/04\/Imagen-de-joven-sentado-en-el-piso.jpg\" target=\"_blank\" rel=\"noopener\"><img loading=\"lazy\" class=\"alignnone wp-image-525154 size-full\" title=\"joven sentado en el piso\" src=\"https:\/\/www.medellin.gov.co\/es\/wp-content\/uploads\/2026\/04\/Imagen-de-joven-sentado-en-el-piso.jpg\" alt=\"Imagen de joven sentado en el piso\" width=\"1139\" height=\"760\" srcset=\"https:\/\/www.medellin.gov.co\/es\/wp-content\/uploads\/2026\/04\/Imagen-de-joven-sentado-en-el-piso.jpg 1139w, https:\/\/www.medellin.gov.co\/es\/wp-content\/uploads\/2026\/04\/Imagen-de-joven-sentado-en-el-piso-300x200.jpg 300w, https:\/\/www.medellin.gov.co\/es\/wp-content\/uploads\/2026\/04\/Imagen-de-joven-sentado-en-el-piso-1024x683.jpg 1024w, https:\/\/www.medellin.gov.co\/es\/wp-content\/uploads\/2026\/04\/Imagen-de-joven-sentado-en-el-piso-150x100.jpg 150w, https:\/\/www.medellin.gov.co\/es\/wp-content\/uploads\/2026\/04\/Imagen-de-joven-sentado-en-el-piso-768x512.jpg 768w\" sizes=\"(max-width: 1139px) 100vw, 1139px\" \/><\/a><\/p>\n<p>NABE activar\u00e1 diferentes din\u00e1micas en los pr\u00f3ximos meses, incluyendo la difusi\u00f3n de contenidos de inspiraci\u00f3n y acompa\u00f1amiento, la realizaci\u00f3n de retos creativos y la organizaci\u00f3n de actividades de mediaci\u00f3n en colegios, universidades, clubes de lectura y espacios culturales del \u00e1rea metropolitana.<\/p>\n<p>El cierre de la convocatoria ser\u00e1 el 31 de agosto a las 11:59 p. m. La consulta de t\u00e9rminos y condiciones, as\u00ed como la inscripci\u00f3n de propuestas, pueden realizarse accediendo al <a href=\"https:\/\/bibliotecapiloto.gov.co\/nabe-2026\" target=\"_blank\" rel=\"noopener\">https:\/\/bibliotecapiloto.gov.co\/nabe-2026<\/a><\/p>\n","protected":false},"excerpt":{"rendered":"<p>El certamen est\u00e1 dirigido a personas de Medell\u00edn y su \u00e1rea metropolitana con edades entre los 14 y 24 a\u00f1os, quienes pueden inscribirse hasta el 31 de agosto. La propuesta es pensar que todo puede &#8230;<\/p>\n","protected":false},"author":21,"featured_media":525155,"comment_status":"open","ping_status":"open","sticky":false,"template":"","format":"standard","meta":[],"categories":[31],"tags":[444,428],"formato_nota":[],"programas_tax":[],"acf":[],"_links":{"self":[{"href":"https:\/\/www.medellin.gov.co\/es\/wp-json\/wp\/v2\/posts\/525127"}],"collection":[{"href":"https:\/\/www.medellin.gov.co\/es\/wp-json\/wp\/v2\/posts"}],"about":[{"href":"https:\/\/www.medellin.gov.co\/es\/wp-json\/wp\/v2\/types\/post"}],"author":[{"embeddable":true,"href":"https:\/\/www.medellin.gov.co\/es\/wp-json\/wp\/v2\/users\/21"}],"replies":[{"embeddable":true,"href":"https:\/\/www.medellin.gov.co\/es\/wp-json\/wp\/v2\/comments?post=525127"}],"version-history":[{"count":1,"href":"https:\/\/www.medellin.gov.co\/es\/wp-json\/wp\/v2\/posts\/525127\/revisions"}],"predecessor-version":[{"id":525158,"href":"https:\/\/www.medellin.gov.co\/es\/wp-json\/wp\/v2\/posts\/525127\/revisions\/525158"}],"wp:featuredmedia":[{"embeddable":true,"href":"https:\/\/www.medellin.gov.co\/es\/wp-json\/wp\/v2\/media\/525155"}],"wp:attachment":[{"href":"https:\/\/www.medellin.gov.co\/es\/wp-json\/wp\/v2\/media?parent=525127"}],"wp:term":[{"taxonomy":"category","embeddable":true,"href":"https:\/\/www.medellin.gov.co\/es\/wp-json\/wp\/v2\/categories?post=525127"},{"taxonomy":"post_tag","embeddable":true,"href":"https:\/\/www.medellin.gov.co\/es\/wp-json\/wp\/v2\/tags?post=525127"},{"taxonomy":"formato_nota","embeddable":true,"href":"https:\/\/www.medellin.gov.co\/es\/wp-json\/wp\/v2\/formato_nota?post=525127"},{"taxonomy":"programas_tax","embeddable":true,"href":"https:\/\/www.medellin.gov.co\/es\/wp-json\/wp\/v2\/programas_tax?post=525127"}],"curies":[{"name":"wp","href":"https:\/\/api.w.org\/{rel}","templated":true}]}}