{"id":525216,"date":"2026-05-01T03:19:01","date_gmt":"2026-05-01T08:19:01","guid":{"rendered":"https:\/\/www.medellin.gov.co\/es\/?p=525216"},"modified":"2026-05-01T12:36:29","modified_gmt":"2026-05-01T17:36:29","slug":"de-amor-perseverancia-y-fe-la-historia-del-agente-de-transito-de-medellin-186-y-su-hija-luciana","status":"publish","type":"post","link":"https:\/\/www.medellin.gov.co\/es\/sala-de-prensa\/noticias\/de-amor-perseverancia-y-fe-la-historia-del-agente-de-transito-de-medellin-186-y-su-hija-luciana\/","title":{"rendered":"De amor, perseverancia y fe: la historia del agente de tr\u00e1nsito de Medell\u00edn 186 y su hija Luciana"},"content":{"rendered":"<blockquote><p><em>Cuando a Luciana le diagnosticaron el <a href=\"https:\/\/www.analesdepediatria.org\/es-sindrome-aicardi-goutieres-espectro-fenotipico-genetico-articulo-S1695403318301899\" target=\"_blank\" rel=\"noopener\">s\u00edndrome Aicardi-Gouti\u00e8res tipo 5<\/a>, los m\u00e9dicos le dieron una expectativa de vida de apenas cinco a\u00f1os. Hoy, con siete, su historia sigue escribi\u00e9ndose d\u00eda a d\u00eda, sostenida por el amor incondicional de su familia, una red m\u00e9dica especializada y una fe que no se ha quebrado pese a las dificultades.<\/em><\/p><\/blockquote>\n<p>Luciana es la segunda hija de Elkin Antonio Restrepo Campo, agente de tr\u00e1nsito de la <a href=\"https:\/\/cdnwordpresstest-f0ekdgevcngegudb.z01.azurefd.net\/es\/wp-content\/uploads\/2026\/04\/Imagen-soldados-de-la-Cuarta-Brigada-del-Ejercito-se-graduan-de-bachilleres-PRINCIPAL.jpg\">Secretar\u00eda de Movilidad de Medell\u00edn<\/a>, y de su esposa Sandra. Aunque su llegada no fue planeada, desde el inicio fue esperada con ilusi\u00f3n. Durante el embarazo, una deficiencia de ox\u00edgeno en el cerebro oblig\u00f3 a traerla al mundo de manera prematura. Al principio, todo parec\u00eda transcurrir con normalidad, pero a los cuatro meses de vida sus padres comenzaron a notar se\u00f1ales de alerta en su desarrollo motor y articular.<\/p>\n\n\t\t<style type=\"text\/css\">\n\t\t\t#gallery-1 {\n\t\t\t\tmargin: auto;\n\t\t\t}\n\t\t\t#gallery-1 .gallery-item {\n\t\t\t\tfloat: left;\n\t\t\t\tmargin-top: 10px;\n\t\t\t\ttext-align: center;\n\t\t\t\twidth: 50%;\n\t\t\t}\n\t\t\t#gallery-1 img {\n\t\t\t\tborder: 2px solid #cfcfcf;\n\t\t\t}\n\t\t\t#gallery-1 .gallery-caption {\n\t\t\t\tmargin-left: 0;\n\t\t\t}\n\t\t\t\/* see gallery_shortcode() in wp-includes\/media.php *\/\n\t\t<\/style>\n\t\t<div id='gallery-1' class='gallery galleryid-525216 gallery-columns-2 gallery-size-large'><dl class='gallery-item'>\n\t\t\t<dt class='gallery-icon landscape'>\n\t\t\t\t<a href='https:\/\/www.medellin.gov.co\/es\/sala-de-prensa\/noticias\/de-amor-perseverancia-y-fe-la-historia-del-agente-de-transito-de-medellin-186-y-su-hija-luciana\/luciana_agente186_3a\/'><img width=\"1024\" height=\"682\" src=\"https:\/\/www.medellin.gov.co\/es\/wp-content\/uploads\/2026\/04\/Luciana_Agente186_3a-1024x682.jpg\" class=\"attachment-large size-large\" alt=\"Luciana y su madre (Sandra)\" loading=\"lazy\" aria-describedby=\"gallery-1-525223\" srcset=\"https:\/\/www.medellin.gov.co\/es\/wp-content\/uploads\/2026\/04\/Luciana_Agente186_3a-1024x682.jpg 1024w, https:\/\/www.medellin.gov.co\/es\/wp-content\/uploads\/2026\/04\/Luciana_Agente186_3a-300x200.jpg 300w, https:\/\/www.medellin.gov.co\/es\/wp-content\/uploads\/2026\/04\/Luciana_Agente186_3a-150x100.jpg 150w, https:\/\/www.medellin.gov.co\/es\/wp-content\/uploads\/2026\/04\/Luciana_Agente186_3a-768x512.jpg 768w, https:\/\/www.medellin.gov.co\/es\/wp-content\/uploads\/2026\/04\/Luciana_Agente186_3a.jpg 1280w\" sizes=\"(max-width: 1024px) 100vw, 1024px\" \/><\/a>\n\t\t\t<\/dt>\n\t\t\t\t<dd class='wp-caption-text gallery-caption' id='gallery-1-525223'>\n\t\t\t\tLuciana y su madre (Sandra)\n\t\t\t\t<\/dd><\/dl><dl class='gallery-item'>\n\t\t\t<dt class='gallery-icon landscape'>\n\t\t\t\t<a href='https:\/\/www.medellin.gov.co\/es\/sala-de-prensa\/noticias\/de-amor-perseverancia-y-fe-la-historia-del-agente-de-transito-de-medellin-186-y-su-hija-luciana\/luciana_agente186_2\/'><img width=\"1024\" height=\"682\" src=\"https:\/\/www.medellin.gov.co\/es\/wp-content\/uploads\/2026\/04\/Luciana_Agente186_2-1024x682.jpg\" class=\"attachment-large size-large\" alt=\"\" loading=\"lazy\" aria-describedby=\"gallery-1-525221\" srcset=\"https:\/\/www.medellin.gov.co\/es\/wp-content\/uploads\/2026\/04\/Luciana_Agente186_2-1024x682.jpg 1024w, https:\/\/www.medellin.gov.co\/es\/wp-content\/uploads\/2026\/04\/Luciana_Agente186_2-300x200.jpg 300w, https:\/\/www.medellin.gov.co\/es\/wp-content\/uploads\/2026\/04\/Luciana_Agente186_2-150x100.jpg 150w, https:\/\/www.medellin.gov.co\/es\/wp-content\/uploads\/2026\/04\/Luciana_Agente186_2-768x512.jpg 768w, https:\/\/www.medellin.gov.co\/es\/wp-content\/uploads\/2026\/04\/Luciana_Agente186_2.jpg 1280w\" sizes=\"(max-width: 1024px) 100vw, 1024px\" \/><\/a>\n\t\t\t<\/dt>\n\t\t\t\t<dd class='wp-caption-text gallery-caption' id='gallery-1-525221'>\n\t\t\t\tLuciana y su padre Elkin Antonio Restrepo Campo\n\t\t\t\t<\/dd><\/dl><br style=\"clear: both\" \/>\n\t\t<\/div>\n\n<p><strong>El diagn\u00f3stico<\/strong><\/p>\n<p>Durante casi dos a\u00f1os, la familia recorri\u00f3 distintos caminos m\u00e9dicos sin obtener un diagn\u00f3stico claro. Finalmente, unos estudios especializados realizados en Suiza confirmaron que Luciana padec\u00eda una enfermedad hu\u00e9rfana neurodegenerativa: el s\u00edndrome Aicardi-Gouti\u00e8res tipo 5, una condici\u00f3n que afecta severamente el desarrollo neurol\u00f3gico y motriz. Lejos de rendirse, Elkin y Sandra asumieron esta situaci\u00f3n con entereza y fe, entendiendo, como ellos mismos lo expresan, que su misi\u00f3n ser\u00eda acompa\u00f1ar y cuidar a su hija con amor absoluto.<\/p>\n\n\t\t<style type=\"text\/css\">\n\t\t\t#gallery-2 {\n\t\t\t\tmargin: auto;\n\t\t\t}\n\t\t\t#gallery-2 .gallery-item {\n\t\t\t\tfloat: left;\n\t\t\t\tmargin-top: 10px;\n\t\t\t\ttext-align: center;\n\t\t\t\twidth: 33%;\n\t\t\t}\n\t\t\t#gallery-2 img {\n\t\t\t\tborder: 2px solid #cfcfcf;\n\t\t\t}\n\t\t\t#gallery-2 .gallery-caption {\n\t\t\t\tmargin-left: 0;\n\t\t\t}\n\t\t\t\/* see gallery_shortcode() in wp-includes\/media.php *\/\n\t\t<\/style>\n\t\t<div id='gallery-2' class='gallery galleryid-525216 gallery-columns-3 gallery-size-large'><dl class='gallery-item'>\n\t\t\t<dt class='gallery-icon landscape'>\n\t\t\t\t<a href='https:\/\/www.medellin.gov.co\/es\/sala-de-prensa\/noticias\/de-amor-perseverancia-y-fe-la-historia-del-agente-de-transito-de-medellin-186-y-su-hija-luciana\/luciana_agente-2\/'><img width=\"1024\" height=\"768\" src=\"https:\/\/www.medellin.gov.co\/es\/wp-content\/uploads\/2026\/04\/Luciana_Agente-2-1024x768.jpg\" class=\"attachment-large size-large\" alt=\"\" loading=\"lazy\" srcset=\"https:\/\/www.medellin.gov.co\/es\/wp-content\/uploads\/2026\/04\/Luciana_Agente-2-1024x768.jpg 1024w, https:\/\/www.medellin.gov.co\/es\/wp-content\/uploads\/2026\/04\/Luciana_Agente-2-300x225.jpg 300w, https:\/\/www.medellin.gov.co\/es\/wp-content\/uploads\/2026\/04\/Luciana_Agente-2-150x112.jpg 150w, https:\/\/www.medellin.gov.co\/es\/wp-content\/uploads\/2026\/04\/Luciana_Agente-2-768x576.jpg 768w, https:\/\/www.medellin.gov.co\/es\/wp-content\/uploads\/2026\/04\/Luciana_Agente-2.jpg 1134w\" sizes=\"(max-width: 1024px) 100vw, 1024px\" \/><\/a>\n\t\t\t<\/dt><\/dl><dl class='gallery-item'>\n\t\t\t<dt class='gallery-icon landscape'>\n\t\t\t\t<a href='https:\/\/www.medellin.gov.co\/es\/sala-de-prensa\/noticias\/de-amor-perseverancia-y-fe-la-historia-del-agente-de-transito-de-medellin-186-y-su-hija-luciana\/luciana_agente-3\/'><img width=\"1024\" height=\"768\" src=\"https:\/\/www.medellin.gov.co\/es\/wp-content\/uploads\/2026\/04\/Luciana_Agente-3-1024x768.jpg\" class=\"attachment-large size-large\" alt=\"\" loading=\"lazy\" srcset=\"https:\/\/www.medellin.gov.co\/es\/wp-content\/uploads\/2026\/04\/Luciana_Agente-3-1024x768.jpg 1024w, https:\/\/www.medellin.gov.co\/es\/wp-content\/uploads\/2026\/04\/Luciana_Agente-3-300x225.jpg 300w, https:\/\/www.medellin.gov.co\/es\/wp-content\/uploads\/2026\/04\/Luciana_Agente-3-150x113.jpg 150w, https:\/\/www.medellin.gov.co\/es\/wp-content\/uploads\/2026\/04\/Luciana_Agente-3-768x576.jpg 768w, https:\/\/www.medellin.gov.co\/es\/wp-content\/uploads\/2026\/04\/Luciana_Agente-3.jpg 1133w\" sizes=\"(max-width: 1024px) 100vw, 1024px\" \/><\/a>\n\t\t\t<\/dt><\/dl><dl class='gallery-item'>\n\t\t\t<dt class='gallery-icon landscape'>\n\t\t\t\t<a href='https:\/\/www.medellin.gov.co\/es\/sala-de-prensa\/noticias\/de-amor-perseverancia-y-fe-la-historia-del-agente-de-transito-de-medellin-186-y-su-hija-luciana\/luciana_agente-1\/'><img width=\"1024\" height=\"769\" src=\"https:\/\/www.medellin.gov.co\/es\/wp-content\/uploads\/2026\/04\/Luciana_Agente-1-1024x769.jpg\" class=\"attachment-large size-large\" alt=\"\" loading=\"lazy\" srcset=\"https:\/\/www.medellin.gov.co\/es\/wp-content\/uploads\/2026\/04\/Luciana_Agente-1-1024x769.jpg 1024w, https:\/\/www.medellin.gov.co\/es\/wp-content\/uploads\/2026\/04\/Luciana_Agente-1-300x225.jpg 300w, https:\/\/www.medellin.gov.co\/es\/wp-content\/uploads\/2026\/04\/Luciana_Agente-1-150x113.jpg 150w, https:\/\/www.medellin.gov.co\/es\/wp-content\/uploads\/2026\/04\/Luciana_Agente-1-768x577.jpg 768w, https:\/\/www.medellin.gov.co\/es\/wp-content\/uploads\/2026\/04\/Luciana_Agente-1.jpg 1132w\" sizes=\"(max-width: 1024px) 100vw, 1024px\" \/><\/a>\n\t\t\t<\/dt><\/dl><br style=\"clear: both\" \/>\n\t\t<\/div>\n\n<p>Hoy, la vida de Luciana transcurre entre cuidados permanentes y una rutina estricta que busca garantizar su bienestar. Es alimentada cinco veces al d\u00eda a trav\u00e9s de una sonda g\u00e1strica, recibe terapias en casa dos veces por semana y es atendida por seis especialistas en el <a href=\"https:\/\/hptu.org\/\" target=\"_blank\" rel=\"noopener\">hospital Pablo Tob\u00f3n Uribe<\/a>, donde hace parte del programa de enfermedades hu\u00e9rfanas que acompa\u00f1a a cerca de 7500 ni\u00f1os y ni\u00f1as con condiciones similares. Recientemente, la familia logr\u00f3 que les asignaran una enfermera que los apoya todos los d\u00edas en casa, un alivio invaluable en su cotidianidad.<\/p>\n\n\t\t<style type=\"text\/css\">\n\t\t\t#gallery-3 {\n\t\t\t\tmargin: auto;\n\t\t\t}\n\t\t\t#gallery-3 .gallery-item {\n\t\t\t\tfloat: left;\n\t\t\t\tmargin-top: 10px;\n\t\t\t\ttext-align: center;\n\t\t\t\twidth: 33%;\n\t\t\t}\n\t\t\t#gallery-3 img {\n\t\t\t\tborder: 2px solid #cfcfcf;\n\t\t\t}\n\t\t\t#gallery-3 .gallery-caption {\n\t\t\t\tmargin-left: 0;\n\t\t\t}\n\t\t\t\/* see gallery_shortcode() in wp-includes\/media.php *\/\n\t\t<\/style>\n\t\t<div id='gallery-3' class='gallery galleryid-525216 gallery-columns-3 gallery-size-large'><dl class='gallery-item'>\n\t\t\t<dt class='gallery-icon landscape'>\n\t\t\t\t<a href='https:\/\/www.medellin.gov.co\/es\/sala-de-prensa\/noticias\/de-amor-perseverancia-y-fe-la-historia-del-agente-de-transito-de-medellin-186-y-su-hija-luciana\/lucianaangente_-1\/'><img width=\"1024\" height=\"682\" src=\"https:\/\/www.medellin.gov.co\/es\/wp-content\/uploads\/2026\/04\/lucianaAngente_-1-1024x682.jpg\" class=\"attachment-large size-large\" alt=\"\" loading=\"lazy\" srcset=\"https:\/\/www.medellin.gov.co\/es\/wp-content\/uploads\/2026\/04\/lucianaAngente_-1-1024x682.jpg 1024w, https:\/\/www.medellin.gov.co\/es\/wp-content\/uploads\/2026\/04\/lucianaAngente_-1-300x200.jpg 300w, https:\/\/www.medellin.gov.co\/es\/wp-content\/uploads\/2026\/04\/lucianaAngente_-1-150x100.jpg 150w, https:\/\/www.medellin.gov.co\/es\/wp-content\/uploads\/2026\/04\/lucianaAngente_-1-768x512.jpg 768w, https:\/\/www.medellin.gov.co\/es\/wp-content\/uploads\/2026\/04\/lucianaAngente_-1.jpg 1276w\" sizes=\"(max-width: 1024px) 100vw, 1024px\" \/><\/a>\n\t\t\t<\/dt><\/dl><dl class='gallery-item'>\n\t\t\t<dt class='gallery-icon landscape'>\n\t\t\t\t<a href='https:\/\/www.medellin.gov.co\/es\/sala-de-prensa\/noticias\/de-amor-perseverancia-y-fe-la-historia-del-agente-de-transito-de-medellin-186-y-su-hija-luciana\/lucianaangente_-3\/'><img width=\"1024\" height=\"682\" src=\"https:\/\/www.medellin.gov.co\/es\/wp-content\/uploads\/2026\/04\/lucianaAngente_-3-1024x682.jpg\" class=\"attachment-large size-large\" alt=\"\" loading=\"lazy\" srcset=\"https:\/\/www.medellin.gov.co\/es\/wp-content\/uploads\/2026\/04\/lucianaAngente_-3-1024x682.jpg 1024w, https:\/\/www.medellin.gov.co\/es\/wp-content\/uploads\/2026\/04\/lucianaAngente_-3-300x200.jpg 300w, https:\/\/www.medellin.gov.co\/es\/wp-content\/uploads\/2026\/04\/lucianaAngente_-3-150x100.jpg 150w, https:\/\/www.medellin.gov.co\/es\/wp-content\/uploads\/2026\/04\/lucianaAngente_-3-768x512.jpg 768w, https:\/\/www.medellin.gov.co\/es\/wp-content\/uploads\/2026\/04\/lucianaAngente_-3.jpg 1276w\" sizes=\"(max-width: 1024px) 100vw, 1024px\" \/><\/a>\n\t\t\t<\/dt><\/dl><dl class='gallery-item'>\n\t\t\t<dt class='gallery-icon landscape'>\n\t\t\t\t<a href='https:\/\/www.medellin.gov.co\/es\/sala-de-prensa\/noticias\/de-amor-perseverancia-y-fe-la-historia-del-agente-de-transito-de-medellin-186-y-su-hija-luciana\/lucianaangente_-2\/'><img width=\"1024\" height=\"682\" src=\"https:\/\/www.medellin.gov.co\/es\/wp-content\/uploads\/2026\/04\/lucianaAngente_-2-1024x682.jpg\" class=\"attachment-large size-large\" alt=\"\" loading=\"lazy\" srcset=\"https:\/\/www.medellin.gov.co\/es\/wp-content\/uploads\/2026\/04\/lucianaAngente_-2-1024x682.jpg 1024w, https:\/\/www.medellin.gov.co\/es\/wp-content\/uploads\/2026\/04\/lucianaAngente_-2-300x200.jpg 300w, https:\/\/www.medellin.gov.co\/es\/wp-content\/uploads\/2026\/04\/lucianaAngente_-2-150x100.jpg 150w, https:\/\/www.medellin.gov.co\/es\/wp-content\/uploads\/2026\/04\/lucianaAngente_-2-768x512.jpg 768w, https:\/\/www.medellin.gov.co\/es\/wp-content\/uploads\/2026\/04\/lucianaAngente_-2.jpg 1276w\" sizes=\"(max-width: 1024px) 100vw, 1024px\" \/><\/a>\n\t\t\t<\/dt><\/dl><br style=\"clear: both\" \/>\n\t\t<\/div>\n\n<p><strong>La fuerza de Luciana<\/strong><\/p>\n<p>El sistema de salud, aseguran, ha sido un respaldo constante. Entre programas especializados, acompa\u00f1amiento m\u00e9dico continuo y procesos administrativos exitosos, la familia ha encontrado respuestas y apoyo oportuno para una condici\u00f3n que, en muchos casos, enfrenta barreras significativas.<\/p>\n<p>La fortaleza de Luciana se ha puesto a prueba en m\u00faltiples ocasiones. Ha pasado por procedimientos m\u00e9dicos complejos, entre ellos una traqueotom\u00eda que transform\u00f3 por completo su forma de comunicarse con el mundo y silenci\u00f3 su llanto. Sin embargo, su capacidad de recuperaci\u00f3n ha sorprendido incluso a los especialistas.<\/p>\n\n\t\t<style type=\"text\/css\">\n\t\t\t#gallery-4 {\n\t\t\t\tmargin: auto;\n\t\t\t}\n\t\t\t#gallery-4 .gallery-item {\n\t\t\t\tfloat: left;\n\t\t\t\tmargin-top: 10px;\n\t\t\t\ttext-align: center;\n\t\t\t\twidth: 50%;\n\t\t\t}\n\t\t\t#gallery-4 img {\n\t\t\t\tborder: 2px solid #cfcfcf;\n\t\t\t}\n\t\t\t#gallery-4 .gallery-caption {\n\t\t\t\tmargin-left: 0;\n\t\t\t}\n\t\t\t\/* see gallery_shortcode() in wp-includes\/media.php *\/\n\t\t<\/style>\n\t\t<div id='gallery-4' class='gallery galleryid-525216 gallery-columns-2 gallery-size-large'><dl class='gallery-item'>\n\t\t\t<dt class='gallery-icon landscape'>\n\t\t\t\t<a href='https:\/\/www.medellin.gov.co\/es\/sala-de-prensa\/noticias\/de-amor-perseverancia-y-fe-la-historia-del-agente-de-transito-de-medellin-186-y-su-hija-luciana\/luciana_agente_a-1\/'><img width=\"1024\" height=\"682\" src=\"https:\/\/www.medellin.gov.co\/es\/wp-content\/uploads\/2026\/04\/Luciana_Agente_a-1-1024x682.jpg\" class=\"attachment-large size-large\" alt=\"\" loading=\"lazy\" aria-describedby=\"gallery-4-525241\" srcset=\"https:\/\/www.medellin.gov.co\/es\/wp-content\/uploads\/2026\/04\/Luciana_Agente_a-1-1024x682.jpg 1024w, https:\/\/www.medellin.gov.co\/es\/wp-content\/uploads\/2026\/04\/Luciana_Agente_a-1-300x200.jpg 300w, https:\/\/www.medellin.gov.co\/es\/wp-content\/uploads\/2026\/04\/Luciana_Agente_a-1-150x100.jpg 150w, https:\/\/www.medellin.gov.co\/es\/wp-content\/uploads\/2026\/04\/Luciana_Agente_a-1-768x512.jpg 768w, https:\/\/www.medellin.gov.co\/es\/wp-content\/uploads\/2026\/04\/Luciana_Agente_a-1.jpg 1276w\" sizes=\"(max-width: 1024px) 100vw, 1024px\" \/><\/a>\n\t\t\t<\/dt>\n\t\t\t\t<dd class='wp-caption-text gallery-caption' id='gallery-4-525241'>\n\t\t\t\tLuciana y su padre Elkin Antonio Restrepo Campo\n\t\t\t\t<\/dd><\/dl><dl class='gallery-item'>\n\t\t\t<dt class='gallery-icon landscape'>\n\t\t\t\t<a href='https:\/\/www.medellin.gov.co\/es\/sala-de-prensa\/noticias\/de-amor-perseverancia-y-fe-la-historia-del-agente-de-transito-de-medellin-186-y-su-hija-luciana\/luciana_agente_a-3\/'><img width=\"1024\" height=\"682\" src=\"https:\/\/www.medellin.gov.co\/es\/wp-content\/uploads\/2026\/04\/Luciana_Agente_a-3-1024x682.jpg\" class=\"attachment-large size-large\" alt=\"\" loading=\"lazy\" aria-describedby=\"gallery-4-525239\" srcset=\"https:\/\/www.medellin.gov.co\/es\/wp-content\/uploads\/2026\/04\/Luciana_Agente_a-3-1024x682.jpg 1024w, https:\/\/www.medellin.gov.co\/es\/wp-content\/uploads\/2026\/04\/Luciana_Agente_a-3-300x200.jpg 300w, https:\/\/www.medellin.gov.co\/es\/wp-content\/uploads\/2026\/04\/Luciana_Agente_a-3-150x100.jpg 150w, https:\/\/www.medellin.gov.co\/es\/wp-content\/uploads\/2026\/04\/Luciana_Agente_a-3-768x512.jpg 768w, https:\/\/www.medellin.gov.co\/es\/wp-content\/uploads\/2026\/04\/Luciana_Agente_a-3.jpg 1276w\" sizes=\"(max-width: 1024px) 100vw, 1024px\" \/><\/a>\n\t\t\t<\/dt>\n\t\t\t\t<dd class='wp-caption-text gallery-caption' id='gallery-4-525239'>\n\t\t\t\tLuciana y su padre Elkin Antonio Restrepo Campo\n\t\t\t\t<\/dd><\/dl><br style=\"clear: both\" \/>\n\t\t<\/div>\n\n<p>\u201c<em>Y vaya sorpresa la recuperaci\u00f3n de nuestra beb\u00e9, una beb\u00e9 fuerte, una beb\u00e9 luchadora, una beb\u00e9 que nos demuestra muchas ganas de vivir y de luchar. Lucianita solo estuvo cinco d\u00edas en la UCI. Su permanencia fue m\u00e1s por el temor de nosotros a aprender los nuevos cuidados. Al principio tuve mucho miedo. Lloraba con ella en la habitaci\u00f3n al saber que cuando lloraba su llanto ya no se pod\u00eda escuchar\u201d,<\/em> relata Elkin.<\/p>\n<p><strong>La gratitud<\/strong><\/p>\n<p>Aprender a aspirar secreciones, manejar la sonda g\u00e1strica y asumir cuidados especializados se convirti\u00f3 en parte de la vida diaria. Cada procedimiento, cada temor superado, fortaleci\u00f3 el v\u00ednculo entre padre e hija y reafirm\u00f3 una convicci\u00f3n profunda: la gratitud por lo que s\u00ed se tiene.<\/p>\n\n\t\t<style type=\"text\/css\">\n\t\t\t#gallery-5 {\n\t\t\t\tmargin: auto;\n\t\t\t}\n\t\t\t#gallery-5 .gallery-item {\n\t\t\t\tfloat: left;\n\t\t\t\tmargin-top: 10px;\n\t\t\t\ttext-align: center;\n\t\t\t\twidth: 50%;\n\t\t\t}\n\t\t\t#gallery-5 img {\n\t\t\t\tborder: 2px solid #cfcfcf;\n\t\t\t}\n\t\t\t#gallery-5 .gallery-caption {\n\t\t\t\tmargin-left: 0;\n\t\t\t}\n\t\t\t\/* see gallery_shortcode() in wp-includes\/media.php *\/\n\t\t<\/style>\n\t\t<div id='gallery-5' class='gallery galleryid-525216 gallery-columns-2 gallery-size-large'><dl class='gallery-item'>\n\t\t\t<dt class='gallery-icon landscape'>\n\t\t\t\t<a href='https:\/\/www.medellin.gov.co\/es\/sala-de-prensa\/noticias\/de-amor-perseverancia-y-fe-la-historia-del-agente-de-transito-de-medellin-186-y-su-hija-luciana\/luciana_agente20\/'><img width=\"1024\" height=\"682\" src=\"https:\/\/www.medellin.gov.co\/es\/wp-content\/uploads\/2026\/04\/Luciana_Agente20-1024x682.jpg\" class=\"attachment-large size-large\" alt=\"Luciana y su padre Elkin Antonio Restrepo Campo\" loading=\"lazy\" aria-describedby=\"gallery-5-525245\" srcset=\"https:\/\/www.medellin.gov.co\/es\/wp-content\/uploads\/2026\/04\/Luciana_Agente20-1024x682.jpg 1024w, https:\/\/www.medellin.gov.co\/es\/wp-content\/uploads\/2026\/04\/Luciana_Agente20-300x200.jpg 300w, https:\/\/www.medellin.gov.co\/es\/wp-content\/uploads\/2026\/04\/Luciana_Agente20-150x100.jpg 150w, https:\/\/www.medellin.gov.co\/es\/wp-content\/uploads\/2026\/04\/Luciana_Agente20-768x512.jpg 768w, https:\/\/www.medellin.gov.co\/es\/wp-content\/uploads\/2026\/04\/Luciana_Agente20.jpg 1276w\" sizes=\"(max-width: 1024px) 100vw, 1024px\" \/><\/a>\n\t\t\t<\/dt>\n\t\t\t\t<dd class='wp-caption-text gallery-caption' id='gallery-5-525245'>\n\t\t\t\tLuciana y su padre Elkin Antonio Restrepo Campo\n\t\t\t\t<\/dd><\/dl><dl class='gallery-item'>\n\t\t\t<dt class='gallery-icon landscape'>\n\t\t\t\t<a href='https:\/\/www.medellin.gov.co\/es\/sala-de-prensa\/noticias\/de-amor-perseverancia-y-fe-la-historia-del-agente-de-transito-de-medellin-186-y-su-hija-luciana\/luciana_agente23\/'><img width=\"1024\" height=\"682\" src=\"https:\/\/www.medellin.gov.co\/es\/wp-content\/uploads\/2026\/04\/Luciana_Agente23-1024x682.jpg\" class=\"attachment-large size-large\" alt=\"Luciana y su padre Elkin Antonio Restrepo Campo\" loading=\"lazy\" aria-describedby=\"gallery-5-525243\" srcset=\"https:\/\/www.medellin.gov.co\/es\/wp-content\/uploads\/2026\/04\/Luciana_Agente23-1024x682.jpg 1024w, https:\/\/www.medellin.gov.co\/es\/wp-content\/uploads\/2026\/04\/Luciana_Agente23-300x200.jpg 300w, https:\/\/www.medellin.gov.co\/es\/wp-content\/uploads\/2026\/04\/Luciana_Agente23-150x100.jpg 150w, https:\/\/www.medellin.gov.co\/es\/wp-content\/uploads\/2026\/04\/Luciana_Agente23-768x512.jpg 768w, https:\/\/www.medellin.gov.co\/es\/wp-content\/uploads\/2026\/04\/Luciana_Agente23.jpg 1276w\" sizes=\"(max-width: 1024px) 100vw, 1024px\" \/><\/a>\n\t\t\t<\/dt>\n\t\t\t\t<dd class='wp-caption-text gallery-caption' id='gallery-5-525243'>\n\t\t\t\tLuciana y su padre Elkin Antonio Restrepo Campo\n\t\t\t\t<\/dd><\/dl><br style=\"clear: both\" \/>\n\t\t<\/div>\n\n<p>\u201c<em>Pienso que aqu\u00ed la gratitud es la ganadora. He visto por medio de noticias cu\u00e1ntos beb\u00e9s con estas condiciones no tienen los medios que tiene mi hija. Afortunadamente, en su condici\u00f3n no le falta absolutamente nada. Entonces, m\u00e1s que quejarnos, es agradecerle a Dios\u201d,<\/em> expresa.<\/p>\n<p><strong>Elkin, el hombre detr\u00e1s del uniforme<\/strong><\/p>\n<p>La historia de Elkin tambi\u00e9n es la de un servidor p\u00fablico que ha transformado su manera de ejercer la autoridad. Nacido en <a href=\"https:\/\/www.sanrafael-antioquia.gov.co\/\" target=\"_blank\" rel=\"noopener\">San Rafael, Antioquia<\/a>, criado entre <a href=\"http:\/\/sanroque-antioquia.gov.co\/\" target=\"_blank\" rel=\"noopener\">San Roque<\/a> y <a href=\"https:\/\/www.elpenol-antioquia.gov.co\/\" target=\"_blank\" rel=\"noopener\">El Pe\u00f1ol<\/a>, y formado desde joven en el trabajo constante, lleg\u00f3 a <a href=\"https:\/\/www.instagram.com\/alcaldiademed\/\" target=\"_blank\" rel=\"noopener\">Medell\u00edn<\/a> buscando oportunidades. Tras desempe\u00f1arse en distintos oficios, encontr\u00f3 su vocaci\u00f3n como agente de tr\u00e1nsito en la Secretar\u00eda de Movilidad de nuestra capital e ingres\u00f3 al cuerpo en 2014, tras ocupar el puesto 21 entre 200 aspirantes.<\/p>\n<p>Ser padre de una ni\u00f1a con una condici\u00f3n compleja le cambi\u00f3 la mirada. En la calle, su labor ya no se limita a aplicar normas, sino a entender realidades, a actuar con empat\u00eda y a recordar que detr\u00e1s de cada ciudadano hay una historia.<\/p>\n<div id=\"attachment_525247\" style=\"width: 1290px\" class=\"wp-caption alignnone\"><a href=\"https:\/\/www.medellin.gov.co\/es\/wp-content\/uploads\/2026\/04\/LucianaAgente_13.jpg\" target=\"_blank\" rel=\"noopener\"><img aria-describedby=\"caption-attachment-525247\" loading=\"lazy\" class=\"wp-image-525247 size-full\" title=\"Luciana y su padre Elkin Antonio Restrepo Campo\" src=\"https:\/\/www.medellin.gov.co\/es\/wp-content\/uploads\/2026\/04\/LucianaAgente_13.jpg\" alt=\"Luciana y su padre Elkin Antonio Restrepo Campo\" width=\"1280\" height=\"853\" srcset=\"https:\/\/www.medellin.gov.co\/es\/wp-content\/uploads\/2026\/04\/LucianaAgente_13.jpg 1280w, https:\/\/www.medellin.gov.co\/es\/wp-content\/uploads\/2026\/04\/LucianaAgente_13-300x200.jpg 300w, https:\/\/www.medellin.gov.co\/es\/wp-content\/uploads\/2026\/04\/LucianaAgente_13-1024x682.jpg 1024w, https:\/\/www.medellin.gov.co\/es\/wp-content\/uploads\/2026\/04\/LucianaAgente_13-150x100.jpg 150w, https:\/\/www.medellin.gov.co\/es\/wp-content\/uploads\/2026\/04\/LucianaAgente_13-768x512.jpg 768w\" sizes=\"(max-width: 1280px) 100vw, 1280px\" \/><\/a><p id=\"caption-attachment-525247\" class=\"wp-caption-text\">Luciana y su padre Elkin Antonio Restrepo Campo<\/p><\/div>\n<p>\u201c<em>Todo esto lo relaciono mucho con mi trabajo profesional. Como servidor p\u00fablico me debo a la comunidad. Muchas veces la labor de los agentes de tr\u00e1nsito es mal vista, nos perciben como personas rudas, sin sentimientos. Pero mis vivencias me han hecho m\u00e1s humano<\/em>\u201d, afirma.<\/p>\n<p>La historia de Elkin y de su familia es un recordatorio poderoso de que detr\u00e1s de cada uniforme de estos servidores p\u00fablicos de la Secretar\u00eda de Movilidad y de los dem\u00e1s servidores de la Alcald\u00eda de Medell\u00edn hay padres, madres, hijas e hijos enfrentando desaf\u00edos silenciosos.<\/p>\n<p>Es tambi\u00e9n una muestra de c\u00f3mo el amor, la perseverancia y el acompa\u00f1amiento institucional pueden marcar la diferencia en la vida de quienes conviven con enfermedades hu\u00e9rfanas o con otros padecimientos de salud.<\/p>\n","protected":false},"excerpt":{"rendered":"<p>Cuando a Luciana le diagnosticaron el s\u00edndrome Aicardi-Gouti\u00e8res tipo 5, los m\u00e9dicos le dieron una expectativa de vida de apenas cinco a\u00f1os. Hoy, con siete, su historia sigue escribi\u00e9ndose d\u00eda a d\u00eda, sostenida por el &#8230;<\/p>\n","protected":false},"author":17,"featured_media":525217,"comment_status":"open","ping_status":"open","sticky":false,"template":"","format":"standard","meta":[],"categories":[531,14],"tags":[447],"formato_nota":[],"programas_tax":[],"acf":[],"_links":{"self":[{"href":"https:\/\/www.medellin.gov.co\/es\/wp-json\/wp\/v2\/posts\/525216"}],"collection":[{"href":"https:\/\/www.medellin.gov.co\/es\/wp-json\/wp\/v2\/posts"}],"about":[{"href":"https:\/\/www.medellin.gov.co\/es\/wp-json\/wp\/v2\/types\/post"}],"author":[{"embeddable":true,"href":"https:\/\/www.medellin.gov.co\/es\/wp-json\/wp\/v2\/users\/17"}],"replies":[{"embeddable":true,"href":"https:\/\/www.medellin.gov.co\/es\/wp-json\/wp\/v2\/comments?post=525216"}],"version-history":[{"count":4,"href":"https:\/\/www.medellin.gov.co\/es\/wp-json\/wp\/v2\/posts\/525216\/revisions"}],"predecessor-version":[{"id":525267,"href":"https:\/\/www.medellin.gov.co\/es\/wp-json\/wp\/v2\/posts\/525216\/revisions\/525267"}],"wp:featuredmedia":[{"embeddable":true,"href":"https:\/\/www.medellin.gov.co\/es\/wp-json\/wp\/v2\/media\/525217"}],"wp:attachment":[{"href":"https:\/\/www.medellin.gov.co\/es\/wp-json\/wp\/v2\/media?parent=525216"}],"wp:term":[{"taxonomy":"category","embeddable":true,"href":"https:\/\/www.medellin.gov.co\/es\/wp-json\/wp\/v2\/categories?post=525216"},{"taxonomy":"post_tag","embeddable":true,"href":"https:\/\/www.medellin.gov.co\/es\/wp-json\/wp\/v2\/tags?post=525216"},{"taxonomy":"formato_nota","embeddable":true,"href":"https:\/\/www.medellin.gov.co\/es\/wp-json\/wp\/v2\/formato_nota?post=525216"},{"taxonomy":"programas_tax","embeddable":true,"href":"https:\/\/www.medellin.gov.co\/es\/wp-json\/wp\/v2\/programas_tax?post=525216"}],"curies":[{"name":"wp","href":"https:\/\/api.w.org\/{rel}","templated":true}]}}