{"id":525252,"date":"2026-05-01T11:21:59","date_gmt":"2026-05-01T16:21:59","guid":{"rendered":"https:\/\/www.medellin.gov.co\/es\/?p=525252"},"modified":"2026-05-01T11:21:59","modified_gmt":"2026-05-01T16:21:59","slug":"el-programa-familias-fuertes-y-resilientes-le-apuesta-a-la-salud-mental-de-las-parejas-de-medellin","status":"publish","type":"post","link":"https:\/\/www.medellin.gov.co\/es\/sala-de-prensa\/noticias\/el-programa-familias-fuertes-y-resilientes-le-apuesta-a-la-salud-mental-de-las-parejas-de-medellin\/","title":{"rendered":"El programa Familias Fuertes y Resilientes le apuesta a la salud mental de las parejas de Medell\u00edn"},"content":{"rendered":"<p>M\u00e1s de 300 parejas de la ciudad podr\u00e1n mejorar su salud mental y sus relaciones, en una apuesta del Distrito, a trav\u00e9s del programa Familias Fuertes y Resilientes, en su componente Encuentros de Parejas. La iniciativa ha beneficiado a m\u00e1s de 1.600 personas en el \u00faltimo a\u00f1o, gracias a recursos de Presupuesto Participativo.<\/p>\n<!--[if lt IE 9]><script>document.createElement('audio');<\/script><![endif]-->\n\t<div class=\"wp-playlist wp-audio-playlist wp-playlist-light\">\n\t\t\t<div class=\"wp-playlist-current-item\"><\/div>\n\t\t<audio controls=\"controls\" preload=\"none\" width=\"640\"\n\t\t\t><\/audio>\n\t<div class=\"wp-playlist-next\"><\/div>\n\t<div class=\"wp-playlist-prev\"><\/div>\n\t<noscript>\n\t<ol>\n\t\t<li><a href='https:\/\/www.medellin.gov.co\/es\/wp-content\/uploads\/2026\/05\/programa-Familias-Fuertes-y-Resilientes.mp3'>programa Familias Fuertes y Resilientes<\/a><\/li>\t<\/ol>\n\t<\/noscript>\n\t<script type=\"application\/json\" class=\"wp-playlist-script\">{\"type\":\"audio\",\"tracklist\":true,\"tracknumbers\":true,\"images\":true,\"artists\":true,\"tracks\":[{\"src\":\"https:\\\/\\\/www.medellin.gov.co\\\/es\\\/wp-content\\\/uploads\\\/2026\\\/05\\\/programa-Familias-Fuertes-y-Resilientes.mp3\",\"type\":\"audio\\\/mpeg\",\"title\":\"programa Familias Fuertes y Resilientes\",\"caption\":\"Declaraciones de la subsecretaria (e) de Salud P\\u00fablica, Rita Almanza\",\"description\":\"\\u00abPrograma Familias Fuertes y Resilientes\\u00bb\",\"meta\":{\"genre\":\"Blues\",\"year\":\"2026\",\"length_formatted\":\"1:08\"},\"image\":{\"src\":\"https:\\\/\\\/www.medellin.gov.co\\\/es\\\/wp-includes\\\/images\\\/media\\\/audio.png\",\"width\":48,\"height\":64},\"thumb\":{\"src\":\"https:\\\/\\\/www.medellin.gov.co\\\/es\\\/wp-includes\\\/images\\\/media\\\/audio.png\",\"width\":48,\"height\":64}}]}<\/script>\n<\/div>\n\t\n<p>Esta estrategia de la Secretar\u00eda de Salud responde a una realidad prioritaria: los conflictos de pareja est\u00e1n asociados a cerca del 28 % de los casos de intento de suicidio, lo que evidencia la necesidad de generar espacios de acompa\u00f1amiento, prevenci\u00f3n y fortalecimiento de los v\u00ednculos afectivos.<\/p>\n\n\t\t<style type=\"text\/css\">\n\t\t\t#gallery-1 {\n\t\t\t\tmargin: auto;\n\t\t\t}\n\t\t\t#gallery-1 .gallery-item {\n\t\t\t\tfloat: left;\n\t\t\t\tmargin-top: 10px;\n\t\t\t\ttext-align: center;\n\t\t\t\twidth: 50%;\n\t\t\t}\n\t\t\t#gallery-1 img {\n\t\t\t\tborder: 2px solid #cfcfcf;\n\t\t\t}\n\t\t\t#gallery-1 .gallery-caption {\n\t\t\t\tmargin-left: 0;\n\t\t\t}\n\t\t\t\/* see gallery_shortcode() in wp-includes\/media.php *\/\n\t\t<\/style>\n\t\t<div id='gallery-1' class='gallery galleryid-525252 gallery-columns-2 gallery-size-large'><dl class='gallery-item'>\n\t\t\t<dt class='gallery-icon landscape'>\n\t\t\t\t<a href='https:\/\/www.medellin.gov.co\/es\/sala-de-prensa\/noticias\/el-programa-familias-fuertes-y-resilientes-le-apuesta-a-la-salud-mental-de-las-parejas-de-medellin\/programa_familias_fuertes_resilientes-1\/'><img width=\"1024\" height=\"778\" src=\"https:\/\/www.medellin.gov.co\/es\/wp-content\/uploads\/2026\/05\/Programa_Familias_Fuertes_Resilientes-1-1024x778.jpg\" class=\"attachment-large size-large\" alt=\"\" loading=\"lazy\" aria-describedby=\"gallery-1-525255\" srcset=\"https:\/\/www.medellin.gov.co\/es\/wp-content\/uploads\/2026\/05\/Programa_Familias_Fuertes_Resilientes-1-1024x778.jpg 1024w, https:\/\/www.medellin.gov.co\/es\/wp-content\/uploads\/2026\/05\/Programa_Familias_Fuertes_Resilientes-1-300x228.jpg 300w, https:\/\/www.medellin.gov.co\/es\/wp-content\/uploads\/2026\/05\/Programa_Familias_Fuertes_Resilientes-1-150x114.jpg 150w, https:\/\/www.medellin.gov.co\/es\/wp-content\/uploads\/2026\/05\/Programa_Familias_Fuertes_Resilientes-1-768x584.jpg 768w, https:\/\/www.medellin.gov.co\/es\/wp-content\/uploads\/2026\/05\/Programa_Familias_Fuertes_Resilientes-1.jpg 1320w\" sizes=\"(max-width: 1024px) 100vw, 1024px\" \/><\/a>\n\t\t\t<\/dt>\n\t\t\t\t<dd class='wp-caption-text gallery-caption' id='gallery-1-525255'>\n\t\t\t\tPrograma Familias Fuertes y Resilientes \n\t\t\t\t<\/dd><\/dl><dl class='gallery-item'>\n\t\t\t<dt class='gallery-icon landscape'>\n\t\t\t\t<a href='https:\/\/www.medellin.gov.co\/es\/sala-de-prensa\/noticias\/el-programa-familias-fuertes-y-resilientes-le-apuesta-a-la-salud-mental-de-las-parejas-de-medellin\/programa_familias_fuertes_resilientes-3\/'><img width=\"1024\" height=\"762\" src=\"https:\/\/www.medellin.gov.co\/es\/wp-content\/uploads\/2026\/05\/Programa_Familias_Fuertes_Resilientes-3-1024x762.jpg\" class=\"attachment-large size-large\" alt=\"Programa Familias Fuertes y Resilientes\" loading=\"lazy\" aria-describedby=\"gallery-1-525259\" srcset=\"https:\/\/www.medellin.gov.co\/es\/wp-content\/uploads\/2026\/05\/Programa_Familias_Fuertes_Resilientes-3-1024x762.jpg 1024w, https:\/\/www.medellin.gov.co\/es\/wp-content\/uploads\/2026\/05\/Programa_Familias_Fuertes_Resilientes-3-300x223.jpg 300w, https:\/\/www.medellin.gov.co\/es\/wp-content\/uploads\/2026\/05\/Programa_Familias_Fuertes_Resilientes-3-150x112.jpg 150w, https:\/\/www.medellin.gov.co\/es\/wp-content\/uploads\/2026\/05\/Programa_Familias_Fuertes_Resilientes-3-768x571.jpg 768w, https:\/\/www.medellin.gov.co\/es\/wp-content\/uploads\/2026\/05\/Programa_Familias_Fuertes_Resilientes-3.jpg 1320w\" sizes=\"(max-width: 1024px) 100vw, 1024px\" \/><\/a>\n\t\t\t<\/dt>\n\t\t\t\t<dd class='wp-caption-text gallery-caption' id='gallery-1-525259'>\n\t\t\t\tPrograma Familias Fuertes y Resilientes \n\t\t\t\t<\/dd><\/dl><br style=\"clear: both\" \/>\n\t\t<\/div>\n\n<p>Las jornadas, que ya iniciaron en Piedras Blancas, se desarrollan durante varios fines de semana con encuentros de siete horas, en los que se ofrecen herramientas para el di\u00e1logo, la gesti\u00f3n de las emociones, la resoluci\u00f3n de conflictos y la construcci\u00f3n de acuerdos.<\/p>\n<p>Los interesados pueden ingresar a <a href=\"https:\/\/fundacol.org\/\">https:\/\/fundacol.org\/<\/a>, seleccionar su comuna e inscribirse o acercarse a su agente primario para recibir orientaci\u00f3n.<\/p>\n","protected":false},"excerpt":{"rendered":"<p>M\u00e1s de 300 parejas de la ciudad podr\u00e1n mejorar su salud mental y sus relaciones, en una apuesta del Distrito, a trav\u00e9s del programa Familias Fuertes y Resilientes, en su componente Encuentros de Parejas. La &#8230;<\/p>\n","protected":false},"author":17,"featured_media":525257,"comment_status":"open","ping_status":"open","sticky":false,"template":"","format":"standard","meta":[],"categories":[18],"tags":[452],"formato_nota":[],"programas_tax":[],"acf":[],"_links":{"self":[{"href":"https:\/\/www.medellin.gov.co\/es\/wp-json\/wp\/v2\/posts\/525252"}],"collection":[{"href":"https:\/\/www.medellin.gov.co\/es\/wp-json\/wp\/v2\/posts"}],"about":[{"href":"https:\/\/www.medellin.gov.co\/es\/wp-json\/wp\/v2\/types\/post"}],"author":[{"embeddable":true,"href":"https:\/\/www.medellin.gov.co\/es\/wp-json\/wp\/v2\/users\/17"}],"replies":[{"embeddable":true,"href":"https:\/\/www.medellin.gov.co\/es\/wp-json\/wp\/v2\/comments?post=525252"}],"version-history":[{"count":1,"href":"https:\/\/www.medellin.gov.co\/es\/wp-json\/wp\/v2\/posts\/525252\/revisions"}],"predecessor-version":[{"id":525260,"href":"https:\/\/www.medellin.gov.co\/es\/wp-json\/wp\/v2\/posts\/525252\/revisions\/525260"}],"wp:featuredmedia":[{"embeddable":true,"href":"https:\/\/www.medellin.gov.co\/es\/wp-json\/wp\/v2\/media\/525257"}],"wp:attachment":[{"href":"https:\/\/www.medellin.gov.co\/es\/wp-json\/wp\/v2\/media?parent=525252"}],"wp:term":[{"taxonomy":"category","embeddable":true,"href":"https:\/\/www.medellin.gov.co\/es\/wp-json\/wp\/v2\/categories?post=525252"},{"taxonomy":"post_tag","embeddable":true,"href":"https:\/\/www.medellin.gov.co\/es\/wp-json\/wp\/v2\/tags?post=525252"},{"taxonomy":"formato_nota","embeddable":true,"href":"https:\/\/www.medellin.gov.co\/es\/wp-json\/wp\/v2\/formato_nota?post=525252"},{"taxonomy":"programas_tax","embeddable":true,"href":"https:\/\/www.medellin.gov.co\/es\/wp-json\/wp\/v2\/programas_tax?post=525252"}],"curies":[{"name":"wp","href":"https:\/\/api.w.org\/{rel}","templated":true}]}}