{"id":52557,"date":"2021-12-01T00:00:00","date_gmt":"2021-12-01T05:00:00","guid":{"rendered":"https:\/\/www.medellin.gov.co\/es\/saladeprensa\/noticias\/bomberos-de-cinco-estaciones-atendieron-emergencias-provocadas-por-las-lluvias-en-el-noroccidente-de-medellin\/"},"modified":"2022-03-27T21:57:07","modified_gmt":"2022-03-28T02:57:07","slug":"bomberos-de-cinco-estaciones-atendieron-emergencias-provocadas-por-las-lluvias-en-el-noroccidente-de-medellin","status":"publish","type":"post","link":"https:\/\/www.medellin.gov.co\/es\/sala-de-prensa\/noticias\/bomberos-de-cinco-estaciones-atendieron-emergencias-provocadas-por-las-lluvias-en-el-noroccidente-de-medellin\/","title":{"rendered":"Bomberos de cinco estaciones atendieron emergencias provocadas por las lluvias en el noroccidente de Medell\u00edn"},"content":{"rendered":"<p><span style=\"vertical-align: inherit;\"><span style=\"vertical-align: inherit;\"><\/p>\n<div class=\"wrap contenido\">\n<div class=\"noticia\">\n<div class=\"imagen\">\n<div class=\"divContImageNoticia input_plantilla input_background\" data-input=\"fotografia\" ruta=\"\/galerias\/Imagenes\/Galer\u00eda d\u00eda a d\u00eda 2021\/500_400\/20211201-Balance-de-Lluvias-1.jpg\" fotografo=\"Foto Alcald\u00eda de Medell\u00edn\" descripcion=\"Bomberos de cinco estaciones atendieron emergencias provocadas por las lluvias en el noroccidente de Medell\u00edn.\" style=\"background-image:url('\/irj\/go\/km\/docs\/galerias\/Imagenes\/Galer\u00eda d\u00eda a d\u00eda 2021\/500_400\/20211201-Balance-de-Lluvias-1.jpg')\"><\/div>\n<p class=\"pMetaDesc\">Foto: Bomberos de cinco estaciones atendieron emergencias provocadas por las lluvias en el noroccidente de Medell\u00edn.<\/p>\n<p class=\"pMetaFotografo\">Fot\u00f3grafo: Foto Alcald\u00eda de Medell\u00edn<\/p>\n<\/div>\n<p class=\"fecha\"><span class=\"input_plantilla input_text\" data-input=\"fecha\">2021-12-01<\/span><\/p>\n<p><span itemprop=\"name\" class=\"input_plantilla input_text\" data-input=\"titulo\">Bomberos de cinco estaciones atendieron emergencias provocadas por las lluvias en el noroccidente de Medell\u00edn<\/span><\/p>\n<h5 class=\"input_plantilla input_text\" data-input=\"autor\">Por Wilmar Giraldo Bedoya<\/h5>\n<div class=\"cuerpo input_plantilla input_area\" data-input=\"contenido\">\n<p>.: El balance preliminar es de 70 familias afectadas en Castilla, Doce de Octubre y Robledo, y los corregimientos San Crist\u00f3bal y San Sebasti\u00e1n de Palmitas.<\/p>\n<p>.: Fue instalado un Puesto de Comando en Bomberos Doce de Octubre para coordinar la atenci\u00f3n a los damnificados.<\/p>\n<p>.: El Sistema de Alertas Tempranas (SIATA) report\u00f3 que las lluvias fueron de alta intensidad; el nivel de riesgo de las quebradas La Iguan\u00e1 y Mal Paso subi\u00f3 a rojo y naranja.&nbsp;<\/p>\n<p><a href=\"\/irj\/go\/km\/docs\/etc\/PortalMedellin\/archivos\/gestion_del_riesgo\/20211201-Balance-de-Lluvias-01.mp3\" class=\"aContEnlace liMp3\" download=\"\" data-mce-href=\"\/irj\/go\/km\/docs\/etc\/PortalMedellin\/archivos\/gestion_del_riesgo\/20211201-Balance-de-Lluvias-01.mp3\"><span>Palabras de Laura Duarte Osorio, directora (e) del DAGRD.<\/span><span><\/span><span>1432 Kb<\/span><\/a><\/p>\n<p>La Alcald\u00eda de Medell\u00edn dispuso de un Puesto de Comando (PC), ubicado en la estaci\u00f3n de Bomberos del Doce de Octubre, para atender a las personas afectadas por las intensas lluvias que cayeron durante la noche del 30 de noviembre y la madrugada de este primero de diciembre sobre el noroccidente de la ciudad y que provocaron el ingreso de 1.100 llamadas a la l\u00ednea \u00fanica de emergencias 123, de esas, 950 estaban relacionadas con las precipitaciones.<\/p>\n<p>Las lluvias fueron calificadas por el Sistema de Alertas Tempranas de Medell\u00edn y el Valle de Aburr\u00e1 (SIATA) como de alta intensidad y provocaron el desbordamiento de afluentes e inundaciones de viviendas en las comuna 5 -Castilla, 6 -Doce de Octubre, 7 &#8211; Robledo y en el corregimiento San Sebasti\u00e1n de Palmitas, y desplomes de algunas estructuras en el corregimiento de San Crist\u00f3bal.<\/p>\n<p>Las quebradas La Iguan\u00e1 y Mal Paso pasaron a un nivel de riesgo rojo y naranja respectivamente.<\/p>\n<p><a data-mce-href=\"\/irj\/go\/km\/docs\/galerias\/Imagenes\/Galer%C3%ADa%20d%C3%ADa%20a%20d%C3%ADa%202021\/20211201-Balance-de-Lluvias-2.jpg\" href=\"\/irj\/go\/km\/docs\/galerias\/Imagenes\/Galer%C3%ADa%20d%C3%ADa%20a%20d%C3%ADa%202021\/20211201-Balance-de-Lluvias-2.jpg\" title=\"Bomberos de cinco estaciones atendieron emergencias provocadas por las lluvias en el noroccidente de Medell\u00edn\" target=\"_blank\" rel=\"noopener\"><img src=\"\/irj\/go\/km\/docs\/galerias\/Imagenes\/Galer%C3%ADa%20d%C3%ADa%20a%20d%C3%ADa%202021\/1000_450\/20211201-Balance-de-Lluvias-2.jpg\" alt=\"Bomberos de cinco estaciones atendieron emergencias provocadas por las lluvias en el noroccidente de Medell\u00edn\" width=\"100%\"><\/a><br data-mce-bogus=\"1\"><\/p>\n<p>\u201c<em>En la carrera 81 con calle 79, en la comuna Robledo, el Cuerpo Oficial de Bomberos Medell\u00edn ayud\u00f3 a rescatar a 36 personas que se encontraban atrapadas en tres buses. Haciendo maniobras con cuerdas, los bomberos ayudaron a que estas personas quedar\u00e1n a salvo<\/em>\u201d, destac\u00f3 Laura Duarte Osorio, directora (e) del Departamento Administrativo de Gesti\u00f3n del Riesgo de Desastres (DAGRD).<\/p>\n<p>Las unidades bomberiles tambi\u00e9n rescataron a tres ni\u00f1os que hab\u00edan quedado atrapados en un s\u00f3tano durante el aguacero.<\/p>\n<p>En las veredas La Loma y Los Mandarinos, en el corregimiento de San Crist\u00f3bal, atendieron el colapso de tres estructuras, hecho que dej\u00f3 tres personas con lesiones leves.<\/p>\n<p>Estos hechos fueron atendidos por tripulaciones de las estaciones de Bomberos de Guayabal, Caribe, Doce de Octubre, La Floresta y Buenos Aires, que son cinco de las ocho que tiene la ciudad. Las de Libertadores, Campo Vald\u00e9s y San Antonio de Prado quedaron resguardadas moment\u00e1neamente para atender otras posibles contingencias.<\/p>\n<p>El balance preliminar es de 70 familias afectadas, sin embargo, la comisi\u00f3n social realizar\u00e1 un censo de los damnificados para evaluar las ayudas y posibles auxilios habitacionales temporales a entregar de parte de la Administraci\u00f3n Municipal.<\/p>\n<p>Adem\u00e1s, la Secretar\u00eda de Medio Ambiente ya activ\u00f3 cuadrillas de trabajadores para, en conjunto con Emvarias, realizar la limpieza de las zonas afectadas.<\/p>\n<p>Durante la atenci\u00f3n a los llamados de emergencia, organismos de socorro como la Defensa Civil, Cruz Roja y Grupo de Rescate Garsa brindaron acompa\u00f1amiento con 25 socorristas, con herramientas y equipos livianos.<\/p>\n<\/div>\n<div class=\"compartir\">Compartir en:<a title=\"\" href=\"http:\/\/www.facebook.com\/share.php?u=\" class=\"btCompartirFacebook btCompartir\" target=\"_blank\" rel=\"noopener\"><\/a><a title=\"\" href=\"http:\/\/twitter.com\/home?status=Haz%20clic%20para%20ver%20esta%20noticia%20en%20\" class=\"btCompartirTwitter btCompartir\"><\/a><a title=\"\" href=\"whatsapp:\/\/send?text=Haz%20clic%20para%20ver%20esta%20noticia%20en%20\" class=\"btCompartirWa btCompartir\"><\/a><\/div>\n<\/div>\n<p><script>try{comprobarImagen();fixBtnRedes();hitsMedellin();}catch(e){}<\/script><\/div>\n<p><\/span><\/span><\/p>\n","protected":false},"excerpt":{"rendered":"<p>Foto: Bomberos de cinco estaciones atendieron emergencias provocadas por las lluvias en el noroccidente de Medell\u00edn. Fot\u00f3grafo: Foto Alcald\u00eda de Medell\u00edn 2021-12-01 Bomberos de cinco estaciones atendieron emergencias provocadas por las lluvias en el noroccidente &#8230;<\/p>\n","protected":false},"author":1,"featured_media":57036,"comment_status":"open","ping_status":"open","sticky":false,"template":"","format":"standard","meta":[],"categories":[30],"tags":[435,436,455],"formato_nota":[],"programas_tax":[],"acf":[],"_links":{"self":[{"href":"https:\/\/www.medellin.gov.co\/es\/wp-json\/wp\/v2\/posts\/52557"}],"collection":[{"href":"https:\/\/www.medellin.gov.co\/es\/wp-json\/wp\/v2\/posts"}],"about":[{"href":"https:\/\/www.medellin.gov.co\/es\/wp-json\/wp\/v2\/types\/post"}],"author":[{"embeddable":true,"href":"https:\/\/www.medellin.gov.co\/es\/wp-json\/wp\/v2\/users\/1"}],"replies":[{"embeddable":true,"href":"https:\/\/www.medellin.gov.co\/es\/wp-json\/wp\/v2\/comments?post=52557"}],"version-history":[{"count":1,"href":"https:\/\/www.medellin.gov.co\/es\/wp-json\/wp\/v2\/posts\/52557\/revisions"}],"predecessor-version":[{"id":53880,"href":"https:\/\/www.medellin.gov.co\/es\/wp-json\/wp\/v2\/posts\/52557\/revisions\/53880"}],"wp:featuredmedia":[{"embeddable":true,"href":"https:\/\/www.medellin.gov.co\/es\/wp-json\/wp\/v2\/media\/57036"}],"wp:attachment":[{"href":"https:\/\/www.medellin.gov.co\/es\/wp-json\/wp\/v2\/media?parent=52557"}],"wp:term":[{"taxonomy":"category","embeddable":true,"href":"https:\/\/www.medellin.gov.co\/es\/wp-json\/wp\/v2\/categories?post=52557"},{"taxonomy":"post_tag","embeddable":true,"href":"https:\/\/www.medellin.gov.co\/es\/wp-json\/wp\/v2\/tags?post=52557"},{"taxonomy":"formato_nota","embeddable":true,"href":"https:\/\/www.medellin.gov.co\/es\/wp-json\/wp\/v2\/formato_nota?post=52557"},{"taxonomy":"programas_tax","embeddable":true,"href":"https:\/\/www.medellin.gov.co\/es\/wp-json\/wp\/v2\/programas_tax?post=52557"}],"curies":[{"name":"wp","href":"https:\/\/api.w.org\/{rel}","templated":true}]}}