{"id":52561,"date":"2021-12-01T00:00:00","date_gmt":"2021-12-01T05:00:00","guid":{"rendered":"https:\/\/www.medellin.gov.co\/es\/saladeprensa\/noticias\/con-una-concurrida-jornada-deportiva-y-de-actividad-fisica-se-le-dio-una-bienvenida-diferente-a-la-navidad\/"},"modified":"2022-04-21T12:20:42","modified_gmt":"2022-04-21T17:20:42","slug":"con-una-concurrida-jornada-deportiva-y-de-actividad-fisica-se-le-dio-una-bienvenida-diferente-a-la-navidad","status":"publish","type":"post","link":"https:\/\/www.medellin.gov.co\/es\/sala-de-prensa\/noticias\/con-una-concurrida-jornada-deportiva-y-de-actividad-fisica-se-le-dio-una-bienvenida-diferente-a-la-navidad\/","title":{"rendered":"Con una concurrida jornada deportiva y de actividad f\u00edsica se le dio una bienvenida diferente a la Navidad"},"content":{"rendered":"<p><span style=\"vertical-align: inherit;\"><span style=\"vertical-align: inherit;\"><\/p>\n<div class=\"wrap contenido\">\n<div class=\"noticia\">\n<div class=\"imagen\">\n<div class=\"divContImageNoticia input_plantilla input_background\" data-input=\"fotografia\" ruta=\"\/galerias\/Imagenes\/Galer\u00eda d\u00eda a d\u00eda 2021\/500_400\/20211201-Actividad-Fisica-1.jpg\" fotografo=\"Foto Alcald\u00eda de Medell\u00edn\" descripcion=\"Con una concurrida jornada deportiva y de actividad f\u00edsica se le dio una bienvenida diferente a la Navidad.\" style=\"background-image:url('\/irj\/go\/km\/docs\/galerias\/Imagenes\/Galer\u00eda d\u00eda a d\u00eda 2021\/500_400\/20211201-Actividad-Fisica-1.jpg')\"><\/div>\n<p class=\"pMetaDesc\">Foto: Con una concurrida jornada deportiva y de actividad f\u00edsica se le dio una bienvenida diferente a la Navidad.<\/p>\n<p class=\"pMetaFotografo\">Fot\u00f3grafo: Foto Alcald\u00eda de Medell\u00edn<\/p>\n<\/div>\n<p class=\"fecha\"><span class=\"input_plantilla input_text\" data-input=\"fecha\">2021-12-01<\/span><\/p>\n<p><span itemprop=\"name\" class=\"input_plantilla input_text\" data-input=\"titulo\">Con una concurrida jornada deportiva y de actividad f\u00edsica se le dio una bienvenida diferente a la Navidad<\/span><\/p>\n<h5 class=\"input_plantilla input_text\" data-input=\"autor\">Por Diego Giraldo Parra<\/h5>\n<div class=\"cuerpo input_plantilla input_area\" data-input=\"contenido\">\n<p>.: M\u00e1s de seis horas de actividades hicieron parte de la programaci\u00f3n que organiz\u00f3 el INDER Medell\u00edn en el evento Navidad Deportiva.<\/p>\n<p>.: Durante la jornada, que se extendi\u00f3 hasta la madrugada del 1 de diciembre, se sumaron los municipios que hacen parte de la Mesa G10+ del Deporte.<\/p>\n<p><a href=\"\/irj\/go\/km\/docs\/etc\/PortalMedellin\/archivos\/nuestro_gobierno\/20211201-Actividad-Fisica-01.mp3\" class=\"aContEnlace liMp3\" download=\"\" data-mce-href=\"\/irj\/go\/km\/docs\/etc\/PortalMedellin\/archivos\/nuestro_gobierno\/20211201-Actividad-Fisica-01.mp3\"><span>Palabras de Isabela Luna, subdirectora de Fomento Deportivo del Inder.<\/span><span><\/span><span>1295 Kb<\/span><\/a><\/p>\n<p><a href=\"\/irj\/go\/km\/docs\/etc\/PortalMedellin\/archivos\/nuestro_gobierno\/20211201-Actividad-Fisica-02.mp3\" class=\"aContEnlace liMp3\" download=\"\" data-mce-href=\"\/irj\/go\/km\/docs\/etc\/PortalMedellin\/archivos\/nuestro_gobierno\/20211201-Actividad-Fisica-02.mp3\"><span>Palabras de Juliana Cano, deportista.<\/span><span><\/span><span>868 Kb<\/span><\/a><\/p>\n<p>Medell\u00edn recibi\u00f3 la Navidad de una manera diferente: con clases de rumba, aer\u00f3bicos, tono, bike-step y actividades recreativas. La propuesta hace parte de una estrategia de la Mesa G10+ del Deporte que lidera la Alcald\u00eda de Medell\u00edn, denominada Navidad Deportiva. El prop\u00f3sito era incentivar entre los ciudadanos h\u00e1bitos de celebraci\u00f3n diferentes en esta \u00e9poca del a\u00f1o, sin p\u00f3lvora y apelando a la responsabilidad e integraci\u00f3n familiar.<\/p>\n<p>La jornada tuvo lugar en la unidad deportiva Atanasio Girardot, que se llen\u00f3 de alegr\u00eda y mucho movimiento.<\/p>\n<p>\u201c<em>Es una actividad que es primera vez que se hace en la ciudad de Medell\u00edn y es una apuesta en com\u00fan. Lo que queremos es seguir viviendo la Navidad de una forma diferente, que evitemos tanta poblaci\u00f3n quemada; el objetivo es recibir diciembre con tranquilidad y en paz<\/em>\u201d, expres\u00f3 la subdirectora de Fomento del INDER Medell\u00edn, Isabela Luna.<\/p>\n<p><a data-mce-href=\"\/irj\/go\/km\/docs\/galerias\/Imagenes\/Galer%C3%ADa%20d%C3%ADa%20a%20d%C3%ADa%202021\/20211201-Actividad-Fisica-2.JPG\" href=\"\/irj\/go\/km\/docs\/galerias\/Imagenes\/Galer%C3%ADa%20d%C3%ADa%20a%20d%C3%ADa%202021\/20211201-Actividad-Fisica-2.JPG\" title=\" Con una concurrida jornada deportiva y de actividad f\u00edsica se le dio una bienvenida diferente a la Navidad\" target=\"_blank\" rel=\"noopener\"><img src=\"\/irj\/go\/km\/docs\/galerias\/Imagenes\/Galer%C3%ADa%20d%C3%ADa%20a%20d%C3%ADa%202021\/1000_450\/20211201-Actividad-Fisica-2.jpg\" alt=\" Con una concurrida jornada deportiva y de actividad f\u00edsica se le dio una bienvenida diferente a la Navidad\" width=\"100%\"><\/a><br data-mce-bogus=\"1\"><\/p>\n<p>Juliana Cano lleg\u00f3 desde el barrio Los Colores y se le vio muy activa durante la clase de bike-step. Como ella, m\u00e1s de 200 personas disfrutaron de todas las actividades que se desarrollaron en la Plazoleta Suramericana. El INDER Medell\u00edn ofrece, de manera regular, clases de actividad f\u00edsica en toda la ciudad con la estrategia Puntos Activos, de la que hacen parte m\u00e1s de 9.100 personas en 385 grupos.<\/p>\n<p>\u201c<em>No es recibir diciembre tirando p\u00f3lvora, sino haciendo ejercicio y sinti\u00e9ndonos muy saludables. Me encanta que la Alcald\u00eda promueva estos espacios que nos permiten sentirnos m\u00e1s saludables f\u00edsica y mentalmente<\/em>\u201d, expres\u00f3 la deportista.<\/p>\n<p>La Navidad Deportiva, adem\u00e1s, se extendi\u00f3 a los dem\u00e1s municipios que hacen parte de la Mesa G10+ del Deporte: los diez del Valle de Aburr\u00e1 m\u00e1s Guarne y Guatap\u00e9.<\/p>\n<\/div>\n<div class=\"compartir\">Compartir en:<a title=\"\" href=\"http:\/\/www.facebook.com\/share.php?u=\" class=\"btCompartirFacebook btCompartir\" target=\"_blank\" rel=\"noopener\"><\/a><a title=\"\" href=\"http:\/\/twitter.com\/home?status=Haz%20clic%20para%20ver%20esta%20noticia%20en%20\" class=\"btCompartirTwitter btCompartir\"><\/a><a title=\"\" href=\"whatsapp:\/\/send?text=Haz%20clic%20para%20ver%20esta%20noticia%20en%20\" class=\"btCompartirWa btCompartir\"><\/a><\/div>\n<\/div>\n<p><script>try{comprobarImagen();fixBtnRedes();hitsMedellin();}catch(e){}<\/script><\/div>\n<p><\/span><\/span><\/p>\n","protected":false},"excerpt":{"rendered":"<p>Foto: Con una concurrida jornada deportiva y de actividad f\u00edsica se le dio una bienvenida diferente a la Navidad. Fot\u00f3grafo: Foto Alcald\u00eda de Medell\u00edn 2021-12-01 Con una concurrida jornada deportiva y de actividad f\u00edsica se &#8230;<\/p>\n","protected":false},"author":1,"featured_media":57038,"comment_status":"open","ping_status":"open","sticky":false,"template":"","format":"standard","meta":[],"categories":[16,17],"tags":[444,455,450],"formato_nota":[],"programas_tax":[],"acf":[],"_links":{"self":[{"href":"https:\/\/www.medellin.gov.co\/es\/wp-json\/wp\/v2\/posts\/52561"}],"collection":[{"href":"https:\/\/www.medellin.gov.co\/es\/wp-json\/wp\/v2\/posts"}],"about":[{"href":"https:\/\/www.medellin.gov.co\/es\/wp-json\/wp\/v2\/types\/post"}],"author":[{"embeddable":true,"href":"https:\/\/www.medellin.gov.co\/es\/wp-json\/wp\/v2\/users\/1"}],"replies":[{"embeddable":true,"href":"https:\/\/www.medellin.gov.co\/es\/wp-json\/wp\/v2\/comments?post=52561"}],"version-history":[{"count":2,"href":"https:\/\/www.medellin.gov.co\/es\/wp-json\/wp\/v2\/posts\/52561\/revisions"}],"predecessor-version":[{"id":63747,"href":"https:\/\/www.medellin.gov.co\/es\/wp-json\/wp\/v2\/posts\/52561\/revisions\/63747"}],"wp:featuredmedia":[{"embeddable":true,"href":"https:\/\/www.medellin.gov.co\/es\/wp-json\/wp\/v2\/media\/57038"}],"wp:attachment":[{"href":"https:\/\/www.medellin.gov.co\/es\/wp-json\/wp\/v2\/media?parent=52561"}],"wp:term":[{"taxonomy":"category","embeddable":true,"href":"https:\/\/www.medellin.gov.co\/es\/wp-json\/wp\/v2\/categories?post=52561"},{"taxonomy":"post_tag","embeddable":true,"href":"https:\/\/www.medellin.gov.co\/es\/wp-json\/wp\/v2\/tags?post=52561"},{"taxonomy":"formato_nota","embeddable":true,"href":"https:\/\/www.medellin.gov.co\/es\/wp-json\/wp\/v2\/formato_nota?post=52561"},{"taxonomy":"programas_tax","embeddable":true,"href":"https:\/\/www.medellin.gov.co\/es\/wp-json\/wp\/v2\/programas_tax?post=52561"}],"curies":[{"name":"wp","href":"https:\/\/api.w.org\/{rel}","templated":true}]}}