{"id":52563,"date":"2021-12-02T00:00:00","date_gmt":"2021-12-02T05:00:00","guid":{"rendered":"https:\/\/www.medellin.gov.co\/es\/saladeprensa\/noticias\/en-medellin-fue-atendido-un-incidente-provocado-por-polvora-y-tres-personas-sufrieron-quemaduras-en-la-llegada-de-diciembre\/"},"modified":"2022-03-27T21:57:10","modified_gmt":"2022-03-28T02:57:10","slug":"en-medellin-fue-atendido-un-incidente-provocado-por-polvora-y-tres-personas-sufrieron-quemaduras-en-la-llegada-de-diciembre","status":"publish","type":"post","link":"https:\/\/www.medellin.gov.co\/es\/sala-de-prensa\/noticias\/en-medellin-fue-atendido-un-incidente-provocado-por-polvora-y-tres-personas-sufrieron-quemaduras-en-la-llegada-de-diciembre\/","title":{"rendered":"En Medell\u00edn fue atendido un incidente provocado por p\u00f3lvora y tres personas sufrieron quemaduras en la llegada de diciembre"},"content":{"rendered":"<p><span style=\"vertical-align: inherit;\"><span style=\"vertical-align: inherit;\"><\/p>\n<div class=\"wrap contenido\">\n<div class=\"noticia\">\n<div class=\"imagen\">\n<div class=\"divContImageNoticia input_plantilla input_background\" data-input=\"fotografia\" ruta=\"\/galerias\/Imagenes\/Galer\u00eda d\u00eda a d\u00eda 2021\/500_400\/20211130-multas-navidad-2.jpg\" fotografo=\"Foto Alcald\u00eda de Medelll\u00edn\" descripcion=\"Con multas de hasta un mill\u00f3n de pesos ser\u00e1n sancionados quienes fabriquen, distribuyan, comercialicen y usen p\u00f3lvora en Medell\u00edn.\" style=\"background-image:url('\/irj\/go\/km\/docs\/galerias\/Imagenes\/Galer\u00eda d\u00eda a d\u00eda 2021\/500_400\/20211130-multas-navidad-2.jpg')\"><\/div>\n<p class=\"pMetaDesc\">Foto: Con multas de hasta un mill\u00f3n de pesos ser\u00e1n sancionados quienes fabriquen, distribuyan, comercialicen y usen p\u00f3lvora en Medell\u00edn.<\/p>\n<p class=\"pMetaFotografo\">Fot\u00f3grafo: Foto Alcald\u00eda de Medelll\u00edn<\/p>\n<\/div>\n<p class=\"fecha\"><span class=\"input_plantilla input_text\" data-input=\"fecha\">2021-12-02<\/span><\/p>\n<p><span itemprop=\"name\" class=\"input_plantilla input_text\" data-input=\"titulo\">En Medell\u00edn fue atendido un incidente provocado por p\u00f3lvora y tres personas sufrieron quemaduras en la llegada de diciembre<\/span><\/p>\n<h5 class=\"input_plantilla input_text\" data-input=\"autor\">Por M\u00e1bel Hern\u00e1ndez Toro<\/h5>\n<div class=\"cuerpo input_plantilla input_area\" data-input=\"contenido\">\n<p>.: A la red hospitalaria ingresaron tres lesionados por p\u00f3lvora de 18, 19 y 22 a\u00f1os.<\/p>\n<p>.: El a\u00f1o pasado, en esta fecha, se presentaron cinco lesionados por p\u00f3lvora.<\/p>\n<p>.: La Alcald\u00eda de Medell\u00edn reitera el llamado a cuidar y celebrar la vida sin pirotecnia.<\/p>\n<p><a href=\"\/irj\/go\/km\/docs\/etc\/PortalMedellin\/archivos\/salud\/20211201-Alumbrados-Diciembre-01.mp3\" class=\"aContEnlace liMp3\" download=\"\" data-mce-href=\"\/irj\/go\/km\/docs\/etc\/PortalMedellin\/archivos\/salud\/20211201-Alumbrados-Diciembre-01.mp3\"><span>Palabras de Fernando Montes, m\u00e9dico epidemi\u00f3logo de la Secretar\u00eda de Salud.<\/span><span><\/span><span>1059 Kb<\/span><\/a><\/p>\n<p><a href=\"\/irj\/go\/km\/docs\/etc\/PortalMedellin\/archivos\/salud\/20211201-Alumbrados-Diciembre-02.mp3\" class=\"aContEnlace liMp3\" download=\"\" data-mce-href=\"\/irj\/go\/km\/docs\/etc\/PortalMedellin\/archivos\/salud\/20211201-Alumbrados-Diciembre-02.mp3\"><span>Palabras de Juan Guillermo Usma, subcomandante del Cuerpo Oficial de Bomberos Medell\u00edn.<\/span><span><\/span><span>1810 Kb<\/span><\/a><\/p>\n<p>Durante la noche de ayer, 30 de noviembre, y la madrugada de hoy, primero de diciembre, la red hospitalaria de Medell\u00edn recibi\u00f3 tres lesionados por p\u00f3lvora, de 18, 19 y 22 a\u00f1os. Adem\u00e1s, el Cuerpo Oficial de Bomberos atendi\u00f3 un incidente por incendio. La Administraci\u00f3n Municipal reitera un mensaje de concientizaci\u00f3n para que los ciudadanos reemplacen el uso de p\u00f3lvora por momentos en familia y festividades m\u00e1s seguras.<\/p>\n<p>\u201c<em>Estas personas fueron atendidas oportunamente por los servicios de salud, est\u00e1n hospitalizadas en espera de atenci\u00f3n por especialistas, como ortopedia y cirug\u00eda pl\u00e1stica, pero afortunadamente no pusieron en riesgo su vida por las lesiones recibidas. Hacemos un llamado a que celebremos la Navidad y el A\u00f1o Nuevo, a celebrar las fiestas en familia, con alegr\u00eda, disfrutando con optimismo pero sin p\u00f3lvora<\/em>\u201d, dijo el m\u00e9dico epidemi\u00f3logo de la Secretar\u00eda de Salud, Fernando Montes.<\/p>\n<p>El incidente por incendio se present\u00f3 en el corregimiento San Crist\u00f3bal, en donde se control\u00f3 una conflagraci\u00f3n en fase inicial. Este hecho se registr\u00f3 en la Corporaci\u00f3n Calor de Hogar, un espacio de residencia y cuidado de adultos mayores.<\/p>\n<p><a data-mce-href=\"\/irj\/go\/km\/docs\/galerias\/Imagenes\/Galer%C3%ADa%20d%C3%ADa%20a%20d%C3%ADa%202021\/20211201-Alumbrados-Diciembre-2.jpg\" href=\"\/irj\/go\/km\/docs\/galerias\/Imagenes\/Galer%C3%ADa%20d%C3%ADa%20a%20d%C3%ADa%202021\/20211201-Alumbrados-Diciembre-2.jpg\" title=\"En Medell\u00edn fue atendido un incidente provocado por p\u00f3lvora y tres personas sufrieron quemaduras en la llegada de diciembre\" target=\"_blank\" rel=\"noopener\"><img src=\"\/irj\/go\/km\/docs\/galerias\/Imagenes\/Galer%C3%ADa%20d%C3%ADa%20a%20d%C3%ADa%202021\/1000_450\/20211201-Alumbrados-Diciembre-2.jpg\" alt=\"En Medell\u00edn fue atendido un incidente provocado por p\u00f3lvora y tres personas sufrieron quemaduras en la llegada de diciembre\" width=\"100%\" data-mce-src=\"\/irj\/go\/km\/docs\/galerias\/Imagenes\/Galer%C3%ADa%20d%C3%ADa%20a%20d%C3%ADa%202021\/1000_450\/20211201-Alumbrados-Diciembre-2.jpg\"><\/a><\/p>\n<p>\u201c<em>En el Cuerpo Oficial de Bomberos Medell\u00edn insistimos en las recomendaciones para las fiestas de fin de a\u00f1o. Les recordamos a los ciudadanos no manipular p\u00f3lvora ni elevar globos, especial cuidado en el manejo responsable de velas y veladoras, mantenerlas alejadas de las decoraciones y de otros materiales inflamables, tener precauci\u00f3n con el uso de antibacteriales&nbsp; a base de alcohol si se va a manipular fuego o a fumar, tener en cuenta el estado de los cables y electrodom\u00e9sticos que est\u00e1 utilizando para prevenir incendios y no sobrecargar los enchufes el\u00e9ctricos<\/em>\u201d, manifest\u00f3 el subcomandante del Cuerpo Oficial de Bomberos Medell\u00edn, Juan Guillermo Usma.<\/p>\n<p>La Administraci\u00f3n Municipal reitera el llamado a la ciudadan\u00eda para seguir con las medidas de bioseguridad b\u00e1sicas, como el lavado de manos constante, el uso del tapabocas, la desinfecci\u00f3n de los espacios constantemente, el distanciamiento social y la vacunaci\u00f3n oportuna de primera, segunda o tercera dosis. Esto permitir\u00e1 que Medell\u00edn celebre la vida con una Navidad segura y en familia.<\/p>\n<\/div>\n<div class=\"compartir\">Compartir en:<a title=\"\" href=\"http:\/\/www.facebook.com\/share.php?u=\" class=\"btCompartirFacebook btCompartir\" target=\"_blank\" rel=\"noopener\"><\/a><a title=\"\" href=\"http:\/\/twitter.com\/home?status=Haz%20clic%20para%20ver%20esta%20noticia%20en%20\" class=\"btCompartirTwitter btCompartir\"><\/a><a title=\"\" href=\"whatsapp:\/\/send?text=Haz%20clic%20para%20ver%20esta%20noticia%20en%20\" class=\"btCompartirWa btCompartir\"><\/a><\/div>\n<\/div>\n<p><script>try{comprobarImagen();fixBtnRedes();hitsMedellin();}catch(e){}<\/script><\/div>\n<p><\/span><\/span><\/p>\n","protected":false},"excerpt":{"rendered":"<p>Foto: Con multas de hasta un mill\u00f3n de pesos ser\u00e1n sancionados quienes fabriquen, distribuyan, comercialicen y usen p\u00f3lvora en Medell\u00edn. Fot\u00f3grafo: Foto Alcald\u00eda de Medelll\u00edn 2021-12-02 En Medell\u00edn fue atendido un incidente provocado por p\u00f3lvora &#8230;<\/p>\n","protected":false},"author":1,"featured_media":57039,"comment_status":"open","ping_status":"open","sticky":false,"template":"","format":"standard","meta":[],"categories":[18],"tags":[451,435,452],"formato_nota":[],"programas_tax":[],"acf":[],"_links":{"self":[{"href":"https:\/\/www.medellin.gov.co\/es\/wp-json\/wp\/v2\/posts\/52563"}],"collection":[{"href":"https:\/\/www.medellin.gov.co\/es\/wp-json\/wp\/v2\/posts"}],"about":[{"href":"https:\/\/www.medellin.gov.co\/es\/wp-json\/wp\/v2\/types\/post"}],"author":[{"embeddable":true,"href":"https:\/\/www.medellin.gov.co\/es\/wp-json\/wp\/v2\/users\/1"}],"replies":[{"embeddable":true,"href":"https:\/\/www.medellin.gov.co\/es\/wp-json\/wp\/v2\/comments?post=52563"}],"version-history":[{"count":1,"href":"https:\/\/www.medellin.gov.co\/es\/wp-json\/wp\/v2\/posts\/52563\/revisions"}],"predecessor-version":[{"id":53883,"href":"https:\/\/www.medellin.gov.co\/es\/wp-json\/wp\/v2\/posts\/52563\/revisions\/53883"}],"wp:featuredmedia":[{"embeddable":true,"href":"https:\/\/www.medellin.gov.co\/es\/wp-json\/wp\/v2\/media\/57039"}],"wp:attachment":[{"href":"https:\/\/www.medellin.gov.co\/es\/wp-json\/wp\/v2\/media?parent=52563"}],"wp:term":[{"taxonomy":"category","embeddable":true,"href":"https:\/\/www.medellin.gov.co\/es\/wp-json\/wp\/v2\/categories?post=52563"},{"taxonomy":"post_tag","embeddable":true,"href":"https:\/\/www.medellin.gov.co\/es\/wp-json\/wp\/v2\/tags?post=52563"},{"taxonomy":"formato_nota","embeddable":true,"href":"https:\/\/www.medellin.gov.co\/es\/wp-json\/wp\/v2\/formato_nota?post=52563"},{"taxonomy":"programas_tax","embeddable":true,"href":"https:\/\/www.medellin.gov.co\/es\/wp-json\/wp\/v2\/programas_tax?post=52563"}],"curies":[{"name":"wp","href":"https:\/\/api.w.org\/{rel}","templated":true}]}}