{"id":52573,"date":"2021-12-02T00:00:00","date_gmt":"2021-12-02T05:00:00","guid":{"rendered":"https:\/\/www.medellin.gov.co\/es\/saladeprensa\/noticias\/fue-entregada-oficialmente-la-intervencion-artistica-del-puente-de-la-4-sur-que-enaltece-la-tradicion-textilera-de-medellin\/"},"modified":"2022-03-27T21:57:16","modified_gmt":"2022-03-28T02:57:16","slug":"fue-entregada-oficialmente-la-intervencion-artistica-del-puente-de-la-4-sur-que-enaltece-la-tradicion-textilera-de-medellin","status":"publish","type":"post","link":"https:\/\/www.medellin.gov.co\/es\/sala-de-prensa\/noticias\/fue-entregada-oficialmente-la-intervencion-artistica-del-puente-de-la-4-sur-que-enaltece-la-tradicion-textilera-de-medellin\/","title":{"rendered":"Fue entregada oficialmente la intervenci\u00f3n art\u00edstica del Puente de la 4 Sur que enaltece la tradici\u00f3n textilera de Medell\u00edn"},"content":{"rendered":"<p><span style=\"vertical-align: inherit;\"><span style=\"vertical-align: inherit;\"><\/p>\n<div class=\"wrap contenido\">\n<div class=\"noticia\">\n<div class=\"imagen\">\n<div class=\"divContImageNoticia input_plantilla input_background\" data-input=\"fotografia\" ruta=\"\/galerias\/Imagenes\/Galer\u00eda d\u00eda a d\u00eda 2021\/500_400\/20211202-Puente-Cuatro-Sur-1.jpg\" fotografo=\"Foto Alcald\u00eda de Medell\u00edn\" descripcion=\"Fue entregada oficialmente la intervenci\u00f3n art\u00edstica del Puente de la 4 Sur que enaltece la tradici\u00f3n textilera de Medell\u00edn.\" style=\"background-image:url('\/irj\/go\/km\/docs\/galerias\/Imagenes\/Galer\u00eda d\u00eda a d\u00eda 2021\/500_400\/20211202-Puente-Cuatro-Sur-1.jpg')\"><\/div>\n<p class=\"pMetaDesc\">Foto: Fue entregada oficialmente la intervenci\u00f3n art\u00edstica del Puente de la 4 Sur que enaltece la tradici\u00f3n textilera de Medell\u00edn.<\/p>\n<p class=\"pMetaFotografo\">Fot\u00f3grafo: Foto Alcald\u00eda de Medell\u00edn<\/p>\n<\/div>\n<p class=\"fecha\"><span class=\"input_plantilla input_text\" data-input=\"fecha\">2021-12-02<\/span><\/p>\n<p><span itemprop=\"name\" class=\"input_plantilla input_text\" data-input=\"titulo\">Fue entregada oficialmente la intervenci\u00f3n art\u00edstica del Puente de la 4 Sur que enaltece la tradici\u00f3n textilera de Medell\u00edn<\/span><\/p>\n<h5 class=\"input_plantilla input_text\" data-input=\"autor\">Por Aldemar Echavarr\u00eda<\/h5>\n<div class=\"cuerpo input_plantilla input_area\" data-input=\"contenido\">\n<p>.: Se intervinieron 1.166 metros cuadrados y 2.015 metros lineales con la participaci\u00f3n de seis artistas urbanos.<\/p>\n<p>.: La renovaci\u00f3n pict\u00f3rica en el puente desarroll\u00f3 el concepto Trenzados con el que reconoce a los empresarios y operarios que desde hace m\u00e1s de un siglo impulsan desde sus textileras el progreso local.<\/p>\n<p>.: Este espacio mejora y cualifica el paisaje urbano, la consolidaci\u00f3n de Medell\u00edn como una galer\u00eda de arte abierta para el disfrute de todos y el apoyo a la reactivaci\u00f3n econ\u00f3mica del sector de artistas urbanos.<\/p>\n<p><a href=\"\/irj\/go\/km\/docs\/etc\/PortalMedellin\/archivos\/nuestro_gobierno\/20211202-Puente-Cuatro-Sur-01.mp3\" class=\"aContEnlace liMp3\" download=\"\" data-mce-href=\"\/irj\/go\/km\/docs\/etc\/PortalMedellin\/archivos\/nuestro_gobierno\/20211202-Puente-Cuatro-Sur-01.mp3\"><span>Palabras de Diana Osorio, gestora social de Medell\u00edn.&nbsp;<\/span><span><\/span><span>2421 Kb<\/span><\/a><\/p>\n<p><a href=\"\/irj\/go\/km\/docs\/etc\/PortalMedellin\/archivos\/nuestro_gobierno\/20211202-Puente-Cuatro-Sur-02.mp3\" class=\"aContEnlace liMp3\" download=\"\" data-mce-href=\"\/irj\/go\/km\/docs\/etc\/PortalMedellin\/archivos\/nuestro_gobierno\/20211202-Puente-Cuatro-Sur-02.mp3\"><span>Palabras de Jhonatan Carvajal, artista pl\u00e1stico de la Universidad de Antioquia.<\/span><span><\/span><span>1060 Kb<\/span><\/a><\/p>\n<p><a href=\"\/irj\/go\/km\/docs\/etc\/PortalMedellin\/archivos\/nuestro_gobierno\/20211202-Puente-Cuatro-Sur-03.mp3\" class=\"aContEnlace liMp3\" download=\"\" data-mce-href=\"\/irj\/go\/km\/docs\/etc\/PortalMedellin\/archivos\/nuestro_gobierno\/20211202-Puente-Cuatro-Sur-03.mp3\"><span>Palabras de Rodrigo Foronda Morales, director general de la Agencia APP.&nbsp;<\/span><span><\/span><span>764 Kb<\/span><\/a><\/p>\n<p>La Alcald\u00eda de Medell\u00edn entreg\u00f3 de manera oficial las obras de intervenci\u00f3n art\u00edstica del puente Gilberto Echeverri Mej\u00eda, conocido como el Puente de la 4 Sur, con base en lo que define el Acuerdo Municipal 010 de 2020 en el que se establece como objetivo promocionar la realizaci\u00f3n de intervenciones y actividades de alto nivel, fomentando el respeto al paisaje, el patrimonio, el medio ambiente y el espacio p\u00fablico.&nbsp;<\/p>\n<p>Durante la entrega se present\u00f3 el artista afro Bomby, uno de los artistas musicales m\u00e1s reconocidos de la comuna 13-San Javier, y hubo un show de baile de Nexo Klan y Klandestinos Krew, dos agrupaciones de baile del sector de Guayabal.<\/p>\n<p>La intervenci\u00f3n art\u00edstica fue llevada a cabo por la Agencia para la Gesti\u00f3n del Paisaje, el Patrimonio y las Alianzas P\u00fablico Privadas \u2013Agencia APP\u2013 junto a artistas de la ciudad y fue inspirada en la tradici\u00f3n textilera de Medell\u00edn que tiene m\u00e1s de un siglo, cuando empresas como la F\u00e1brica de Hilados y Tejidos del Hato S. A. (Fabricato), la Compa\u00f1\u00eda Colombiana de Tejidos (Coltejer) y Tejidos el C\u00f3ndor (Tejicondor) impulsaron y posicionaron la industria textil local y de la regi\u00f3n como claro ejemplo de la templanza y tradici\u00f3n empresarial antioque\u00f1a.<\/p>\n<p><a data-mce-href=\"\/irj\/go\/km\/docs\/galerias\/Imagenes\/Galer%C3%ADa%20d%C3%ADa%20a%20d%C3%ADa%202021\/20211202-Puente-Cuatro-Sur-2.jpg\" href=\"\/irj\/go\/km\/docs\/galerias\/Imagenes\/Galer%C3%ADa%20d%C3%ADa%20a%20d%C3%ADa%202021\/20211202-Puente-Cuatro-Sur-2.jpg\" title=\"Fue entregada oficialmente la intervenci\u00f3n art\u00edstica del Puente de la 4 Sur que enaltece la tradici\u00f3n textilera de Medell\u00edn\" target=\"_blank\" rel=\"noopener\"><img src=\"\/irj\/go\/km\/docs\/galerias\/Imagenes\/Galer%C3%ADa%20d%C3%ADa%20a%20d%C3%ADa%202021\/1000_450\/20211202-Puente-Cuatro-Sur-2.jpg\" alt=\"Fue entregada oficialmente la intervenci\u00f3n art\u00edstica del Puente de la 4 Sur que enaltece la tradici\u00f3n textilera de Medell\u00edn\" width=\"100%\"><\/a><br data-mce-bogus=\"1\"><\/p>\n<p>\u201c<em>Este es el principio de otros sue\u00f1os que tenemos en Prado Centro, La Alpujarra, en otros territorios de la ciudad que creemos que necesitan m\u00e1s luz que le da mucha vida y color. Este es un homenaje para todas esas madres cabeza de familia que tienen talleres de confecciones y generan empleo y sacan sus hijos adelante por medio del sector textil<\/em>\u201d, expres\u00f3 la gestora social de Medell\u00edn, Diana Osorio.&nbsp;<\/p>\n<p>Se intervinieron 1.166 metros cuadrados y 2.015 metros lineales con la participaci\u00f3n de seis artistas urbanos y un equipo log\u00edstico, de siete personas m\u00e1s, encargadas de la seguridad ocupacional y del trabajo social.<\/p>\n<p>\u201c<em>Estoy muy contento de haber terminado este proyecto tan grande que fue pintar el Puente de la 4 Sur. Agradezco la invitaci\u00f3n a este proyecto, con un equipo diverso. Fue un proceso muy lindo<\/em>\u201d, manifest\u00f3 Jhonatan Carvajal, artista pl\u00e1stico de la Universidad de Antioquia.<\/p>\n<p>Con su concepto Trenzados, la intervenci\u00f3n pict\u00f3rica en el Puente 4 Sur hace un reconocimiento a empresarios, operarios, t\u00e9cnicos y dem\u00e1s personas que hilando en sus f\u00e1bricas y talleres han forjado una de las idiosincrasias m\u00e1s significativas de la regi\u00f3n y que son sin\u00f3nimo de trabajo entrelazado, de unidad y armon\u00eda de hilos que, indistintamente, han generado unos entramados sociales que potencian los pilares de la sociedad.<\/p>\n<p>\u201c<em>Una de las misiones esenciales de la Agencia APP es llenar la ciudad de luz, de arte, de magia, de color. Es por eso que estamos entregando la obra Trenzados, un homenaje que le hace la Alcald\u00eda de Medell\u00edn a todo nuestro sector empresarial textil que desde los a\u00f1os 40 y 50 ha forjado nuestra pujante raza antioque\u00f1a<\/em>\u201d, explic\u00f3 el director general de la Agencia APP, Rodrigo Foronda Morales.&nbsp;<\/p>\n<p>Trenzados utiliza la forma de las columnas y los cables de tensi\u00f3n para articularlos en una propuesta visual que proyecta la fuerza de la unidad de estos hilos de color para profundizar en la necesidad de la uni\u00f3n y tejer desde abajo las columnas del progreso.<\/p>\n<p>Con la intervenci\u00f3n art\u00edstica se mejora y cualifica el paisaje urbano, la movilizaci\u00f3n de los procesos culturales, la diversificaci\u00f3n de las manifestaciones de arte urbano con diferentes estilos y formas, el acompa\u00f1amiento en la reactivaci\u00f3n econ\u00f3mica del sector de artistas y colectivos de arte urbano, el posicionamiento de un \u00edcono de ciudad a trav\u00e9s del arte urbano y la consolidaci\u00f3n de Medell\u00edn como una galer\u00eda de arte abierta para el disfrute de todos.<\/p>\n<p>De los 14.300 metros establecidos en el Plan de Desarrollo Medell\u00edn Futuro 2020-2023, la capital antioque\u00f1a alcanza una ejecuci\u00f3n de m\u00e1s de 8.000 metros cuadrados de arte urbano: la Galer\u00eda Urbana a Cielo Abierto de la Calle Barranquilla (en el nororiente), la fachada de la sede administrativa de la Agencia APP, el intercambio vial Buler\u00edas, las obras en el Parque Lleras y en Provenza, y en los puentes de la Avenida 33, la Avenida Guayabal, la calle Colombia y en el barrio Caribe a la altura de la Secretar\u00eda de Movilidad.<\/p>\n<\/div>\n<div class=\"compartir\">Compartir en:<a title=\"\" href=\"http:\/\/www.facebook.com\/share.php?u=\" class=\"btCompartirFacebook btCompartir\" target=\"_blank\" rel=\"noopener\"><\/a><a title=\"\" href=\"http:\/\/twitter.com\/home?status=Haz%20clic%20para%20ver%20esta%20noticia%20en%20\" class=\"btCompartirTwitter btCompartir\"><\/a><a title=\"\" href=\"whatsapp:\/\/send?text=Haz%20clic%20para%20ver%20esta%20noticia%20en%20\" class=\"btCompartirWa btCompartir\"><\/a><\/div>\n<\/div>\n<p><script>try{comprobarImagen();fixBtnRedes();hitsMedellin();}catch(e){}<\/script><\/div>\n<p><\/span><\/span><\/p>\n","protected":false},"excerpt":{"rendered":"<p>Foto: Fue entregada oficialmente la intervenci\u00f3n art\u00edstica del Puente de la 4 Sur que enaltece la tradici\u00f3n textilera de Medell\u00edn. Fot\u00f3grafo: Foto Alcald\u00eda de Medell\u00edn 2021-12-02 Fue entregada oficialmente la intervenci\u00f3n art\u00edstica del Puente de &#8230;<\/p>\n","protected":false},"author":1,"featured_media":57044,"comment_status":"open","ping_status":"open","sticky":false,"template":"","format":"standard","meta":[],"categories":[31,14],"tags":[444,438,434,447,442],"formato_nota":[],"programas_tax":[],"acf":[],"_links":{"self":[{"href":"https:\/\/www.medellin.gov.co\/es\/wp-json\/wp\/v2\/posts\/52573"}],"collection":[{"href":"https:\/\/www.medellin.gov.co\/es\/wp-json\/wp\/v2\/posts"}],"about":[{"href":"https:\/\/www.medellin.gov.co\/es\/wp-json\/wp\/v2\/types\/post"}],"author":[{"embeddable":true,"href":"https:\/\/www.medellin.gov.co\/es\/wp-json\/wp\/v2\/users\/1"}],"replies":[{"embeddable":true,"href":"https:\/\/www.medellin.gov.co\/es\/wp-json\/wp\/v2\/comments?post=52573"}],"version-history":[{"count":1,"href":"https:\/\/www.medellin.gov.co\/es\/wp-json\/wp\/v2\/posts\/52573\/revisions"}],"predecessor-version":[{"id":53888,"href":"https:\/\/www.medellin.gov.co\/es\/wp-json\/wp\/v2\/posts\/52573\/revisions\/53888"}],"wp:featuredmedia":[{"embeddable":true,"href":"https:\/\/www.medellin.gov.co\/es\/wp-json\/wp\/v2\/media\/57044"}],"wp:attachment":[{"href":"https:\/\/www.medellin.gov.co\/es\/wp-json\/wp\/v2\/media?parent=52573"}],"wp:term":[{"taxonomy":"category","embeddable":true,"href":"https:\/\/www.medellin.gov.co\/es\/wp-json\/wp\/v2\/categories?post=52573"},{"taxonomy":"post_tag","embeddable":true,"href":"https:\/\/www.medellin.gov.co\/es\/wp-json\/wp\/v2\/tags?post=52573"},{"taxonomy":"formato_nota","embeddable":true,"href":"https:\/\/www.medellin.gov.co\/es\/wp-json\/wp\/v2\/formato_nota?post=52573"},{"taxonomy":"programas_tax","embeddable":true,"href":"https:\/\/www.medellin.gov.co\/es\/wp-json\/wp\/v2\/programas_tax?post=52573"}],"curies":[{"name":"wp","href":"https:\/\/api.w.org\/{rel}","templated":true}]}}