{"id":52593,"date":"2021-12-03T00:00:00","date_gmt":"2021-12-03T05:00:00","guid":{"rendered":"https:\/\/www.medellin.gov.co\/es\/saladeprensa\/noticias\/el-estadio-atanasio-girardot-recibira-cuidados-especiales-como-escenario-de-la-reactivacion-economica-con-futbol-y-conciertos\/"},"modified":"2022-03-27T21:57:25","modified_gmt":"2022-03-28T02:57:25","slug":"el-estadio-atanasio-girardot-recibira-cuidados-especiales-como-escenario-de-la-reactivacion-economica-con-futbol-y-conciertos","status":"publish","type":"post","link":"https:\/\/www.medellin.gov.co\/es\/sala-de-prensa\/noticias\/el-estadio-atanasio-girardot-recibira-cuidados-especiales-como-escenario-de-la-reactivacion-economica-con-futbol-y-conciertos\/","title":{"rendered":"El estadio Atanasio Girardot recibir\u00e1 cuidados especiales como escenario de la reactivaci\u00f3n econ\u00f3mica con f\u00fatbol y conciertos"},"content":{"rendered":"<p><span style=\"vertical-align: inherit;\"><span style=\"vertical-align: inherit;\"><\/p>\n<div class=\"wrap contenido\">\n<div class=\"noticia\">\n<div class=\"imagen\">\n<div class=\"divContImageNoticia input_plantilla input_background\" data-input=\"fotografia\" ruta=\"\/galerias\/Imagenes\/Galer\u00eda d\u00eda a d\u00eda 2021\/500_400\/20211203-Cuidados-Atanasio-Girardot-1.jpg\" fotografo=\"Foto Alcald\u00eda de Medell\u00edn\" descripcion=\"El estadio Atanasio Girardot recibir\u00e1 cuidados especiales como escenario de la reactivaci\u00f3n econ\u00f3mica con f\u00fatbol y conciertos.\" style=\"background-image:url('\/irj\/go\/km\/docs\/galerias\/Imagenes\/Galer\u00eda d\u00eda a d\u00eda 2021\/500_400\/20211203-Cuidados-Atanasio-Girardot-1.jpg')\"><\/div>\n<p class=\"pMetaDesc\">Foto: El estadio Atanasio Girardot recibir\u00e1 cuidados especiales como escenario de la reactivaci\u00f3n econ\u00f3mica con f\u00fatbol y conciertos.<\/p>\n<p class=\"pMetaFotografo\">Fot\u00f3grafo: Foto Alcald\u00eda de Medell\u00edn<\/p>\n<\/div>\n<p class=\"fecha\"><span class=\"input_plantilla input_text\" data-input=\"fecha\">2021-12-03<\/span><\/p>\n<p><span itemprop=\"name\" class=\"input_plantilla input_text\" data-input=\"titulo\">El estadio Atanasio Girardot recibir\u00e1 cuidados especiales como escenario de la reactivaci\u00f3n econ\u00f3mica con f\u00fatbol y conciertos<\/span><\/p>\n<h5 class=\"input_plantilla input_text\" data-input=\"autor\">Por Diego Giraldo Parra<\/h5>\n<div class=\"cuerpo input_plantilla input_area\" data-input=\"contenido\">\n<p>.: El escenario deportivo vivir\u00e1 dos semanas clave con eventos deportivos y culturales.<\/p>\n<p>.: Se destaca el doble concierto de Karol G., el 4 y el 5 de diciembre, dos partidos de f\u00fatbol y un concierto de vallenato.<\/p>\n<p>.: El protocolo de cuidado del escenario y de ingreso para los espectadores est\u00e1 definido. Ser\u00e1 necesario presentar carn\u00e9 de vacunaci\u00f3n.<\/p>\n<p><a href=\"\/irj\/go\/km\/docs\/etc\/PortalMedellin\/archivos\/nuestro_gobierno\/20211203-Cuidados-Atanasio-Girardot-01.mp3\" class=\"aContEnlace liMp3\" download=\"\" data-mce-href=\"\/irj\/go\/km\/docs\/etc\/PortalMedellin\/archivos\/nuestro_gobierno\/20211203-Cuidados-Atanasio-Girardot-01.mp3\"><span>Palabras de Juan Jos\u00e9 Moreno, administrador del Estadio Atanasio Girardot.<\/span><span><\/span><span>6357 Kb<\/span><\/a><\/p>\n<p><a href=\"\/irj\/go\/km\/docs\/etc\/PortalMedellin\/archivos\/nuestro_gobierno\/20211203-Cuidados-Atanasio-Girardot-02.mp3\" class=\"aContEnlace liMp3\" download=\"\" data-mce-href=\"\/irj\/go\/km\/docs\/etc\/PortalMedellin\/archivos\/nuestro_gobierno\/20211203-Cuidados-Atanasio-Girardot-02.mp3\"><span>Palabras de Jos\u00e9 Gerardo Acevedo Ossa, secretario de Seguridad y Convivencia.<\/span><span><\/span><span>651 Kb<\/span><\/a><\/p>\n<p><a href=\"\/irj\/go\/km\/docs\/etc\/PortalMedellin\/archivos\/nuestro_gobierno\/20211203-Cuidados-Atanasio-Girardot-03.mp3\" class=\"aContEnlace liMp3\" download=\"\" data-mce-href=\"\/irj\/go\/km\/docs\/etc\/PortalMedellin\/archivos\/nuestro_gobierno\/20211203-Cuidados-Atanasio-Girardot-03.mp3\"><span>Palabras de Luis Vanegas, comandante de Tr\u00e1nsito.<\/span><span><\/span><span>811 Kb<\/span><\/a><\/p>\n<p>Medell\u00edn est\u00e1 lista para consolidar su estrategia de reactivaci\u00f3n econ\u00f3mica y social en un mes clave como diciembre, y el f\u00fatbol y los conciertos que tendr\u00e1 la ciudad ser\u00e1n importantes en este prop\u00f3sito. En las dos primeras semanas de este mes, la capital antioque\u00f1a vivir\u00e1 en el estadio Atanasio Girardot tres conciertos y dos partidos de los cuadrangulares finales del f\u00fatbol profesional colombiano, por lo cual tendr\u00e1 cuidados especiales para mantenerse en \u00f3ptimas condiciones.<\/p>\n<p>\u201c<em>Vamos a colocar unas estibas que son, aproximadamente, 8.200 metros cuadrados que van a cubrir toda la cancha; son especiales, miden 1&#215;1 y tienen una perforaci\u00f3n para lograr que el pasto pueda respirar sin problema en el momento del evento<\/em>\u201d, expres\u00f3 el administrador del estadio Atanasio Girardot, Juan Jos\u00e9 Moreno.<\/p>\n<p>El 4 y el 5 de diciembre se tendr\u00e1 un gran espect\u00e1culo con el doble concierto de la artista Karol G. Desde hace dos semanas, el escenario deportivo es sometido a mantenimientos preventivos para garantizar su cuidado; adem\u00e1s la Secretar\u00eda de Seguridad y Convivencia, en articulaci\u00f3n con la Polic\u00eda Metropolitana y las diferentes entidades que participan en la organizaci\u00f3n y ejecuci\u00f3n de eventos masivos, se dispondr\u00e1 de un Puesto de Mando Unificado en el Estadio Atanasio Girardot para atender los dos d\u00edas de concierto de la artista Karol G.<\/p>\n<p>\u00ab<em>Tenemos un dispositivo de 600 uniformados de la Polic\u00eda y la atenci\u00f3n de la Alcald\u00eda para este evento. La invitaci\u00f3n es a vivirlo en paz y con tranquilidad, que sea una fiesta de m\u00fasica, con todas las normas de bioseguridad<\/em>\u00ab, dijo el Secretario de Seguridad y Convivencia, Jos\u00e9 Gerardo Acevedo.<\/p>\n<p><a data-mce-href=\"\/irj\/go\/km\/docs\/galerias\/Imagenes\/Galer%C3%ADa%20d%C3%ADa%20a%20d%C3%ADa%202021\/20211203-Cuidados-Atanasio-Girardot-2.JPG\" href=\"\/irj\/go\/km\/docs\/galerias\/Imagenes\/Galer%C3%ADa%20d%C3%ADa%20a%20d%C3%ADa%202021\/20211203-Cuidados-Atanasio-Girardot-2.JPG\" title=\"El estadio Atanasio Girardot recibir\u00e1 cuidados especiales como escenario de la reactivaci\u00f3n econ\u00f3mica con f\u00fatbol y conciertos\" target=\"_blank\" rel=\"noopener\"><img src=\"\/irj\/go\/km\/docs\/galerias\/Imagenes\/Galer%C3%ADa%20d%C3%ADa%20a%20d%C3%ADa%202021\/1000_450\/20211203-Cuidados-Atanasio-Girardot-2.jpg\" alt=\"El estadio Atanasio Girardot recibir\u00e1 cuidados especiales como escenario de la reactivaci\u00f3n econ\u00f3mica con f\u00fatbol y conciertos\" width=\"100%\"><\/a><br data-mce-bogus=\"1\"><\/p>\n<p>El 8 de diciembre, los amantes del f\u00fatbol vibrar\u00e1n con el partido Nacional vs. Cali de los cuadrangulares finales. Dos d\u00edas despu\u00e9s, el 10 del mismo mes, el estadio se abrir\u00e1 para el evento denominado Juntos de Nuevo, concierto de vallenato. Al d\u00eda siguiente, se tendr\u00e1 una nueva fecha futbol\u00edstica con el partido Nacional vs. Pereira.<\/p>\n<p>\u201c<em>Para nosotros es un gran reto porque el concierto es un d\u00eda antes, por lo tanto vamos a estar trabajando sin parar para que la cancha est\u00e9 en las mejores condiciones. Una vez terminados los eventos ingresa toda la log\u00edstica y desmontaje para quitar todo lo de la cancha, con el fin de iniciar el mantenimiento de la grama para el partido<\/em>\u201d, a\u00f1adi\u00f3 Moreno.&nbsp;&nbsp;&nbsp;<\/p>\n<p>Durante los conciertos, se monitorear\u00e1 la temperatura de la grama Bermuda 419 con la que cuenta el estadio, se le realizar\u00e1 aireaci\u00f3n y, cuando finalicen, se har\u00e1 un levantamiento topogr\u00e1fico para verificar su nivelaci\u00f3n. Adem\u00e1s, se fertilizar\u00e1, se aplicar\u00e1n fungicidas y se cepillar\u00e1 para garantizar su buen estado.<\/p>\n<p>El aforo para los conciertos de Karol G. es de 45.075 personas y para el evento de vallenato ser\u00e1 de 40.251. Las puertas del escenario se abrir\u00e1n a las 5:00 p. m. y se tendr\u00e1n dos anillos de seguridad y control. En el sector se tendr\u00e1n agentes de tr\u00e1nsito regulando la movilidad y controlando el cumplimiento de las normas de tr\u00e1nsito. Desde la Secretar\u00eda de Movilidad se recomienda asistir en transporte p\u00fablico y en caso de utilizar el veh\u00edculo particular, s\u00f3lo hacer uso de sitios autorizados para estacionar.<\/p>\n<p>En los partidos de f\u00fatbol est\u00e1 autorizado el 100 % del aforo cumpliendo protocolos y, en todos estos eventos, deportivos y culturales, se exigir\u00e1 el carn\u00e9 de vacunaci\u00f3n.<\/p>\n<\/div>\n<div class=\"compartir\">Compartir en:<a title=\"\" href=\"http:\/\/www.facebook.com\/share.php?u=\" class=\"btCompartirFacebook btCompartir\" target=\"_blank\" rel=\"noopener\"><\/a><a title=\"\" href=\"http:\/\/twitter.com\/home?status=Haz%20clic%20para%20ver%20esta%20noticia%20en%20\" class=\"btCompartirTwitter btCompartir\"><\/a><a title=\"\" href=\"whatsapp:\/\/send?text=Haz%20clic%20para%20ver%20esta%20noticia%20en%20\" class=\"btCompartirWa btCompartir\"><\/a><\/div>\n<\/div>\n<p><script>try{comprobarImagen();fixBtnRedes();hitsMedellin();}catch(e){}<\/script><\/div>\n<p><\/span><\/span><\/p>\n","protected":false},"excerpt":{"rendered":"<p>Foto: El estadio Atanasio Girardot recibir\u00e1 cuidados especiales como escenario de la reactivaci\u00f3n econ\u00f3mica con f\u00fatbol y conciertos. Fot\u00f3grafo: Foto Alcald\u00eda de Medell\u00edn 2021-12-03 El estadio Atanasio Girardot recibir\u00e1 cuidados especiales como escenario de la &#8230;<\/p>\n","protected":false},"author":1,"featured_media":57054,"comment_status":"open","ping_status":"open","sticky":false,"template":"","format":"standard","meta":[],"categories":[3,8,17],"tags":[444,428,434,455,442],"formato_nota":[],"programas_tax":[],"acf":[],"_links":{"self":[{"href":"https:\/\/www.medellin.gov.co\/es\/wp-json\/wp\/v2\/posts\/52593"}],"collection":[{"href":"https:\/\/www.medellin.gov.co\/es\/wp-json\/wp\/v2\/posts"}],"about":[{"href":"https:\/\/www.medellin.gov.co\/es\/wp-json\/wp\/v2\/types\/post"}],"author":[{"embeddable":true,"href":"https:\/\/www.medellin.gov.co\/es\/wp-json\/wp\/v2\/users\/1"}],"replies":[{"embeddable":true,"href":"https:\/\/www.medellin.gov.co\/es\/wp-json\/wp\/v2\/comments?post=52593"}],"version-history":[{"count":1,"href":"https:\/\/www.medellin.gov.co\/es\/wp-json\/wp\/v2\/posts\/52593\/revisions"}],"predecessor-version":[{"id":53898,"href":"https:\/\/www.medellin.gov.co\/es\/wp-json\/wp\/v2\/posts\/52593\/revisions\/53898"}],"wp:featuredmedia":[{"embeddable":true,"href":"https:\/\/www.medellin.gov.co\/es\/wp-json\/wp\/v2\/media\/57054"}],"wp:attachment":[{"href":"https:\/\/www.medellin.gov.co\/es\/wp-json\/wp\/v2\/media?parent=52593"}],"wp:term":[{"taxonomy":"category","embeddable":true,"href":"https:\/\/www.medellin.gov.co\/es\/wp-json\/wp\/v2\/categories?post=52593"},{"taxonomy":"post_tag","embeddable":true,"href":"https:\/\/www.medellin.gov.co\/es\/wp-json\/wp\/v2\/tags?post=52593"},{"taxonomy":"formato_nota","embeddable":true,"href":"https:\/\/www.medellin.gov.co\/es\/wp-json\/wp\/v2\/formato_nota?post=52593"},{"taxonomy":"programas_tax","embeddable":true,"href":"https:\/\/www.medellin.gov.co\/es\/wp-json\/wp\/v2\/programas_tax?post=52593"}],"curies":[{"name":"wp","href":"https:\/\/api.w.org\/{rel}","templated":true}]}}