{"id":52599,"date":"2021-12-04T00:00:00","date_gmt":"2021-12-04T05:00:00","guid":{"rendered":"https:\/\/www.medellin.gov.co\/es\/saladeprensa\/noticias\/este-sabado-continuan-las-jornadas-gratuitas-de-identificacion-de-animales-de-compania-en-san-german\/"},"modified":"2022-03-27T21:57:29","modified_gmt":"2022-03-28T02:57:29","slug":"este-sabado-continuan-las-jornadas-gratuitas-de-identificacion-de-animales-de-compania-en-san-german","status":"publish","type":"post","link":"https:\/\/www.medellin.gov.co\/es\/sala-de-prensa\/noticias\/este-sabado-continuan-las-jornadas-gratuitas-de-identificacion-de-animales-de-compania-en-san-german\/","title":{"rendered":"Este s\u00e1bado contin\u00faan las jornadas gratuitas de identificaci\u00f3n de animales de compa\u00f1\u00eda en San Germ\u00e1n"},"content":{"rendered":"<p><span style=\"vertical-align: inherit;\"><span style=\"vertical-align: inherit;\"><\/p>\n<div class=\"wrap contenido\">\n<div class=\"noticia\">\n<div class=\"imagen\">\n<div class=\"divContImageNoticia input_plantilla input_background\" data-input=\"fotografia\" ruta=\"\/galerias\/Imagenes\/Galer\u00eda d\u00eda a d\u00eda 2021\/500_400\/20211204-identificacion-animales-1.jpg\" fotografo=\"Foto Alcald\u00eda de Medelll\u00edn\" descripcion=\"Este s\u00e1bado contin\u00faan las jornadas gratuitas de identificaci\u00f3n de animales de compa\u00f1\u00eda en San Germ\u00e1n.\" style=\"background-image:url('\/irj\/go\/km\/docs\/galerias\/Imagenes\/Galer\u00eda d\u00eda a d\u00eda 2021\/500_400\/20211204-identificacion-animales-1.jpg')\"><\/div>\n<p class=\"pMetaDesc\">Foto: Este s\u00e1bado contin\u00faan las jornadas gratuitas de identificaci\u00f3n de animales de compa\u00f1\u00eda en San Germ\u00e1n.<\/p>\n<p class=\"pMetaFotografo\">Fot\u00f3grafo: Foto Alcald\u00eda de Medelll\u00edn<\/p>\n<\/div>\n<p class=\"fecha\"><span class=\"input_plantilla input_text\" data-input=\"fecha\">2021-12-04<\/span><\/p>\n<p><span itemprop=\"name\" class=\"input_plantilla input_text\" data-input=\"titulo\">Este s\u00e1bado contin\u00faan las jornadas gratuitas de identificaci\u00f3n de animales de compa\u00f1\u00eda en San Germ\u00e1n<\/span><\/p>\n<h5 class=\"input_plantilla input_text\" data-input=\"autor\">Por Juan David Yepes Toro<\/h5>\n<div class=\"cuerpo input_plantilla input_area\" data-input=\"contenido\">\n<p>.: La comunidad podr\u00e1 identificar a sus animales de compa\u00f1\u00eda para que regresen a sus hogares en caso de extraviarse en esta temporada decembrina.<\/p>\n<p>.: Siete de cada diez animales de compa\u00f1\u00eda identificados retornan con sus familias.<\/p>\n<p>.: Con las detonaciones de p\u00f3lvora y los juegos pirot\u00e9cnicos, perros y gatos pueden sentir temor y desorientarse.<\/p>\n<p><a href=\"\/irj\/go\/km\/docs\/pccdesign\/medellin\/Temas\/MedioAmbiente\/Noticias\/Shared Content\/Documento\/2021\/20211204-identificacion-animales-01.mp3\" class=\"aContEnlace liMp3\" download=\"\" data-mce-href=\"\/irj\/go\/km\/docs\/pccdesign\/medellin\/Temas\/MedioAmbiente\/Noticias\/Shared Content\/Documento\/2021\/20211204-identificacion-animales-01.mp3\"><span>Palabras de Diana Marcela Santacruz, subsecretaria de Protecci\u00f3n y Bienestar Animal.<\/span><span>1802 Kb<\/span><\/a><\/p>\n<p>Este s\u00e1bado, 4 de diciembre, entre las 8:00 a. m. y las 12:00 m. en la carrera 75 con calle 65 del barrio Robledo -San Germ\u00e1n, la Alcald\u00eda de Medell\u00edn continuar\u00e1 con las jornadas gratuitas de marcat\u00f3n y entrega de placas de identificaci\u00f3n de animales de compa\u00f1\u00eda lideradas por las secretar\u00edas de Seguridad y Convivencia y Medio Ambiente, como una estrategia para proteger a estos seres sintientes ante posibles p\u00e9rdidas, producto del aturdimiento por p\u00f3lvora en temporada decembrina.<\/p>\n<p><em>\u201cQuiero invitar a todas las personas a que identifiquen sus animales de compa\u00f1\u00eda, no solo con microchip, sino tambi\u00e9n con la placa de identificaci\u00f3n, ya que esta es muy importante para estas \u00e9pocas donde muchos de ellos se extrav\u00edan. De cada diez animales extraviados, siete regresan a su hogar siempre y cuando tengan un m\u00e9todo de identificaci\u00f3n. Por eso, la necesidad de que los cuidadores los identifiquen, para que puedan ser reconocidos con claridad\u201d,<\/em> indic\u00f3 la subsecretaria de Protecci\u00f3n y Bienestar Animal, Diana Marcela Santacruz.<\/p>\n<p>Con las detonaciones de p\u00f3lvora y juegos pirot\u00e9cnicos, los perros pueden sentir temor y huir, lo que conlleva a accidentes o p\u00e9rdida. Los gatos corren detr\u00e1s de los explosivos, por curiosidad, y se desorientan.<\/p>\n<p><em>\u201cMi Cronos es un perro muy juicioso, pero \u00e9l es escapista. Vi la necesidad de conseguirle la plaquita, para que, si este negro se escapa en esta \u00e9poca de diciembre, que se pone nervioso con la p\u00f3lvora, quien lo encuentre me lo pueda retornar de nuevo a mi casa\u201d, <\/em>expres\u00f3 Juan Jos\u00e9 Zapata, habitante de la comuna 16- Bel\u00e9n, beneficiado con las placas de identificaci\u00f3n de animales de compa\u00f1\u00eda.<\/p>\n<p><a href=\"https:\/\/www.medellin.gov.co\/irj\/go\/km\/docs\/galerias\/Imagenes\/Galer%C3%ADa%20d%C3%ADa%20a%20d%C3%ADa%202021\/20211204-identificacion-animales-2.jpg\" target=\"_blank\" rel=\"noopener\" data-mce-href=\"https:\/\/www.medellin.gov.co\/irj\/go\/km\/docs\/galerias\/Imagenes\/Galer%C3%ADa%20d%C3%ADa%20a%20d%C3%ADa%202021\/20211204-identificacion-animales-2.jpg\"><img src=\"https:\/\/www.medellin.gov.co\/irj\/go\/km\/docs\/galerias\/Imagenes\/Galer%C3%ADa%20d%C3%ADa%20a%20d%C3%ADa%202021\/1000_450\/20211204-identificacion-animales-2.jpg\" alt=\"\" width=\"100%\" data-mce-src=\"https:\/\/www.medellin.gov.co\/irj\/go\/km\/docs\/galerias\/Imagenes\/Galer%C3%ADa%20d%C3%ADa%20a%20d%C3%ADa%202021\/1000_450\/20211204-identificacion-animales-2.jpg\"><\/a><\/p>\n<p>Los animales de compa\u00f1\u00eda son los m\u00e1s afectados por el uso de la p\u00f3lvora durante las festividades de diciembre, como el d\u00eda de las velitas y en las fiestas de Navidad y a\u00f1o nuevo. En enero de 2021, luego de la temporada decembrina, el Centro de Bienestar Animal La Perla report\u00f3 un aumento en sus rescates del 4,5 % con respecto al a\u00f1o anterior. Por eso la importancia de identificarlos, para que regresen pronto a sus hogares.<\/p>\n<p>Es importante recordar que la l\u00ednea 123 est\u00e1 habilitada para el reporte de casos de animales en condiciones de vulnerabilidad, ya sea a causa de la p\u00f3lvora o por situaciones de abandono y maltrato. Estos registros son remitidos a la Unidad de Reacci\u00f3n Inmediata de la Subsecretar\u00eda de Protecci\u00f3n y Bienestar Animal, la cual ofrece sus servicios las 24 horas del d\u00eda.<\/p>\n<p>La Administraci\u00f3n Municipal hace un llamado a la comunidad a identificar a caninos y felinos con nombre y n\u00famero de contacto de su cuidador. Lo pueden hacer con elementos sencillos y material reciclable (como tapas).<\/p>\n<\/div>\n<div class=\"compartir\">Compartir en:<a title=\"\" href=\"http:\/\/www.facebook.com\/share.php?u=\" class=\"btCompartirFacebook btCompartir\" target=\"_blank\" rel=\"noopener\"><\/a><a title=\"\" href=\"http:\/\/twitter.com\/home?status=Haz%20clic%20para%20ver%20esta%20noticia%20en%20\" class=\"btCompartirTwitter btCompartir\"><\/a><a title=\"\" href=\"whatsapp:\/\/send?text=Haz%20clic%20para%20ver%20esta%20noticia%20en%20\" class=\"btCompartirWa btCompartir\"><\/a><\/div>\n<\/div>\n<p><script>try{comprobarImagen();fixBtnRedes();hitsMedellin();}catch(e){}<\/script><\/div>\n<p><\/span><\/span><\/p>\n","protected":false},"excerpt":{"rendered":"<p>Foto: Este s\u00e1bado contin\u00faan las jornadas gratuitas de identificaci\u00f3n de animales de compa\u00f1\u00eda en San Germ\u00e1n. Fot\u00f3grafo: Foto Alcald\u00eda de Medelll\u00edn 2021-12-04 Este s\u00e1bado contin\u00faan las jornadas gratuitas de identificaci\u00f3n de animales de compa\u00f1\u00eda en &#8230;<\/p>\n","protected":false},"author":1,"featured_media":57057,"comment_status":"open","ping_status":"open","sticky":false,"template":"","format":"standard","meta":[],"categories":[13],"tags":[445,446,441,436],"formato_nota":[],"programas_tax":[],"acf":[],"_links":{"self":[{"href":"https:\/\/www.medellin.gov.co\/es\/wp-json\/wp\/v2\/posts\/52599"}],"collection":[{"href":"https:\/\/www.medellin.gov.co\/es\/wp-json\/wp\/v2\/posts"}],"about":[{"href":"https:\/\/www.medellin.gov.co\/es\/wp-json\/wp\/v2\/types\/post"}],"author":[{"embeddable":true,"href":"https:\/\/www.medellin.gov.co\/es\/wp-json\/wp\/v2\/users\/1"}],"replies":[{"embeddable":true,"href":"https:\/\/www.medellin.gov.co\/es\/wp-json\/wp\/v2\/comments?post=52599"}],"version-history":[{"count":1,"href":"https:\/\/www.medellin.gov.co\/es\/wp-json\/wp\/v2\/posts\/52599\/revisions"}],"predecessor-version":[{"id":53901,"href":"https:\/\/www.medellin.gov.co\/es\/wp-json\/wp\/v2\/posts\/52599\/revisions\/53901"}],"wp:featuredmedia":[{"embeddable":true,"href":"https:\/\/www.medellin.gov.co\/es\/wp-json\/wp\/v2\/media\/57057"}],"wp:attachment":[{"href":"https:\/\/www.medellin.gov.co\/es\/wp-json\/wp\/v2\/media?parent=52599"}],"wp:term":[{"taxonomy":"category","embeddable":true,"href":"https:\/\/www.medellin.gov.co\/es\/wp-json\/wp\/v2\/categories?post=52599"},{"taxonomy":"post_tag","embeddable":true,"href":"https:\/\/www.medellin.gov.co\/es\/wp-json\/wp\/v2\/tags?post=52599"},{"taxonomy":"formato_nota","embeddable":true,"href":"https:\/\/www.medellin.gov.co\/es\/wp-json\/wp\/v2\/formato_nota?post=52599"},{"taxonomy":"programas_tax","embeddable":true,"href":"https:\/\/www.medellin.gov.co\/es\/wp-json\/wp\/v2\/programas_tax?post=52599"}],"curies":[{"name":"wp","href":"https:\/\/api.w.org\/{rel}","templated":true}]}}