{"id":52882,"date":"2022-01-03T00:00:00","date_gmt":"2022-01-03T05:00:00","guid":{"rendered":"https:\/\/www.medellin.gov.co\/es\/saladeprensa\/noticias\/en-30-se-incrementaron-los-avistamientos-de-aves-y-nuevas-especies-de-fauna-en-medellin-durante-2021\/"},"modified":"2022-03-27T21:59:55","modified_gmt":"2022-03-28T02:59:55","slug":"en-30-se-incrementaron-los-avistamientos-de-aves-y-nuevas-especies-de-fauna-en-medellin-durante-2021","status":"publish","type":"post","link":"https:\/\/www.medellin.gov.co\/es\/sala-de-prensa\/noticias\/en-30-se-incrementaron-los-avistamientos-de-aves-y-nuevas-especies-de-fauna-en-medellin-durante-2021\/","title":{"rendered":"En 30 % se incrementaron los avistamientos de aves y nuevas especies de fauna en Medell\u00edn durante 2021"},"content":{"rendered":"<p><span style=\"vertical-align: inherit;\"><span style=\"vertical-align: inherit;\"><\/p>\n<div class=\"wrap contenido\">\n<div class=\"noticia\">\n<div class=\"imagen\">\n<div class=\"divContImageNoticia input_plantilla input_background\" data-input=\"fotografia\" ruta=\"\/galerias\/Imagenes\/Galer\u00eda d\u00eda a d\u00eda 2022\/500_400\/20220103-especies-de-fauna-1.jpg\" fotografo=\"Foto Alcald\u00eda de Medelll\u00edn\" descripcion=\"En 30 % se incrementaron los avistamientos de aves y nuevas especies de fauna en Medell\u00edn durante 2021. \" style=\"background-image:url('\/irj\/go\/km\/docs\/galerias\/Imagenes\/Galer\u00eda d\u00eda a d\u00eda 2022\/500_400\/20220103-especies-de-fauna-1.jpg')\"><\/div>\n<p class=\"pMetaDesc\">Foto: En 30 % se incrementaron los avistamientos de aves y nuevas especies de fauna en Medell\u00edn durante 2021. <\/p>\n<p class=\"pMetaFotografo\">Fot\u00f3grafo: Foto Alcald\u00eda de Medelll\u00edn<\/p>\n<\/div>\n<p class=\"fecha\"><span class=\"input_plantilla input_text\" data-input=\"fecha\">2022-01-03<\/span><\/p>\n<p><span itemprop=\"name\" class=\"input_plantilla input_text\" data-input=\"titulo\">En 30 % se incrementaron los avistamientos de aves y nuevas especies de fauna en Medell\u00edn durante 2021<\/span><\/p>\n<h5 class=\"input_plantilla input_text\" data-input=\"autor\">Por Juan David Yepes Toro<\/h5>\n<div class=\"cuerpo input_plantilla input_area\" data-input=\"contenido\">\n<p>.: Entre las nuevas especies observadas hay 16 mam\u00edferos, 267 aves y 190 mariposas.&nbsp;<\/p>\n<p>.: Estos hallazgos se dan gracias a los procesos de protecci\u00f3n y conservaci\u00f3n de los ecosistemas estrat\u00e9gicos y al monitoreo permanente que hace el equipo t\u00e9cnico de guardabosques.&nbsp;<\/p>\n<p><a href=\"\/irj\/go\/km\/docs\/pccdesign\/medellin\/Temas\/MedioAmbiente\/Noticias\/Shared Content\/Documento\/2022\/20220103-especies-de-fauna-01.mp3\" class=\"aContEnlace liMp3\" download=\"\" data-mce-href=\"\/irj\/go\/km\/docs\/pccdesign\/medellin\/Temas\/MedioAmbiente\/Noticias\/Shared Content\/Documento\/2022\/20220103-especies-de-fauna-01.mp3\"><span>Palabras de Luis Humberto Ossa, subsecretario de Recursos Naturales Renovables .<\/span><span>562 Kb<\/span><\/a><\/p>\n<p>Durante 2021, se incrementaron en un 30 % los reportes de nuevas categor\u00edas de fauna vistas en zonas protegidas de Medell\u00edn, gracias a los procesos de cuidado y conservaci\u00f3n de los ecosistemas estrat\u00e9gicos que lidera la Administraci\u00f3n Municipal y al monitoreo permanente por parte del equipo t\u00e9cnico de guardabosques de la Secretar\u00eda de Medio Ambiente. Entre las nuevas especies observadas hay 16 mam\u00edferos, 267 aves y 190 mariposas.&nbsp;<\/p>\n<p>En las reservas y ecosistemas estrat\u00e9gicos de la ciudad, por primera vez se observ\u00f3 la rana grillo y aves como el \u00e1guila crestada andina, el b\u00faho de anteojos, el cormor\u00e1n neotropical, el cuco piquinegro, la saltarina rel\u00e1mpago, el capuchino casta\u00f1o, el guardacaminos andino y el toche pico de plata.&nbsp;<\/p>\n<p><em>\u201cGracias al monitoreo permanente de nuestros ecosistemas estrat\u00e9gicos, el equipo t\u00e9cnico de guardabosques ha reportado nuevas categor\u00edas de fauna en nuestros cerros tutelares. El avistamiento de especies como mariposas, insectos y aves ha permitido garantizar que estamos cumpliendo con el objetivo de la protecci\u00f3n y la conservaci\u00f3n de nuestras reservas naturales. La protecci\u00f3n de estos ecosistemas es la apuesta de la consolidaci\u00f3n de Ecociudad en la construcci\u00f3n de la Medell\u00edn Futuro\u201d,<\/em> expres\u00f3 el subsecretario de Recursos Naturales Renovables de la Secretar\u00eda de Medio Ambiente, Luis Humberto Ossa.&nbsp;<\/p>\n<p>Los cerros tutelares hacen parte de los ecosistemas estrat\u00e9gicos de la ciudad en los que se registran nuevas especies observadas. En ellos, se ha realizado una inversi\u00f3n superior a los $19.350 millones en actividades de gesti\u00f3n ambiental, para asegurar su conservaci\u00f3n y protecci\u00f3n. En 2020, en estas zonas fueron avistadas 28 nuevas especies y en 2021 la cifra lleg\u00f3 a 42.&nbsp;&nbsp;<\/p>\n<p><a href=\"https:\/\/www.medellin.gov.co\/irj\/go\/km\/docs\/galerias\/Imagenes\/Galer%C3%ADa%20d%C3%ADa%20a%20d%C3%ADa%202022\/20220103-especies-de-fauna-2.jpg\" target=\"_blank\" rel=\"noopener\" data-mce-href=\"https:\/\/www.medellin.gov.co\/irj\/go\/km\/docs\/galerias\/Imagenes\/Galer%C3%ADa%20d%C3%ADa%20a%20d%C3%ADa%202022\/20220103-especies-de-fauna-2.jpg\"><img src=\"https:\/\/www.medellin.gov.co\/irj\/go\/km\/docs\/galerias\/Imagenes\/Galer%C3%ADa%20d%C3%ADa%20a%20d%C3%ADa%202022\/1000_450\/20220103-especies-de-fauna-2.jpg\" alt=\"\" width=\"100%\" data-mce-src=\"https:\/\/www.medellin.gov.co\/irj\/go\/km\/docs\/galerias\/Imagenes\/Galer%C3%ADa%20d%C3%ADa%20a%20d%C3%ADa%202022\/1000_450\/20220103-especies-de-fauna-2.jpg\"><\/a><\/p>\n<p>En la Reserva Forestal Regional Alto de San Miguel, se observaron cinco nuevas clases de aves en 2020, mientras que en 2021 fueron seis, adem\u00e1s de 60 nuevos grupos de mariposas, como las<em> theritas<\/em>, mariposa marinera, mariposa sedosa quetzal, <em>telegonus<\/em>, <em>enenus regalis<\/em> y <em>thisbe lycorias.<\/em>&nbsp;<\/p>\n<p>Despu\u00e9s de 170 a\u00f1os, en la Reserva San Pedro, en el corregimiento Santa Elena, se report\u00f3 el redescubrimiento de un insecto espina de la especie <em>Bubalopa furcata<\/em>, end\u00e9mica de Colombia.<\/p>\n<p>&nbsp;Tambi\u00e9n, se ha incrementado la presencia de aves migratorias en las reservas forestales de la ciudad. Uno de los casos que se conoci\u00f3, en 2021, fue el de la candelita norte\u00f1a, ave migratoria de Norteam\u00e9rica que fue avistada, por primera vez, en la Reserva Forestal Regional Alto de San Miguel, lo que demuestra las buenas pr\u00e1cticas de conservaci\u00f3n en componentes de h\u00e1bitat y alimentaci\u00f3n en las zonas de reserva y ecosistemas estrat\u00e9gicos.&nbsp;<\/p>\n<p>La Secretar\u00eda de Medio Ambiente, con un equipo de 32 guardabosques, adelanta acciones de control y vigilancia, mantenimiento y monitoreo de la biodiversidad en 2.700 hect\u00e1reas de reservas naturales y en 814 hect\u00e1reas del Refugio de Vida Silvestre Alto de San Miguel.<\/p>\n<\/div>\n<div class=\"compartir\">Compartir en:<a title=\"\" href=\"http:\/\/www.facebook.com\/share.php?u=\" class=\"btCompartirFacebook btCompartir\" target=\"_blank\" rel=\"noopener\"><\/a><a title=\"\" href=\"http:\/\/twitter.com\/home?status=Haz%20clic%20para%20ver%20esta%20noticia%20en%20\" class=\"btCompartirTwitter btCompartir\"><\/a><a title=\"\" href=\"whatsapp:\/\/send?text=Haz%20clic%20para%20ver%20esta%20noticia%20en%20\" class=\"btCompartirWa btCompartir\"><\/a><\/div>\n<\/div>\n<p><script>try{comprobarImagen();fixBtnRedes();hitsMedellin();}catch(e){}<\/script><\/div>\n<p><\/span><\/span><\/p>\n","protected":false},"excerpt":{"rendered":"<p>Foto: En 30 % se incrementaron los avistamientos de aves y nuevas especies de fauna en Medell\u00edn durante 2021. Fot\u00f3grafo: Foto Alcald\u00eda de Medelll\u00edn 2022-01-03 En 30 % se incrementaron los avistamientos de aves y &#8230;<\/p>\n","protected":false},"author":1,"featured_media":57198,"comment_status":"open","ping_status":"open","sticky":false,"template":"","format":"standard","meta":[],"categories":[13],"tags":[451,441,436],"formato_nota":[],"programas_tax":[],"acf":[],"_links":{"self":[{"href":"https:\/\/www.medellin.gov.co\/es\/wp-json\/wp\/v2\/posts\/52882"}],"collection":[{"href":"https:\/\/www.medellin.gov.co\/es\/wp-json\/wp\/v2\/posts"}],"about":[{"href":"https:\/\/www.medellin.gov.co\/es\/wp-json\/wp\/v2\/types\/post"}],"author":[{"embeddable":true,"href":"https:\/\/www.medellin.gov.co\/es\/wp-json\/wp\/v2\/users\/1"}],"replies":[{"embeddable":true,"href":"https:\/\/www.medellin.gov.co\/es\/wp-json\/wp\/v2\/comments?post=52882"}],"version-history":[{"count":1,"href":"https:\/\/www.medellin.gov.co\/es\/wp-json\/wp\/v2\/posts\/52882\/revisions"}],"predecessor-version":[{"id":54043,"href":"https:\/\/www.medellin.gov.co\/es\/wp-json\/wp\/v2\/posts\/52882\/revisions\/54043"}],"wp:featuredmedia":[{"embeddable":true,"href":"https:\/\/www.medellin.gov.co\/es\/wp-json\/wp\/v2\/media\/57198"}],"wp:attachment":[{"href":"https:\/\/www.medellin.gov.co\/es\/wp-json\/wp\/v2\/media?parent=52882"}],"wp:term":[{"taxonomy":"category","embeddable":true,"href":"https:\/\/www.medellin.gov.co\/es\/wp-json\/wp\/v2\/categories?post=52882"},{"taxonomy":"post_tag","embeddable":true,"href":"https:\/\/www.medellin.gov.co\/es\/wp-json\/wp\/v2\/tags?post=52882"},{"taxonomy":"formato_nota","embeddable":true,"href":"https:\/\/www.medellin.gov.co\/es\/wp-json\/wp\/v2\/formato_nota?post=52882"},{"taxonomy":"programas_tax","embeddable":true,"href":"https:\/\/www.medellin.gov.co\/es\/wp-json\/wp\/v2\/programas_tax?post=52882"}],"curies":[{"name":"wp","href":"https:\/\/api.w.org\/{rel}","templated":true}]}}