{"id":52932,"date":"2022-01-10T00:00:00","date_gmt":"2022-01-10T05:00:00","guid":{"rendered":"https:\/\/www.medellin.gov.co\/es\/saladeprensa\/noticias\/55-procesos-sociales-y-comunitarios-de-paz-recibieron-recursos-de-la-alcaldia-de-medellin-para-fortalecer-su-trabajo\/"},"modified":"2022-03-27T22:00:21","modified_gmt":"2022-03-28T03:00:21","slug":"55-procesos-sociales-y-comunitarios-de-paz-recibieron-recursos-de-la-alcaldia-de-medellin-para-fortalecer-su-trabajo","status":"publish","type":"post","link":"https:\/\/www.medellin.gov.co\/es\/sala-de-prensa\/noticias\/55-procesos-sociales-y-comunitarios-de-paz-recibieron-recursos-de-la-alcaldia-de-medellin-para-fortalecer-su-trabajo\/","title":{"rendered":"55 procesos sociales y comunitarios de paz recibieron recursos de la Alcald\u00eda de Medell\u00edn para fortalecer su trabajo"},"content":{"rendered":"<p><span style=\"vertical-align: inherit;\"><span style=\"vertical-align: inherit;\"><\/p>\n<div class=\"wrap contenido\">\n<div class=\"noticia\">\n<div class=\"imagen\">\n<div class=\"divContImageNoticia input_plantilla input_background\" data-input=\"fotografia\" ruta=\"\/galerias\/Imagenes\/Galer\u00eda d\u00eda a d\u00eda 2022\/500_400\/20220111-Iniciativas-de-Paz-1.jpg\" fotografo=\"Foto Alcald\u00eda de Medell\u00edn\" descripcion=\"55 procesos sociales y comunitarios de paz recibieron recursos de la Alcald\u00eda de Medell\u00edn para fortalecer su trabajo.\" style=\"background-image:url('\/irj\/go\/km\/docs\/galerias\/Imagenes\/Galer\u00eda d\u00eda a d\u00eda 2022\/500_400\/20220111-Iniciativas-de-Paz-1.jpg')\"><\/div>\n<p class=\"pMetaDesc\">Foto: 55 procesos sociales y comunitarios de paz recibieron recursos de la Alcald\u00eda de Medell\u00edn para fortalecer su trabajo.<\/p>\n<p class=\"pMetaFotografo\">Fot\u00f3grafo: Foto Alcald\u00eda de Medell\u00edn<\/p>\n<\/div>\n<p class=\"fecha\"><span class=\"input_plantilla input_text\" data-input=\"fecha\">2022-01-10<\/span><\/p>\n<p><span itemprop=\"name\" class=\"input_plantilla input_text\" data-input=\"titulo\">55 procesos sociales y comunitarios de paz recibieron recursos de la Alcald\u00eda de Medell\u00edn para fortalecer su trabajo<\/span><\/p>\n<h5 class=\"input_plantilla input_text\" data-input=\"autor\">Por Yenifer Yepes Rom\u00e1n<\/h5>\n<div class=\"cuerpo input_plantilla input_area\" data-input=\"contenido\">\n<p>.: Las iniciativas son una apuesta de la Secretar\u00eda de la No-Violencia por potencializar la labor de las organizaciones sociales de base.<\/p>\n<p>.: Las entidades recibieron bienes consumibles y servicios para intervenir en sus territorios.<\/p>\n<p><a href=\"\/irj\/go\/km\/docs\/etc\/PortalMedellin\/archivos\/inclusion_social,_familia_y_ddhh\/20220111-Iniciativas-de-Paz-01.mp3\" class=\"aContEnlace liMp3\" download=\"\" data-mce-href=\"\/irj\/go\/km\/docs\/etc\/PortalMedellin\/archivos\/inclusion_social,_familia_y_ddhh\/20220111-Iniciativas-de-Paz-01.mp3\"><span>Palabras de Carolina Saldarriaga, subsecretar\u00eda de Construcci\u00f3n de Paz Territorial.<\/span><span><\/span><span>938 Kb<\/span><\/a><\/p>\n<p><a href=\"\/irj\/go\/km\/docs\/etc\/PortalMedellin\/archivos\/inclusion_social,_familia_y_ddhh\/20220111-Iniciativas-de-Paz-02.mp3\" class=\"aContEnlace liMp3\" download=\"\" data-mce-href=\"\/irj\/go\/km\/docs\/etc\/PortalMedellin\/archivos\/inclusion_social,_familia_y_ddhh\/20220111-Iniciativas-de-Paz-02.mp3\"><span>Palabras de Giovanny Moreno, miembro de la iniciativa de hip hop, Ak47.<\/span><span><\/span><span>1383 Kb<\/span><\/a><\/p>\n<p>Con la intenci\u00f3n de fortalecer el trabajo territorial de los colectivos y las organizaciones sociales que se orientan a la paz, la Alcald\u00eda de Medell\u00edn entreg\u00f3 recursos en bienes consumibles, servicios y acompa\u00f1amiento a 55 iniciativas, lo que ayudar\u00e1 a cumplir sus objetivos.<\/p>\n<p>Esto ha permitido que la Administraci\u00f3n Municipal genere lazos de confianza con la ciudadan\u00eda y se articule con entidades que tienen experiencia con comunidades y formaci\u00f3n para la paz.<\/p>\n<p>Cerca de 1.000 personas integran las propuestas seleccionadas, que se enmarcan en tres enfoques: memoria y resistencia; pedagog\u00eda y reconciliaci\u00f3n; y actuaci\u00f3n pol\u00edtica-organizativa.<\/p>\n<p><a data-mce-href=\"\/irj\/go\/km\/docs\/galerias\/Imagenes\/Galer%C3%ADa%20d%C3%ADa%20a%20d%C3%ADa%202022\/20220111-Iniciativas-de-Paz-2.jpg\" href=\"\/irj\/go\/km\/docs\/galerias\/Imagenes\/Galer%C3%ADa%20d%C3%ADa%20a%20d%C3%ADa%202022\/20220111-Iniciativas-de-Paz-2.jpg\" title=\"55 procesos sociales y comunitarios de paz recibieron recursos de la Alcald\u00eda de Medell\u00edn para fortalecer su trabajo\" target=\"_blank\" rel=\"noopener\"><img src=\"\/irj\/go\/km\/docs\/galerias\/Imagenes\/Galer%C3%ADa%20d%C3%ADa%20a%20d%C3%ADa%202022\/1000_450\/20220111-Iniciativas-de-Paz-2.jpg\" alt=\"55 procesos sociales y comunitarios de paz recibieron recursos de la Alcald\u00eda de Medell\u00edn para fortalecer su trabajo\" width=\"100%\"><\/a><br data-mce-bogus=\"1\"><\/p>\n<p>\u201c<em>Desde la Secretar\u00eda de la No-Violencia reconocemos la trayectoria y la incidencia territorial que tienen las organizaciones sociales, colectivos y movimientos, por eso ofrecemos un acompa\u00f1amiento t\u00e9cnico para que esas organizaciones desarrollen su trabajo dentro de sus comunas y corregimientos<\/em>\u201d, dijo la subsecretar\u00eda de Construcci\u00f3n de Paz Territorial, Carolina Saldarriaga.<\/p>\n<p>La selecci\u00f3n se hizo con base en el impacto territorial en los lugares con mayor riesgo de victimizaci\u00f3n y en la garant\u00eda de derechos, considerados en los enfoques diferenciales con los que se ejecuta el proyecto Construcci\u00f3n Democr\u00e1tica de Paz Territorial: atenci\u00f3n a ni\u00f1os, ni\u00f1as, adolescentes y j\u00f3venes (NNAJ), enfoques de g\u00e9nero, \u00e9tnico, rural y diversidad sexual.<\/p>\n<p>Algunas de las iniciativas son: Escuela de Hip Hop (de la organizaci\u00f3n Ak-47), Semilleritos de Paz (de la Mesa de Derechos Humanos de la comuna 5-Castilla), La Esquina Radio (de la Asociaci\u00f3n Palco), Historia por un Corte (de la organizaci\u00f3n Barber Art), Semillas LGBTIQ+, Mujeres al Derecho y Agricultura Urbana para la Paz.<\/p>\n<p>Las organizaciones est\u00e1n ubicadas en las comunas Popular, Santa Cruz, Manrique, Aranjuez, Castilla, Doce de Octubre, Robledo, Villa Hermosa, Buenos Aires, La Candelaria y San Javier, y en los corregimientos Altavista y Santa Elena.<\/p>\n<p>\u201c<em>Venimos trabajando desde hace nueve a\u00f1os con NNAJ, aportando un poco a la transformaci\u00f3n de la vida de cada uno de los participantes, viendo como el hip hop se vuelve una herramienta de cambio social en el territorio. Agradecemos a la secretar\u00eda por pertenecer a este proyecto tan bacano y por todo lo que viene haciendo en la ciudad\u201d,<\/em> dijo Giovanny Moreno, miembro de la iniciativa de hip hop, Ak47.<\/p>\n<p>De esta manera, la Alcald\u00eda de Medell\u00edn, desde la Secretar\u00eda de la No-Violencia, potencializa y garantiza que los colectivos contin\u00faen con su gesti\u00f3n en los territorios.<\/p>\n<\/div>\n<div class=\"compartir\">Compartir en:<a title=\"\" href=\"http:\/\/www.facebook.com\/share.php?u=\" class=\"btCompartirFacebook btCompartir\" target=\"_blank\" rel=\"noopener\"><\/a><a title=\"\" href=\"http:\/\/twitter.com\/home?status=Haz%20clic%20para%20ver%20esta%20noticia%20en%20\" class=\"btCompartirTwitter btCompartir\"><\/a><a title=\"\" href=\"whatsapp:\/\/send?text=Haz%20clic%20para%20ver%20esta%20noticia%20en%20\" class=\"btCompartirWa btCompartir\"><\/a><\/div>\n<\/div>\n<p><script>try{comprobarImagen();fixBtnRedes();hitsMedellin();}catch(e){}<\/script><\/div>\n<p><\/span><\/span><\/p>\n","protected":false},"excerpt":{"rendered":"<p>Foto: 55 procesos sociales y comunitarios de paz recibieron recursos de la Alcald\u00eda de Medell\u00edn para fortalecer su trabajo. Fot\u00f3grafo: Foto Alcald\u00eda de Medell\u00edn 2022-01-10 55 procesos sociales y comunitarios de paz recibieron recursos de &#8230;<\/p>\n","protected":false},"author":1,"featured_media":57223,"comment_status":"open","ping_status":"open","sticky":false,"template":"","format":"standard","meta":[],"categories":[20],"tags":[451,453,450],"formato_nota":[],"programas_tax":[],"acf":[],"_links":{"self":[{"href":"https:\/\/www.medellin.gov.co\/es\/wp-json\/wp\/v2\/posts\/52932"}],"collection":[{"href":"https:\/\/www.medellin.gov.co\/es\/wp-json\/wp\/v2\/posts"}],"about":[{"href":"https:\/\/www.medellin.gov.co\/es\/wp-json\/wp\/v2\/types\/post"}],"author":[{"embeddable":true,"href":"https:\/\/www.medellin.gov.co\/es\/wp-json\/wp\/v2\/users\/1"}],"replies":[{"embeddable":true,"href":"https:\/\/www.medellin.gov.co\/es\/wp-json\/wp\/v2\/comments?post=52932"}],"version-history":[{"count":1,"href":"https:\/\/www.medellin.gov.co\/es\/wp-json\/wp\/v2\/posts\/52932\/revisions"}],"predecessor-version":[{"id":54068,"href":"https:\/\/www.medellin.gov.co\/es\/wp-json\/wp\/v2\/posts\/52932\/revisions\/54068"}],"wp:featuredmedia":[{"embeddable":true,"href":"https:\/\/www.medellin.gov.co\/es\/wp-json\/wp\/v2\/media\/57223"}],"wp:attachment":[{"href":"https:\/\/www.medellin.gov.co\/es\/wp-json\/wp\/v2\/media?parent=52932"}],"wp:term":[{"taxonomy":"category","embeddable":true,"href":"https:\/\/www.medellin.gov.co\/es\/wp-json\/wp\/v2\/categories?post=52932"},{"taxonomy":"post_tag","embeddable":true,"href":"https:\/\/www.medellin.gov.co\/es\/wp-json\/wp\/v2\/tags?post=52932"},{"taxonomy":"formato_nota","embeddable":true,"href":"https:\/\/www.medellin.gov.co\/es\/wp-json\/wp\/v2\/formato_nota?post=52932"},{"taxonomy":"programas_tax","embeddable":true,"href":"https:\/\/www.medellin.gov.co\/es\/wp-json\/wp\/v2\/programas_tax?post=52932"}],"curies":[{"name":"wp","href":"https:\/\/api.w.org\/{rel}","templated":true}]}}