{"id":52944,"date":"2022-01-12T00:00:00","date_gmt":"2022-01-12T05:00:00","guid":{"rendered":"https:\/\/www.medellin.gov.co\/es\/saladeprensa\/noticias\/desde-este-12-de-enero-se-estan-aplicando-dosis-de-refuerzo-a-quienes-hayan-cumplido-cuatro-meses-desde-la-ultima-vacuna\/"},"modified":"2022-03-27T22:00:27","modified_gmt":"2022-03-28T03:00:27","slug":"desde-este-12-de-enero-se-estan-aplicando-dosis-de-refuerzo-a-quienes-hayan-cumplido-cuatro-meses-desde-la-ultima-vacuna","status":"publish","type":"post","link":"https:\/\/www.medellin.gov.co\/es\/sala-de-prensa\/noticias\/desde-este-12-de-enero-se-estan-aplicando-dosis-de-refuerzo-a-quienes-hayan-cumplido-cuatro-meses-desde-la-ultima-vacuna\/","title":{"rendered":"Desde este 12 de enero se est\u00e1n aplicando dosis de refuerzo a quienes hayan cumplido cuatro meses desde la \u00faltima vacuna"},"content":{"rendered":"<p><span style=\"vertical-align: inherit;\"><span style=\"vertical-align: inherit;\"><\/p>\n<div class=\"wrap contenido\">\n<div class=\"noticia\">\n<div class=\"imagen\">\n<div class=\"divContImageNoticia input_plantilla input_background\" data-input=\"fotografia\" ruta=\"\/galerias\/Imagenes\/Galer\u00eda d\u00eda a d\u00eda 2022\/500_400\/20220112-Vacunacion-Covid-1.jpg\" fotografo=\"Foto Alcald\u00eda de Medell\u00edn\" descripcion=\"Desde este 12 de enero se est\u00e1n aplicando dosis de refuerzo a quienes hayan cumplido cuatro meses desde la \u00faltima vacuna.\" style=\"background-image:url('\/irj\/go\/km\/docs\/galerias\/Imagenes\/Galer\u00eda d\u00eda a d\u00eda 2022\/500_400\/20220112-Vacunacion-Covid-1.jpg')\"><\/div>\n<p class=\"pMetaDesc\">Foto: Desde este 12 de enero se est\u00e1n aplicando dosis de refuerzo a quienes hayan cumplido cuatro meses desde la \u00faltima vacuna.<\/p>\n<p class=\"pMetaFotografo\">Fot\u00f3grafo: Foto Alcald\u00eda de Medell\u00edn<\/p>\n<\/div>\n<p class=\"fecha\"><span class=\"input_plantilla input_text\" data-input=\"fecha\">2022-01-12<\/span><\/p>\n<p><span itemprop=\"name\" class=\"input_plantilla input_text\" data-input=\"titulo\">Desde este 12 de enero se est\u00e1n aplicando dosis de refuerzo a quienes hayan cumplido cuatro meses desde la \u00faltima vacuna<\/span><\/p>\n<h5 class=\"input_plantilla input_text\" data-input=\"autor\">Por M\u00e1bel Hern\u00e1ndez Toro<\/h5>\n<div class=\"cuerpo input_plantilla input_area\" data-input=\"contenido\">\n<p class=\"MsoNormal\">.: Los mayores de 18 a\u00f1os podr\u00e1n acceder a la nueva dosis de refuerzo en un tiempo menor que anteriormente.<o_p><\/o_p><\/p>\n<p class=\"MsoNormal\">.: El 77,2 % de los habitantes de Medell\u00edn tienen el esquema de vacunaci\u00f3n completo, es decir, 1.986.860 personas. <o_p><\/o_p><\/p>\n<p class=\"MsoNormal\">.: A la fecha, 312.839 personas se han aplicado la tercera dosis contra el covid-19.<o_p><\/o_p><\/p>\n<p class=\"MsoNormal\"><a href=\"\/irj\/go\/km\/docs\/etc\/PortalMedellin\/archivos\/salud\/20220112-Vacunacion-Covid-01.mp3\" class=\"aContEnlace liMp3\" download=\"\" data-mce-href=\"\/irj\/go\/km\/docs\/etc\/PortalMedellin\/archivos\/salud\/20220112-Vacunacion-Covid-01.mp3\"><span>Palabras de Milena Lopera, subsecretaria de Salud P\u00fablica.<\/span><span><\/span><span>1614 Kb<\/span><\/a><\/p>\n<p class=\"MsoNormal\">Desde este 12 de enero, en Medell\u00edn, quienes hayan cumplido cuatro meses desde la \u00faltima dosis de la vacuna contra el covid-19 pueden acercarse a los puntos de inmunizaci\u00f3n para acceder al refuerzo de la misma. Todos los puestos masivos en centros comerciales, unidades hospitalarias y los ubicados en la red p\u00fablica y privada ofrecer\u00e1n el biol\u00f3gico de 8:00 a. m. a 5:00 p. m.<o_p><\/o_p><\/p>\n<p class=\"MsoNormal\">A la fecha, la Alcald\u00eda de Medell\u00edn reporta un avance en la vacunaci\u00f3n, a nivel local, con un 77,2 % de ciudadanos con esquema completo. El proceso ha sido referente por la buena ejecuci\u00f3n del Plan Municipal de Vacunaci\u00f3n y registra 4.051.651 biol\u00f3gicos aplicados (1.904.844 son primeras dosis, 1.833.878 son esquemas completos y 312.839 son terceras dosis).<o_p><\/o_p><\/p>\n<p class=\"MsoNormal\">Por otro lado, ante el posible aumento de casos, la subsecretaria de Salud P\u00fablica, Milena Lopera record\u00f3 los nuevos lineamientos del Ministerio de Salud. \u201c<i style=\"mso-bidi-font-style: normal;\" data-mce-style=\"mso-bidi-font-style: normal;\">Es importante que si una persona est\u00e1 con sintomatolog\u00eda se aisle por siete d\u00edas. Los mayores de 60 a\u00f1os y menores de tres a\u00f1os, que son sintom\u00e1ticos, deben tomarse la muestra<\/i>\u201d. Adem\u00e1s, recomend\u00f3 prestar atenci\u00f3n ante cualquier s\u00edntoma y mantener las medidas de autocuidado. <o_p><\/o_p><\/p>\n<p class=\"MsoNormal\">En el caso de las pruebas, los mayores de 60 a\u00f1os y menores de tres a\u00f1os, que son sintom\u00e1ticos, deben tomarse la muestra.<\/p>\n<\/div>\n<div class=\"compartir\">Compartir en:<a title=\"\" href=\"http:\/\/www.facebook.com\/share.php?u=\" class=\"btCompartirFacebook btCompartir\" target=\"_blank\" rel=\"noopener\"><\/a><a title=\"\" href=\"http:\/\/twitter.com\/home?status=Haz%20clic%20para%20ver%20esta%20noticia%20en%20\" class=\"btCompartirTwitter btCompartir\"><\/a><a title=\"\" href=\"whatsapp:\/\/send?text=Haz%20clic%20para%20ver%20esta%20noticia%20en%20\" class=\"btCompartirWa btCompartir\"><\/a><\/div>\n<\/div>\n<p><script>try{comprobarImagen();fixBtnRedes();hitsMedellin();}catch(e){}<\/script><\/div>\n<p><\/span><\/span><\/p>\n","protected":false},"excerpt":{"rendered":"<p>Foto: Desde este 12 de enero se est\u00e1n aplicando dosis de refuerzo a quienes hayan cumplido cuatro meses desde la \u00faltima vacuna. Fot\u00f3grafo: Foto Alcald\u00eda de Medell\u00edn 2022-01-12 Desde este 12 de enero se est\u00e1n &#8230;<\/p>\n","protected":false},"author":1,"featured_media":57229,"comment_status":"open","ping_status":"open","sticky":false,"template":"","format":"standard","meta":[],"categories":[8,18],"tags":[435,452],"formato_nota":[],"programas_tax":[],"acf":[],"_links":{"self":[{"href":"https:\/\/www.medellin.gov.co\/es\/wp-json\/wp\/v2\/posts\/52944"}],"collection":[{"href":"https:\/\/www.medellin.gov.co\/es\/wp-json\/wp\/v2\/posts"}],"about":[{"href":"https:\/\/www.medellin.gov.co\/es\/wp-json\/wp\/v2\/types\/post"}],"author":[{"embeddable":true,"href":"https:\/\/www.medellin.gov.co\/es\/wp-json\/wp\/v2\/users\/1"}],"replies":[{"embeddable":true,"href":"https:\/\/www.medellin.gov.co\/es\/wp-json\/wp\/v2\/comments?post=52944"}],"version-history":[{"count":1,"href":"https:\/\/www.medellin.gov.co\/es\/wp-json\/wp\/v2\/posts\/52944\/revisions"}],"predecessor-version":[{"id":54074,"href":"https:\/\/www.medellin.gov.co\/es\/wp-json\/wp\/v2\/posts\/52944\/revisions\/54074"}],"wp:featuredmedia":[{"embeddable":true,"href":"https:\/\/www.medellin.gov.co\/es\/wp-json\/wp\/v2\/media\/57229"}],"wp:attachment":[{"href":"https:\/\/www.medellin.gov.co\/es\/wp-json\/wp\/v2\/media?parent=52944"}],"wp:term":[{"taxonomy":"category","embeddable":true,"href":"https:\/\/www.medellin.gov.co\/es\/wp-json\/wp\/v2\/categories?post=52944"},{"taxonomy":"post_tag","embeddable":true,"href":"https:\/\/www.medellin.gov.co\/es\/wp-json\/wp\/v2\/tags?post=52944"},{"taxonomy":"formato_nota","embeddable":true,"href":"https:\/\/www.medellin.gov.co\/es\/wp-json\/wp\/v2\/formato_nota?post=52944"},{"taxonomy":"programas_tax","embeddable":true,"href":"https:\/\/www.medellin.gov.co\/es\/wp-json\/wp\/v2\/programas_tax?post=52944"}],"curies":[{"name":"wp","href":"https:\/\/api.w.org\/{rel}","templated":true}]}}