{"id":555486,"date":"2026-08-10T15:09:14","date_gmt":"2026-08-10T20:09:14","guid":{"rendered":"https:\/\/www.medellin.gov.co\/es\/?p=555486"},"modified":"2026-08-11T15:03:56","modified_gmt":"2026-08-11T20:03:56","slug":"el-alcalde-federico-gutierrez-confirmo-que-medellin-desplego-su-capacidad-para-apoyar-a-ciudades-afectadas-por-el-sismo-estamos-listos-para-ayudar","status":"publish","type":"post","link":"https:\/\/www.medellin.gov.co\/es\/sala-de-prensa\/noticias\/el-alcalde-federico-gutierrez-confirmo-que-medellin-desplego-su-capacidad-para-apoyar-a-ciudades-afectadas-por-el-sismo-estamos-listos-para-ayudar\/","title":{"rendered":"El alcalde Federico Guti\u00e9rrez confirm\u00f3 que Medell\u00edn despleg\u00f3 su capacidad para apoyar a ciudades afectadas por el sismo: \u201cEstamos listos para ayudar\u201d"},"content":{"rendered":"<ul>\n<li>En Medell\u00edn se recibieron 361 llamadas en la l\u00ednea 123, por reportes de posibles afectaciones parciales en estructuras, sin reportes de gravedad.<\/li>\n<li>Se cre\u00f3, adem\u00e1s, un corredor humanitario para recolectar y movilizar ayudas a las zonas del pa\u00eds m\u00e1s afectadas por la emergencia.<\/li>\n<\/ul>\n<p>El alcalde Federico Guti\u00e9rrez entreg\u00f3 un parte de tranquilidad tras el sismo de magnitud 7,4 registrado este lunes 1o de agosto, con epicentro en <a href=\"https:\/\/www.sanjosedelpalmar-choco.gov.co\/\" target=\"_blank\" rel=\"noopener\">San Jos\u00e9 del Palmar, Choc\u00f3<\/a>, y confirm\u00f3 que todas las capacidades de gesti\u00f3n del riesgo de <a href=\"https:\/\/www.instagram.com\/alcaldiademed\/\" target=\"_blank\" rel=\"noopener\">Medell\u00edn<\/a> est\u00e1n dispuestas en el Puesto de Mando Unificado Distrital habilitado para atender cualquier novedad y coordinar las ayudas que ser\u00e1n enviadas a las ciudades que resultaron afectadas por la emergencia.<\/p>\n<p><img loading=\"lazy\" class=\"alignnone wp-image-555496 size-full\" title=\"Federico Guti\u00e9rrez emergencia-cismo\" src=\"https:\/\/www.medellin.gov.co\/es\/wp-content\/uploads\/2026\/08\/Imagen-alcalde-Federico-Gutierrez-emergencia-cismo-1.jpg\" alt=\"Imagen alcalde Federico Guti\u00e9rrez emergencia-cismo (1)\" width=\"1280\" height=\"855\" srcset=\"https:\/\/www.medellin.gov.co\/es\/wp-content\/uploads\/2026\/08\/Imagen-alcalde-Federico-Gutierrez-emergencia-cismo-1.jpg 1280w, https:\/\/www.medellin.gov.co\/es\/wp-content\/uploads\/2026\/08\/Imagen-alcalde-Federico-Gutierrez-emergencia-cismo-1-300x200.jpg 300w, https:\/\/www.medellin.gov.co\/es\/wp-content\/uploads\/2026\/08\/Imagen-alcalde-Federico-Gutierrez-emergencia-cismo-1-1024x684.jpg 1024w, https:\/\/www.medellin.gov.co\/es\/wp-content\/uploads\/2026\/08\/Imagen-alcalde-Federico-Gutierrez-emergencia-cismo-1-150x100.jpg 150w, https:\/\/www.medellin.gov.co\/es\/wp-content\/uploads\/2026\/08\/Imagen-alcalde-Federico-Gutierrez-emergencia-cismo-1-768x513.jpg 768w\" sizes=\"(max-width: 1280px) 100vw, 1280px\" \/><\/p>\n<p>Despu\u00e9s del sismo, con epicentro a aproximadamente 159 kil\u00f3metros de Medell\u00edn, se recibieron 361 llamadas en la l\u00ednea 123, por reportes de posibles afectaciones parciales en estructuras, como grietas o da\u00f1os en techos, por lo cual se activaron de inmediato equipos profesionales. Se han realizado inspecciones en 14 puentes sin hallazgos de anomal\u00edas; avanzan revisiones en instituciones educativas, sin reporte de da\u00f1os; en unidades residenciales; y en instalaciones de la Fuerza P\u00fablica, con los batallones de Buenos Aires y Girardot en evaluaci\u00f3n por reporte de agrietamientos en los techos.<\/p>\n<p>\u201cNo tenemos reporte ni de persona heridas ni de personas que hayan perdido la vida. Gracias a Dios, en Medell\u00edn no tenemos ese reporte. Quiero insistir en algo: he visto algunas cadenas de WhatsApp e informaci\u00f3n falsa, donde inclusive vemos que hay personas que dicen que a tal hora se producir\u00eda una r\u00e9plica, eso es absolutamente falso. No hay quien pueda determinar una r\u00e9plica, hay que estar preparados. Esperemos que no sea as\u00ed, pero por lo general pueden existir las r\u00e9plicas despu\u00e9s de un fuerte temblor\u201d, expres\u00f3 el alcalde.<\/p>\n\n\t\t<style type=\"text\/css\">\n\t\t\t#gallery-1 {\n\t\t\t\tmargin: auto;\n\t\t\t}\n\t\t\t#gallery-1 .gallery-item {\n\t\t\t\tfloat: left;\n\t\t\t\tmargin-top: 10px;\n\t\t\t\ttext-align: center;\n\t\t\t\twidth: 50%;\n\t\t\t}\n\t\t\t#gallery-1 img {\n\t\t\t\tborder: 2px solid #cfcfcf;\n\t\t\t}\n\t\t\t#gallery-1 .gallery-caption {\n\t\t\t\tmargin-left: 0;\n\t\t\t}\n\t\t\t\/* see gallery_shortcode() in wp-includes\/media.php *\/\n\t\t<\/style>\n\t\t<div id='gallery-1' class='gallery galleryid-555486 gallery-columns-2 gallery-size-full'><dl class='gallery-item'>\n\t\t\t<dt class='gallery-icon landscape'>\n\t\t\t\t<a href='https:\/\/www.medellin.gov.co\/es\/sala-de-prensa\/noticias\/el-alcalde-federico-gutierrez-confirmo-que-medellin-desplego-su-capacidad-para-apoyar-a-ciudades-afectadas-por-el-sismo-estamos-listos-para-ayudar\/imagen-alcalde-federico-gutierrez-emergencia-cismo-3\/'><img width=\"1280\" height=\"855\" src=\"https:\/\/www.medellin.gov.co\/es\/wp-content\/uploads\/2026\/08\/Imagen-alcalde-Federico-Gutierrez-emergencia-cismo-3.jpg\" class=\"attachment-full size-full\" alt=\"Imagen alcalde Federico Guti\u00e9rrez emergencia-cismo (4)\" loading=\"lazy\" srcset=\"https:\/\/www.medellin.gov.co\/es\/wp-content\/uploads\/2026\/08\/Imagen-alcalde-Federico-Gutierrez-emergencia-cismo-3.jpg 1280w, https:\/\/www.medellin.gov.co\/es\/wp-content\/uploads\/2026\/08\/Imagen-alcalde-Federico-Gutierrez-emergencia-cismo-3-300x200.jpg 300w, https:\/\/www.medellin.gov.co\/es\/wp-content\/uploads\/2026\/08\/Imagen-alcalde-Federico-Gutierrez-emergencia-cismo-3-1024x684.jpg 1024w, https:\/\/www.medellin.gov.co\/es\/wp-content\/uploads\/2026\/08\/Imagen-alcalde-Federico-Gutierrez-emergencia-cismo-3-150x100.jpg 150w, https:\/\/www.medellin.gov.co\/es\/wp-content\/uploads\/2026\/08\/Imagen-alcalde-Federico-Gutierrez-emergencia-cismo-3-768x513.jpg 768w\" sizes=\"(max-width: 1280px) 100vw, 1280px\" \/><\/a>\n\t\t\t<\/dt><\/dl><dl class='gallery-item'>\n\t\t\t<dt class='gallery-icon landscape'>\n\t\t\t\t<a href='https:\/\/www.medellin.gov.co\/es\/sala-de-prensa\/noticias\/el-alcalde-federico-gutierrez-confirmo-que-medellin-desplego-su-capacidad-para-apoyar-a-ciudades-afectadas-por-el-sismo-estamos-listos-para-ayudar\/imagen-alcalde-federico-gutierrez-emergencia-cismo-4\/'><img width=\"1280\" height=\"855\" src=\"https:\/\/www.medellin.gov.co\/es\/wp-content\/uploads\/2026\/08\/Imagen-alcalde-Federico-Gutierrez-emergencia-cismo-4.jpg\" class=\"attachment-full size-full\" alt=\"Imagen alcalde Federico Guti\u00e9rrez emergencia-cismo (4)\" loading=\"lazy\" srcset=\"https:\/\/www.medellin.gov.co\/es\/wp-content\/uploads\/2026\/08\/Imagen-alcalde-Federico-Gutierrez-emergencia-cismo-4.jpg 1280w, https:\/\/www.medellin.gov.co\/es\/wp-content\/uploads\/2026\/08\/Imagen-alcalde-Federico-Gutierrez-emergencia-cismo-4-300x200.jpg 300w, https:\/\/www.medellin.gov.co\/es\/wp-content\/uploads\/2026\/08\/Imagen-alcalde-Federico-Gutierrez-emergencia-cismo-4-1024x684.jpg 1024w, https:\/\/www.medellin.gov.co\/es\/wp-content\/uploads\/2026\/08\/Imagen-alcalde-Federico-Gutierrez-emergencia-cismo-4-150x100.jpg 150w, https:\/\/www.medellin.gov.co\/es\/wp-content\/uploads\/2026\/08\/Imagen-alcalde-Federico-Gutierrez-emergencia-cismo-4-768x513.jpg 768w\" sizes=\"(max-width: 1280px) 100vw, 1280px\" \/><\/a>\n\t\t\t<\/dt><\/dl><br style=\"clear: both\" \/>\n\t\t<\/div>\n\n<p>Los equipos dispuestos para las labores de verificaci\u00f3n incluyen 263 bomberos y m\u00e1s de 40 ingenieros estructurales del <a href=\"https:\/\/cdnwordpresstest-f0ekdgevcngegudb.z01.azurefd.net\/es\/wp-content\/uploads\/2026\/08\/balance_feriadelas_flores_2026-5.jpg\">DAGRD<\/a>; y el grupo de b\u00fasqueda y rescate en estructuras colapsadas. La ciudad tiene m\u00e1s de 600 tipos de equipos especializados en b\u00fasqueda, rescate, estabilizaci\u00f3n y atenci\u00f3n de emergencias.<\/p>\n<p><div class=\"iframe-container\"><iframe title=\"YouTube video player\" src=\"https:\/\/www.youtube.com\/embed\/dnAD9XqWQ4g?si=DAR4DOux9A7tUB0L\" width=\"100%\" height=\"400\" frameborder=\"0\" allowfullscreen=\"allowfullscreen\"><span data-mce-type=\"bookmark\" style=\"display: inline-block; width: 0px; overflow: hidden; line-height: 0;\" class=\"mce_SELRES_start\">\ufeff<\/span><\/iframe><\/div><\/p>\n<p>Adem\u00e1s, hay m\u00e1s de 2.100 voluntarios de organismos de socorro activados, y m\u00e1s de 700 personas del sector salud preparadas para cualquier novedad. Con el fin de garantizar la seguridad de todos los usuarios, el <a href=\"https:\/\/www.metrodemedellin.gov.co\/\" target=\"_blank\" rel=\"noopener\">Metro de Medell\u00edn<\/a> activ\u00f3 sus protocolos de inspecci\u00f3n en las estaciones, pilonas e infraestructura. Las l\u00edneas han ido retomando el servicio poco a poco, mientras el personal termina las verificaciones. Son 80 agentes de tr\u00e1nsito y 40 practicantes dispuestos en distintas zonas y v\u00edas.<\/p>\n<p><a href=\"https:\/\/www.epm.com.co\/\" target=\"_blank\" rel=\"noopener\">EPM<\/a> mantiene sus operaciones con normalidad en acueducto, alcantarillado, distribuci\u00f3n de gas y generaci\u00f3n, transmisi\u00f3n y distribuci\u00f3n de energ\u00eda. Hidroituango y las centrales de generaci\u00f3n que tiene EPM en distintas zonas del pa\u00eds est\u00e1n en buen estado.<\/p>\n<p><img loading=\"lazy\" class=\"alignnone wp-image-555487 size-full\" title=\"Federico Guti\u00e9rrez emergencia-cismo \" src=\"https:\/\/www.medellin.gov.co\/es\/wp-content\/uploads\/2026\/08\/Imagen-alcalde-Federico-Gutierrez-emergencia-cismo-5.jpg\" alt=\"Imagen alcalde Federico Guti\u00e9rrez emergencia-cismo (5)\" width=\"1280\" height=\"855\" srcset=\"https:\/\/www.medellin.gov.co\/es\/wp-content\/uploads\/2026\/08\/Imagen-alcalde-Federico-Gutierrez-emergencia-cismo-5.jpg 1280w, https:\/\/www.medellin.gov.co\/es\/wp-content\/uploads\/2026\/08\/Imagen-alcalde-Federico-Gutierrez-emergencia-cismo-5-300x200.jpg 300w, https:\/\/www.medellin.gov.co\/es\/wp-content\/uploads\/2026\/08\/Imagen-alcalde-Federico-Gutierrez-emergencia-cismo-5-1024x684.jpg 1024w, https:\/\/www.medellin.gov.co\/es\/wp-content\/uploads\/2026\/08\/Imagen-alcalde-Federico-Gutierrez-emergencia-cismo-5-150x100.jpg 150w, https:\/\/www.medellin.gov.co\/es\/wp-content\/uploads\/2026\/08\/Imagen-alcalde-Federico-Gutierrez-emergencia-cismo-5-768x513.jpg 768w\" sizes=\"(max-width: 1280px) 100vw, 1280px\" \/><\/p>\n<p>\u201cQuiero primero expresar nuestra solidaridad con las familias de las v\u00edctimas. Estamos listos para ayudar. Yo ya me he puesto en contacto con el se\u00f1or <a href=\"https:\/\/www.presidencia.gov.co\/\" target=\"_blank\" rel=\"noopener\">presidente de la Rep\u00fablica<\/a>, Abelardo De la Espriella, y con todo su equipo. Nosotros en dos horas o tres horas m\u00e1ximo vamos a tener un equipo de unidades de rescate de Medell\u00edn totalmente dotado. Van las 21 personas m\u00e1s capacitadas en b\u00fasqueda y rescate de personas en edificaciones colapsadas y van dos ingenieros m\u00e1s. Estamos a la espera que nos digan a d\u00f3nde van: a Manizales, a Cali, a Pereira o a Quibd\u00f3\u201d, dijo Guti\u00e9rrez.<\/p>\n<p>En la ciudad se crearon puntos de acopio de ayudas en la Fundaci\u00f3n Banco Arquidiocesano de Alimentos de Medell\u00edn (carrera 52 # 30A-97), y la Fundaci\u00f3n Saciar (carrera 50 # 25-261), para recibir agua, alimentos listos para consumo, no perecederos y otros productos de canasta b\u00e1sica, as\u00ed como pa\u00f1ales, toallas higi\u00e9nicas, papel higi\u00e9nico, colchonetas y mantas. No se reciben medicamentos, ropa ni productos vencidos o perecederos. Presentes Corporaci\u00f3n habilit\u00f3 su canal de donaciones en dinero, <a href=\"https:\/\/presentes.co\/dona\/\" target=\"_blank\" rel=\"noopener\">https:\/\/presentes.co\/dona\/<\/a>.<\/p>\n<p><a href=\"https:\/\/presentes.co\/dona\/\" target=\"_blank\" rel=\"noopener\"><img loading=\"lazy\" class=\"alignnone wp-image-555517 size-full\" title=\"Estamos listos para ayudar\" src=\"https:\/\/www.medellin.gov.co\/es\/wp-content\/uploads\/2026\/08\/apoyo_ciudadnos_porsismo.jpg\" alt=\"\" width=\"1280\" height=\"1024\" srcset=\"https:\/\/www.medellin.gov.co\/es\/wp-content\/uploads\/2026\/08\/apoyo_ciudadnos_porsismo.jpg 1280w, https:\/\/www.medellin.gov.co\/es\/wp-content\/uploads\/2026\/08\/apoyo_ciudadnos_porsismo-300x240.jpg 300w, https:\/\/www.medellin.gov.co\/es\/wp-content\/uploads\/2026\/08\/apoyo_ciudadnos_porsismo-1024x819.jpg 1024w, https:\/\/www.medellin.gov.co\/es\/wp-content\/uploads\/2026\/08\/apoyo_ciudadnos_porsismo-150x120.jpg 150w, https:\/\/www.medellin.gov.co\/es\/wp-content\/uploads\/2026\/08\/apoyo_ciudadnos_porsismo-768x614.jpg 768w\" sizes=\"(max-width: 1280px) 100vw, 1280px\" \/><\/a><\/p>\n<p><strong>\u201cDesde Medell\u00edn, somos solidarios\u201d: alcalde Federico Guti\u00e9rrez envi\u00f3 equipo especializado a Quibd\u00f3 para apoyar b\u00fasqueda y rescate tras el terremoto <\/strong><\/p>\n<ul>\n<li>21 bomberos, dos ingenieros expertos en estructuras y tres caninos de b\u00fasqueda hacen parte de la comisi\u00f3n que se desplaz\u00f3 al Choc\u00f3, con cerca de seis toneladas de equipos especializados.<\/li>\n<li>El mandatario local hizo un llamado a ingenieros estructurales disponibles para evaluar el estado de edificaciones que no colapsaron en los sitios afectados.<\/li>\n<\/ul>\n<p>El Distrito, a trav\u00e9s del Departamento Administrativo de Gesti\u00f3n del Riesgo de Desastres -DAGRD- y el Cuerpo Oficial de Bomberos Medell\u00edn, envi\u00f3 a Quibd\u00f3 (Choc\u00f3) un equipo especializado de 21 bomberos y dos ingenieros expertos en estructuras para apoyar las labores de b\u00fasqueda y rescate de v\u00edctimas del sismo registrado este lunes en el suroriente del pa\u00eds.<\/p>\n<p>La misi\u00f3n contar\u00e1 con tres caninos especializados, drones, equipos de localizaci\u00f3n electr\u00f3nica, herramientas para la atenci\u00f3n de lesionados y equipos para intervenir estructuras y realizar operaciones de rescate. Entre los equipos hay maquinaria para perforaci\u00f3n de concreto reforzado y levantamiento de cargas, adem\u00e1s de aparatos de soporte operacional y log\u00edstica.<\/p>\n<p>En total, Medell\u00edn lleva hacia Quibd\u00f3 cerca de seis toneladas de equipos y m\u00e1s de 600 herramientas y elementos que ser\u00e1n utilizados de acuerdo con las necesidades que se identifiquen en territorio.<\/p>\n<p>\u201cQuiero agradecerles: son 23 personas, de ellas, dos mujeres, una del Cuerpo Oficial de Bomberos y otra que es ingeniera del DAGRD, especialista en temas de estructuras. Me he comunicado con el presidente Abelardo de la Estrella, y se determin\u00f3, en conjunto con el Gobierno Nacional, ofrecer estas capacidades para cualquiera de las zonas del pa\u00eds que lo necesiten\u201d, se\u00f1al\u00f3 el alcalde de Medell\u00edn, Federico Guti\u00e9rrez Zuluaga.<\/p>\n<p>En la articulaci\u00f3n regional, para atender la emergencia, participan el DAGRD, la Gobernaci\u00f3n de Antioquia y la Alcald\u00eda de Medell\u00edn, con el prop\u00f3sito de coordinar capacidades y brindar apoyo oportuno a las comunidades afectadas. \u201cQueremos convocar desde Medell\u00edn, especialmente a la Sociedad Antioque\u00f1a de Arquitectos, con la que estamos en contacto; a universidades y empresas. Se necesitan de manera urgente, tanto para Cali, Manizales y Pereira, ingenieros estructurales para evaluar el estado de muchas infraestructuras que no colapsaron, pero que hay que determinar cu\u00e1l es su estado, si pueden ser habitables o no\u201d, solicit\u00f3 el alcalde.<\/p>\n<p>En Medell\u00edn, el DAGRD contin\u00faa atendiendo los reportes ciudadanos relacionados con el sismo. Entre el mediod\u00eda y las 6:00 de la tarde fueron atendidas m\u00e1s de 1.000 llamadas de emergencia a trav\u00e9s de la l\u00ednea 123, asociadas a posibles afectaciones, y se asignaron 800 evaluaciones de afectaci\u00f3n al equipo t\u00e9cnico para verificar las condiciones de las estructuras reportadas.<\/p>\n<p>\u201cEn el Metro de Medell\u00edn tenemos una situaci\u00f3n: recuerden que nosotros evacuamos inicialmente, de manera temporal, algunos puntos, especialmente en una de las estaciones de la L\u00ednea H, que conduce a La Sierra. No se puede habilitar esta, hasta nueva orden. Terminemos la supervisi\u00f3n y tengamos la absoluta certeza de que quienes van a ir en el sistema est\u00e9n absolutamente seguros\u201d, puntualiz\u00f3 el mandatario local.<\/p>\n","protected":false},"excerpt":{"rendered":"<p>En Medell\u00edn se recibieron 361 llamadas en la l\u00ednea 123, por reportes de posibles afectaciones parciales en estructuras, sin reportes de gravedad. Se cre\u00f3, adem\u00e1s, un corredor humanitario para recolectar y movilizar ayudas a las &#8230;<\/p>\n","protected":false},"author":95,"featured_media":555493,"comment_status":"open","ping_status":"open","sticky":false,"template":"","format":"standard","meta":[],"categories":[293,1,706],"tags":[455],"formato_nota":[],"programas_tax":[],"acf":[],"_links":{"self":[{"href":"https:\/\/www.medellin.gov.co\/es\/wp-json\/wp\/v2\/posts\/555486"}],"collection":[{"href":"https:\/\/www.medellin.gov.co\/es\/wp-json\/wp\/v2\/posts"}],"about":[{"href":"https:\/\/www.medellin.gov.co\/es\/wp-json\/wp\/v2\/types\/post"}],"author":[{"embeddable":true,"href":"https:\/\/www.medellin.gov.co\/es\/wp-json\/wp\/v2\/users\/95"}],"replies":[{"embeddable":true,"href":"https:\/\/www.medellin.gov.co\/es\/wp-json\/wp\/v2\/comments?post=555486"}],"version-history":[{"count":5,"href":"https:\/\/www.medellin.gov.co\/es\/wp-json\/wp\/v2\/posts\/555486\/revisions"}],"predecessor-version":[{"id":555897,"href":"https:\/\/www.medellin.gov.co\/es\/wp-json\/wp\/v2\/posts\/555486\/revisions\/555897"}],"wp:featuredmedia":[{"embeddable":true,"href":"https:\/\/www.medellin.gov.co\/es\/wp-json\/wp\/v2\/media\/555493"}],"wp:attachment":[{"href":"https:\/\/www.medellin.gov.co\/es\/wp-json\/wp\/v2\/media?parent=555486"}],"wp:term":[{"taxonomy":"category","embeddable":true,"href":"https:\/\/www.medellin.gov.co\/es\/wp-json\/wp\/v2\/categories?post=555486"},{"taxonomy":"post_tag","embeddable":true,"href":"https:\/\/www.medellin.gov.co\/es\/wp-json\/wp\/v2\/tags?post=555486"},{"taxonomy":"formato_nota","embeddable":true,"href":"https:\/\/www.medellin.gov.co\/es\/wp-json\/wp\/v2\/formato_nota?post=555486"},{"taxonomy":"programas_tax","embeddable":true,"href":"https:\/\/www.medellin.gov.co\/es\/wp-json\/wp\/v2\/programas_tax?post=555486"}],"curies":[{"name":"wp","href":"https:\/\/api.w.org\/{rel}","templated":true}]}}