{"id":555741,"date":"2026-08-11T11:53:32","date_gmt":"2026-08-11T16:53:32","guid":{"rendered":"https:\/\/www.medellin.gov.co\/es\/?p=555741"},"modified":"2026-08-11T11:53:32","modified_gmt":"2026-08-11T16:53:32","slug":"mas-que-un-tinto-la-historia-de-una-mujer-que-hizo-del-cafe-su-nuevo-comienzo","status":"publish","type":"post","link":"https:\/\/www.medellin.gov.co\/es\/sala-de-prensa\/noticias\/mas-que-un-tinto-la-historia-de-una-mujer-que-hizo-del-cafe-su-nuevo-comienzo\/","title":{"rendered":"M\u00e1s que un tinto: la historia de una mujer que hizo del caf\u00e9 su nuevo comienzo"},"content":{"rendered":"<blockquote><p>Cada tarde, mientras cientos de personas suben y bajan por las escalas de la estaci\u00f3n Parque de Berr\u00edo del Metro, Lina V\u00e9lez sirve un tinto tras otro sin detenerse. Entre monedas, saludos y conversaciones de pocos minutos, su jornada transcurre casi al mismo ritmo del Centro de Medell\u00edn.<\/p><\/blockquote>\n<p>Lo que pocos imaginan es que las manos que hoy preparan caf\u00e9 aprendieron ese oficio mucho antes, a m\u00e1s de 140 kil\u00f3metros de la ciudad, en Nari\u00f1o, un municipio del Oriente antioque\u00f1o donde pas\u00f3 buena parte de su vida. All\u00ed creci\u00f3 entre monta\u00f1as cafeteras. Desde ni\u00f1a aprendi\u00f3 el trabajo del campo: sembrar, cuidar los cultivos y recoger la cosecha hac\u00edan parte de la rutina familiar. Nunca imagin\u00f3 que esos conocimientos terminar\u00edan siendo la herramienta que le permitir\u00eda empezar de cero en una ciudad desconocida.<\/p>\n<p>Todos los d\u00edas, poco antes del mediod\u00eda, sale de su casa ubicada en el barrio Zamora-Santa Rita, en el municipio de Bello, Antioquia. Recorre cerca de 30 minutos en bus hasta el <a href=\"https:\/\/www.medellin.gov.co\/es\/gerencia-del-centro\/\" target=\"_blank\" rel=\"noopener\">Centro de Medell\u00edn<\/a> y luego camina varias cuadras hasta las escalas de la estaci\u00f3n Parque de Berr\u00edo. Lleva varios termos cargados con caf\u00e9 reci\u00e9n preparado, leche, az\u00facar y los implementos con los que atender\u00e1 a decenas de clientes durante toda la tarde. Para muchos es la misma mujer de siempre; para ella, cada jornada representa una nueva oportunidad para llevar el sustento a su hogar.<\/p>\n<h4><strong>Su historia<\/strong><\/h4>\n\n\t\t<style type=\"text\/css\">\n\t\t\t#gallery-1 {\n\t\t\t\tmargin: auto;\n\t\t\t}\n\t\t\t#gallery-1 .gallery-item {\n\t\t\t\tfloat: left;\n\t\t\t\tmargin-top: 10px;\n\t\t\t\ttext-align: center;\n\t\t\t\twidth: 50%;\n\t\t\t}\n\t\t\t#gallery-1 img {\n\t\t\t\tborder: 2px solid #cfcfcf;\n\t\t\t}\n\t\t\t#gallery-1 .gallery-caption {\n\t\t\t\tmargin-left: 0;\n\t\t\t}\n\t\t\t\/* see gallery_shortcode() in wp-includes\/media.php *\/\n\t\t<\/style>\n\t\t<div id='gallery-1' class='gallery galleryid-555741 gallery-columns-2 gallery-size-full'><dl class='gallery-item'>\n\t\t\t<dt class='gallery-icon landscape'>\n\t\t\t\t<a href='https:\/\/www.medellin.gov.co\/es\/sala-de-prensa\/noticias\/mas-que-un-tinto-la-historia-de-una-mujer-que-hizo-del-cafe-su-nuevo-comienzo\/imagen-mas-que-un-tinto-la-historia-de-una-mujer-que-hizo-del-cafe-su-nuevo-comienzo-2\/'><img width=\"1013\" height=\"760\" src=\"https:\/\/www.medellin.gov.co\/es\/wp-content\/uploads\/2026\/08\/Imagen-Mas-que-un-tinto-la-historia-de-una-mujer-que-hizo-del-cafe-su-nuevo-comienzo-2.jpg\" class=\"attachment-full size-full\" alt=\"Imagen M\u00e1s que un tinto la historia de una mujer que hizo del caf\u00e9 su nuevo comienzo (1)\" loading=\"lazy\" srcset=\"https:\/\/www.medellin.gov.co\/es\/wp-content\/uploads\/2026\/08\/Imagen-Mas-que-un-tinto-la-historia-de-una-mujer-que-hizo-del-cafe-su-nuevo-comienzo-2.jpg 1013w, https:\/\/www.medellin.gov.co\/es\/wp-content\/uploads\/2026\/08\/Imagen-Mas-que-un-tinto-la-historia-de-una-mujer-que-hizo-del-cafe-su-nuevo-comienzo-2-300x225.jpg 300w, https:\/\/www.medellin.gov.co\/es\/wp-content\/uploads\/2026\/08\/Imagen-Mas-que-un-tinto-la-historia-de-una-mujer-que-hizo-del-cafe-su-nuevo-comienzo-2-150x113.jpg 150w, https:\/\/www.medellin.gov.co\/es\/wp-content\/uploads\/2026\/08\/Imagen-Mas-que-un-tinto-la-historia-de-una-mujer-que-hizo-del-cafe-su-nuevo-comienzo-2-768x576.jpg 768w\" sizes=\"(max-width: 1013px) 100vw, 1013px\" \/><\/a>\n\t\t\t<\/dt><\/dl><dl class='gallery-item'>\n\t\t\t<dt class='gallery-icon landscape'>\n\t\t\t\t<a href='https:\/\/www.medellin.gov.co\/es\/sala-de-prensa\/noticias\/mas-que-un-tinto-la-historia-de-una-mujer-que-hizo-del-cafe-su-nuevo-comienzo\/imagen-mas-que-un-tinto-la-historia-de-una-mujer-que-hizo-del-cafe-su-nuevo-comienzo-1\/'><img width=\"1013\" height=\"760\" src=\"https:\/\/www.medellin.gov.co\/es\/wp-content\/uploads\/2026\/08\/Imagen-Mas-que-un-tinto-la-historia-de-una-mujer-que-hizo-del-cafe-su-nuevo-comienzo-1.jpg\" class=\"attachment-full size-full\" alt=\"Imagen M\u00e1s que un tinto la historia de una mujer que hizo del caf\u00e9 su nuevo comienzo (1)\" loading=\"lazy\" srcset=\"https:\/\/www.medellin.gov.co\/es\/wp-content\/uploads\/2026\/08\/Imagen-Mas-que-un-tinto-la-historia-de-una-mujer-que-hizo-del-cafe-su-nuevo-comienzo-1.jpg 1013w, https:\/\/www.medellin.gov.co\/es\/wp-content\/uploads\/2026\/08\/Imagen-Mas-que-un-tinto-la-historia-de-una-mujer-que-hizo-del-cafe-su-nuevo-comienzo-1-300x225.jpg 300w, https:\/\/www.medellin.gov.co\/es\/wp-content\/uploads\/2026\/08\/Imagen-Mas-que-un-tinto-la-historia-de-una-mujer-que-hizo-del-cafe-su-nuevo-comienzo-1-150x113.jpg 150w, https:\/\/www.medellin.gov.co\/es\/wp-content\/uploads\/2026\/08\/Imagen-Mas-que-un-tinto-la-historia-de-una-mujer-que-hizo-del-cafe-su-nuevo-comienzo-1-768x576.jpg 768w\" sizes=\"(max-width: 1013px) 100vw, 1013px\" \/><\/a>\n\t\t\t<\/dt><\/dl><br style=\"clear: both\" \/><dl class='gallery-item'>\n\t\t\t<dt class='gallery-icon landscape'>\n\t\t\t\t<a href='https:\/\/www.medellin.gov.co\/es\/sala-de-prensa\/noticias\/mas-que-un-tinto-la-historia-de-una-mujer-que-hizo-del-cafe-su-nuevo-comienzo\/imagen-mas-que-un-tinto-la-historia-de-una-mujer-que-hizo-del-cafe-su-nuevo-comienzo-4\/'><img width=\"1013\" height=\"760\" src=\"https:\/\/www.medellin.gov.co\/es\/wp-content\/uploads\/2026\/08\/Imagen-Mas-que-un-tinto-la-historia-de-una-mujer-que-hizo-del-cafe-su-nuevo-comienzo-4.jpg\" class=\"attachment-full size-full\" alt=\"Imagen M\u00e1s que un tinto la historia de una mujer que hizo del caf\u00e9 su nuevo comienzo (1)\" loading=\"lazy\" srcset=\"https:\/\/www.medellin.gov.co\/es\/wp-content\/uploads\/2026\/08\/Imagen-Mas-que-un-tinto-la-historia-de-una-mujer-que-hizo-del-cafe-su-nuevo-comienzo-4.jpg 1013w, https:\/\/www.medellin.gov.co\/es\/wp-content\/uploads\/2026\/08\/Imagen-Mas-que-un-tinto-la-historia-de-una-mujer-que-hizo-del-cafe-su-nuevo-comienzo-4-300x225.jpg 300w, https:\/\/www.medellin.gov.co\/es\/wp-content\/uploads\/2026\/08\/Imagen-Mas-que-un-tinto-la-historia-de-una-mujer-que-hizo-del-cafe-su-nuevo-comienzo-4-150x113.jpg 150w, https:\/\/www.medellin.gov.co\/es\/wp-content\/uploads\/2026\/08\/Imagen-Mas-que-un-tinto-la-historia-de-una-mujer-que-hizo-del-cafe-su-nuevo-comienzo-4-768x576.jpg 768w\" sizes=\"(max-width: 1013px) 100vw, 1013px\" \/><\/a>\n\t\t\t<\/dt><\/dl><dl class='gallery-item'>\n\t\t\t<dt class='gallery-icon landscape'>\n\t\t\t\t<a href='https:\/\/www.medellin.gov.co\/es\/sala-de-prensa\/noticias\/mas-que-un-tinto-la-historia-de-una-mujer-que-hizo-del-cafe-su-nuevo-comienzo\/imagen-mas-que-un-tinto-la-historia-de-una-mujer-que-hizo-del-cafe-su-nuevo-comienzo-3\/'><img width=\"1013\" height=\"760\" src=\"https:\/\/www.medellin.gov.co\/es\/wp-content\/uploads\/2026\/08\/Imagen-Mas-que-un-tinto-la-historia-de-una-mujer-que-hizo-del-cafe-su-nuevo-comienzo-3.jpg\" class=\"attachment-full size-full\" alt=\"Imagen M\u00e1s que un tinto la historia de una mujer que hizo del caf\u00e9 su nuevo comienzo (1)\" loading=\"lazy\" srcset=\"https:\/\/www.medellin.gov.co\/es\/wp-content\/uploads\/2026\/08\/Imagen-Mas-que-un-tinto-la-historia-de-una-mujer-que-hizo-del-cafe-su-nuevo-comienzo-3.jpg 1013w, https:\/\/www.medellin.gov.co\/es\/wp-content\/uploads\/2026\/08\/Imagen-Mas-que-un-tinto-la-historia-de-una-mujer-que-hizo-del-cafe-su-nuevo-comienzo-3-300x225.jpg 300w, https:\/\/www.medellin.gov.co\/es\/wp-content\/uploads\/2026\/08\/Imagen-Mas-que-un-tinto-la-historia-de-una-mujer-que-hizo-del-cafe-su-nuevo-comienzo-3-150x113.jpg 150w, https:\/\/www.medellin.gov.co\/es\/wp-content\/uploads\/2026\/08\/Imagen-Mas-que-un-tinto-la-historia-de-una-mujer-que-hizo-del-cafe-su-nuevo-comienzo-3-768x576.jpg 768w\" sizes=\"(max-width: 1013px) 100vw, 1013px\" \/><\/a>\n\t\t\t<\/dt><\/dl><br style=\"clear: both\" \/>\n\t\t<\/div>\n\n<p>Hace 27 a\u00f1os ese camino era completamente distinto. En 1999, Lina, su esposo y sus tres hijos peque\u00f1os, tuvieron que dejar Nari\u00f1o para empezar de nuevo en <a href=\"https:\/\/www.instagram.com\/alcaldiademed\/\" target=\"_blank\" rel=\"noopener\">Medell\u00edn<\/a>. La violencia les arrebat\u00f3 a varios integrantes de la familia de su esposo y los oblig\u00f3 a abandonar la tierra donde hab\u00edan construido su vida.<\/p>\n<p>Aquel a\u00f1o, una toma guerrillera cambi\u00f3 para siempre la historia de Nari\u00f1o, un territorio cafetero que fue uno de los municipios antioque\u00f1os m\u00e1s golpeados por el conflicto. El ataque destruy\u00f3 gran parte del casco urbano y provoc\u00f3 el desplazamiento de cientos de familias que tuvieron que abandonar sus hogares, sus cultivos y sus proyectos de vida. Lina fue una de ellas.<\/p>\n<p>\u201c<em>Despu\u00e9s de que asesinaran a casi toda la familia de mi esposo y gran parte del pueblo quedara destruido por la violencia, ya no ten\u00edamos c\u00f3mo seguir all\u00e1. Nos vinimos con nuestros hijos buscando una oportunidad<\/em><em>\u201d<\/em><em>,<\/em> recuerda mientras llena un vaso de tinto.<\/p>\n\n\t\t<style type=\"text\/css\">\n\t\t\t#gallery-2 {\n\t\t\t\tmargin: auto;\n\t\t\t}\n\t\t\t#gallery-2 .gallery-item {\n\t\t\t\tfloat: left;\n\t\t\t\tmargin-top: 10px;\n\t\t\t\ttext-align: center;\n\t\t\t\twidth: 50%;\n\t\t\t}\n\t\t\t#gallery-2 img {\n\t\t\t\tborder: 2px solid #cfcfcf;\n\t\t\t}\n\t\t\t#gallery-2 .gallery-caption {\n\t\t\t\tmargin-left: 0;\n\t\t\t}\n\t\t\t\/* see gallery_shortcode() in wp-includes\/media.php *\/\n\t\t<\/style>\n\t\t<div id='gallery-2' class='gallery galleryid-555741 gallery-columns-2 gallery-size-full'><dl class='gallery-item'>\n\t\t\t<dt class='gallery-icon landscape'>\n\t\t\t\t<a href='https:\/\/www.medellin.gov.co\/es\/sala-de-prensa\/noticias\/mas-que-un-tinto-la-historia-de-una-mujer-que-hizo-del-cafe-su-nuevo-comienzo\/imagen-mas-que-un-tinto-la-historia-de-una-mujer-que-hizo-del-cafe-su-nuevo-comienzo-5\/'><img width=\"1013\" height=\"760\" src=\"https:\/\/www.medellin.gov.co\/es\/wp-content\/uploads\/2026\/08\/Imagen-Mas-que-un-tinto-la-historia-de-una-mujer-que-hizo-del-cafe-su-nuevo-comienzo-5.jpg\" class=\"attachment-full size-full\" alt=\"Imagen M\u00e1s que un tinto la historia de una mujer que hizo del caf\u00e9 su nuevo comienzo (1)\" loading=\"lazy\" srcset=\"https:\/\/www.medellin.gov.co\/es\/wp-content\/uploads\/2026\/08\/Imagen-Mas-que-un-tinto-la-historia-de-una-mujer-que-hizo-del-cafe-su-nuevo-comienzo-5.jpg 1013w, https:\/\/www.medellin.gov.co\/es\/wp-content\/uploads\/2026\/08\/Imagen-Mas-que-un-tinto-la-historia-de-una-mujer-que-hizo-del-cafe-su-nuevo-comienzo-5-300x225.jpg 300w, https:\/\/www.medellin.gov.co\/es\/wp-content\/uploads\/2026\/08\/Imagen-Mas-que-un-tinto-la-historia-de-una-mujer-que-hizo-del-cafe-su-nuevo-comienzo-5-150x113.jpg 150w, https:\/\/www.medellin.gov.co\/es\/wp-content\/uploads\/2026\/08\/Imagen-Mas-que-un-tinto-la-historia-de-una-mujer-que-hizo-del-cafe-su-nuevo-comienzo-5-768x576.jpg 768w\" sizes=\"(max-width: 1013px) 100vw, 1013px\" \/><\/a>\n\t\t\t<\/dt><\/dl><dl class='gallery-item'>\n\t\t\t<dt class='gallery-icon landscape'>\n\t\t\t\t<a href='https:\/\/www.medellin.gov.co\/es\/sala-de-prensa\/noticias\/mas-que-un-tinto-la-historia-de-una-mujer-que-hizo-del-cafe-su-nuevo-comienzo\/imagen-mas-que-un-tinto-la-historia-de-una-mujer-que-hizo-del-cafe-su-nuevo-comienzo-6\/'><img width=\"1013\" height=\"760\" src=\"https:\/\/www.medellin.gov.co\/es\/wp-content\/uploads\/2026\/08\/Imagen-Mas-que-un-tinto-la-historia-de-una-mujer-que-hizo-del-cafe-su-nuevo-comienzo-6.jpg\" class=\"attachment-full size-full\" alt=\"Imagen M\u00e1s que un tinto la historia de una mujer que hizo del caf\u00e9 su nuevo comienzo (1)\" loading=\"lazy\" srcset=\"https:\/\/www.medellin.gov.co\/es\/wp-content\/uploads\/2026\/08\/Imagen-Mas-que-un-tinto-la-historia-de-una-mujer-que-hizo-del-cafe-su-nuevo-comienzo-6.jpg 1013w, https:\/\/www.medellin.gov.co\/es\/wp-content\/uploads\/2026\/08\/Imagen-Mas-que-un-tinto-la-historia-de-una-mujer-que-hizo-del-cafe-su-nuevo-comienzo-6-300x225.jpg 300w, https:\/\/www.medellin.gov.co\/es\/wp-content\/uploads\/2026\/08\/Imagen-Mas-que-un-tinto-la-historia-de-una-mujer-que-hizo-del-cafe-su-nuevo-comienzo-6-150x113.jpg 150w, https:\/\/www.medellin.gov.co\/es\/wp-content\/uploads\/2026\/08\/Imagen-Mas-que-un-tinto-la-historia-de-una-mujer-que-hizo-del-cafe-su-nuevo-comienzo-6-768x576.jpg 768w\" sizes=\"(max-width: 1013px) 100vw, 1013px\" \/><\/a>\n\t\t\t<\/dt><\/dl><br style=\"clear: both\" \/>\n\t\t<\/div>\n\n<p>Lleg\u00f3 al municipio de Bello sin empleo y con pocas oportunidades. Toda su experiencia estaba en el campo y nunca hab\u00eda trabajado en otra cosa. Sin embargo, pronto entendi\u00f3 que aquello que hab\u00eda aprendido durante a\u00f1os alrededor del caf\u00e9 tambi\u00e9n pod\u00eda abrirle un camino en la ciudad. <em>\u201c<\/em><em>Vi en la venta de tinto una forma de ganarme la vida. Pens\u00e9 que, si hab\u00eda trabajado con el caf\u00e9, tambi\u00e9n pod\u00eda vivir de \u00e9l aqu\u00ed en Medell\u00edn<\/em><em>\u201d,<\/em> recuerda.<\/p>\n<p>As\u00ed comenz\u00f3 una rutina que mantiene hasta hoy. Durante a\u00f1os complement\u00f3 las ventas con galletas, mecato, gaseosas, agua, milo y cigarrillos para aumentar sus ingresos. Con el paso del tiempo el negocio cambi\u00f3. Hoy conserva sus termos de caf\u00e9 y algunos productos adicionales, mientras enfrenta una competencia cada vez mayor<em>.<\/em><em> \u201c<\/em><em>Ahora hay muchos <\/em><em>tinteros y <\/em><em>caf\u00e9s<\/em><em>,<\/em><em> la gente tiene m\u00e1s opciones. Ya no se vende como antes, pero este trabajo sigue siendo el que me permite pagar el arriendo, mercar y salir adelante<\/em>\u201d, dice.<\/p>\n<p>Lejos de resignarse, decidi\u00f3 seguir aprendiendo. Cuando la Alcald\u00eda de Medell\u00edn, a trav\u00e9s del Centro de Emprendimiento y Empleo, en articulaci\u00f3n con la Gerencia del Centro y Territorios Estrat\u00e9gicos, abri\u00f3 una capacitaci\u00f3n para 60 tinteras y tinteros de la comuna 10, La Candelaria, no dud\u00f3 en inscribirse.<\/p>\n\n\t\t<style type=\"text\/css\">\n\t\t\t#gallery-3 {\n\t\t\t\tmargin: auto;\n\t\t\t}\n\t\t\t#gallery-3 .gallery-item {\n\t\t\t\tfloat: left;\n\t\t\t\tmargin-top: 10px;\n\t\t\t\ttext-align: center;\n\t\t\t\twidth: 50%;\n\t\t\t}\n\t\t\t#gallery-3 img {\n\t\t\t\tborder: 2px solid #cfcfcf;\n\t\t\t}\n\t\t\t#gallery-3 .gallery-caption {\n\t\t\t\tmargin-left: 0;\n\t\t\t}\n\t\t\t\/* see gallery_shortcode() in wp-includes\/media.php *\/\n\t\t<\/style>\n\t\t<div id='gallery-3' class='gallery galleryid-555741 gallery-columns-2 gallery-size-full'><dl class='gallery-item'>\n\t\t\t<dt class='gallery-icon landscape'>\n\t\t\t\t<a href='https:\/\/www.medellin.gov.co\/es\/sala-de-prensa\/noticias\/mas-que-un-tinto-la-historia-de-una-mujer-que-hizo-del-cafe-su-nuevo-comienzo\/imagen-mas-que-un-tinto-la-historia-de-una-mujer-que-hizo-del-cafe-su-nuevo-comienzo-16\/'><img width=\"1013\" height=\"760\" src=\"https:\/\/www.medellin.gov.co\/es\/wp-content\/uploads\/2026\/08\/Imagen-Mas-que-un-tinto-la-historia-de-una-mujer-que-hizo-del-cafe-su-nuevo-comienzo-16.jpg\" class=\"attachment-full size-full\" alt=\"Imagen M\u00e1s que un tinto la historia de una mujer que hizo del caf\u00e9 su nuevo comienzo (1)\" loading=\"lazy\" srcset=\"https:\/\/www.medellin.gov.co\/es\/wp-content\/uploads\/2026\/08\/Imagen-Mas-que-un-tinto-la-historia-de-una-mujer-que-hizo-del-cafe-su-nuevo-comienzo-16.jpg 1013w, https:\/\/www.medellin.gov.co\/es\/wp-content\/uploads\/2026\/08\/Imagen-Mas-que-un-tinto-la-historia-de-una-mujer-que-hizo-del-cafe-su-nuevo-comienzo-16-300x225.jpg 300w, https:\/\/www.medellin.gov.co\/es\/wp-content\/uploads\/2026\/08\/Imagen-Mas-que-un-tinto-la-historia-de-una-mujer-que-hizo-del-cafe-su-nuevo-comienzo-16-150x113.jpg 150w, https:\/\/www.medellin.gov.co\/es\/wp-content\/uploads\/2026\/08\/Imagen-Mas-que-un-tinto-la-historia-de-una-mujer-que-hizo-del-cafe-su-nuevo-comienzo-16-768x576.jpg 768w\" sizes=\"(max-width: 1013px) 100vw, 1013px\" \/><\/a>\n\t\t\t<\/dt><\/dl><dl class='gallery-item'>\n\t\t\t<dt class='gallery-icon landscape'>\n\t\t\t\t<a href='https:\/\/www.medellin.gov.co\/es\/sala-de-prensa\/noticias\/mas-que-un-tinto-la-historia-de-una-mujer-que-hizo-del-cafe-su-nuevo-comienzo\/imagen-mas-que-un-tinto-la-historia-de-una-mujer-que-hizo-del-cafe-su-nuevo-comienzo-13\/'><img width=\"1013\" height=\"760\" src=\"https:\/\/www.medellin.gov.co\/es\/wp-content\/uploads\/2026\/08\/Imagen-Mas-que-un-tinto-la-historia-de-una-mujer-que-hizo-del-cafe-su-nuevo-comienzo-13.jpg\" class=\"attachment-full size-full\" alt=\"Imagen M\u00e1s que un tinto la historia de una mujer que hizo del caf\u00e9 su nuevo comienzo (1)\" loading=\"lazy\" srcset=\"https:\/\/www.medellin.gov.co\/es\/wp-content\/uploads\/2026\/08\/Imagen-Mas-que-un-tinto-la-historia-de-una-mujer-que-hizo-del-cafe-su-nuevo-comienzo-13.jpg 1013w, https:\/\/www.medellin.gov.co\/es\/wp-content\/uploads\/2026\/08\/Imagen-Mas-que-un-tinto-la-historia-de-una-mujer-que-hizo-del-cafe-su-nuevo-comienzo-13-300x225.jpg 300w, https:\/\/www.medellin.gov.co\/es\/wp-content\/uploads\/2026\/08\/Imagen-Mas-que-un-tinto-la-historia-de-una-mujer-que-hizo-del-cafe-su-nuevo-comienzo-13-150x113.jpg 150w, https:\/\/www.medellin.gov.co\/es\/wp-content\/uploads\/2026\/08\/Imagen-Mas-que-un-tinto-la-historia-de-una-mujer-que-hizo-del-cafe-su-nuevo-comienzo-13-768x576.jpg 768w\" sizes=\"(max-width: 1013px) 100vw, 1013px\" \/><\/a>\n\t\t\t<\/dt><\/dl><br style=\"clear: both\" \/>\n\t\t<\/div>\n\n<p>Aunque curs\u00f3 hasta tercero de primaria, a sus 47 a\u00f1os est\u00e1 convencida de que nunca es tarde para aprender. Durante la formaci\u00f3n fortaleci\u00f3 sus conocimientos sobre la preparaci\u00f3n del caf\u00e9, conoci\u00f3 nuevas mezclas, mejor\u00f3 la presentaci\u00f3n del producto y descubri\u00f3 maneras de ofrecer una mejor experiencia a los clientes. Tambi\u00e9n recibi\u00f3 herramientas para promocionar su negocio.<\/p>\n<p>\u201c<em>Uno tiene que reinventarse. Aprendimos nuevas preparaciones,<\/em><em> otras<\/em><em> formas de presentar el caf\u00e9 y hasta c\u00f3mo mostrar nuestro trabajo por redes sociales. Siempre hay algo nuevo por aprender<\/em>\u201d, recalca.<\/p>\n<p>Esa misma motivaci\u00f3n llev\u00f3 a su compa\u00f1era Leidy Tatiana Lora a participar en la capacitaci\u00f3n. Lleva 15 a\u00f1os vendiendo tinto en el Centro de Medell\u00edn y, como madre cabeza de hogar, reconoce que actualizarse les ayuda a competir en el mercado. <em>\u201c<\/em><em>El profesor nos ense\u00f1\u00f3 preparaciones con sabores como vainilla y ron, pero, sobre todo, nos hizo entender que uno no puede quedarse haciendo siempre lo mismo. Hoy sabemos que innovar tambi\u00e9n hace parte de este oficio<\/em><em>\u201d<\/em>.<\/p>\n\n\t\t<style type=\"text\/css\">\n\t\t\t#gallery-4 {\n\t\t\t\tmargin: auto;\n\t\t\t}\n\t\t\t#gallery-4 .gallery-item {\n\t\t\t\tfloat: left;\n\t\t\t\tmargin-top: 10px;\n\t\t\t\ttext-align: center;\n\t\t\t\twidth: 50%;\n\t\t\t}\n\t\t\t#gallery-4 img {\n\t\t\t\tborder: 2px solid #cfcfcf;\n\t\t\t}\n\t\t\t#gallery-4 .gallery-caption {\n\t\t\t\tmargin-left: 0;\n\t\t\t}\n\t\t\t\/* see gallery_shortcode() in wp-includes\/media.php *\/\n\t\t<\/style>\n\t\t<div id='gallery-4' class='gallery galleryid-555741 gallery-columns-2 gallery-size-full'><dl class='gallery-item'>\n\t\t\t<dt class='gallery-icon landscape'>\n\t\t\t\t<a href='https:\/\/www.medellin.gov.co\/es\/sala-de-prensa\/noticias\/mas-que-un-tinto-la-historia-de-una-mujer-que-hizo-del-cafe-su-nuevo-comienzo\/imagen-mas-que-un-tinto-la-historia-de-una-mujer-que-hizo-del-cafe-su-nuevo-comienzo-8\/'><img width=\"1280\" height=\"720\" src=\"https:\/\/www.medellin.gov.co\/es\/wp-content\/uploads\/2026\/08\/Imagen-Mas-que-un-tinto-la-historia-de-una-mujer-que-hizo-del-cafe-su-nuevo-comienzo-8.jpg\" class=\"attachment-full size-full\" alt=\"Imagen M\u00e1s que un tinto la historia de una mujer que hizo del caf\u00e9 su nuevo comienzo (1)\" loading=\"lazy\" srcset=\"https:\/\/www.medellin.gov.co\/es\/wp-content\/uploads\/2026\/08\/Imagen-Mas-que-un-tinto-la-historia-de-una-mujer-que-hizo-del-cafe-su-nuevo-comienzo-8.jpg 1280w, https:\/\/www.medellin.gov.co\/es\/wp-content\/uploads\/2026\/08\/Imagen-Mas-que-un-tinto-la-historia-de-una-mujer-que-hizo-del-cafe-su-nuevo-comienzo-8-300x169.jpg 300w, https:\/\/www.medellin.gov.co\/es\/wp-content\/uploads\/2026\/08\/Imagen-Mas-que-un-tinto-la-historia-de-una-mujer-que-hizo-del-cafe-su-nuevo-comienzo-8-1024x576.jpg 1024w, https:\/\/www.medellin.gov.co\/es\/wp-content\/uploads\/2026\/08\/Imagen-Mas-que-un-tinto-la-historia-de-una-mujer-que-hizo-del-cafe-su-nuevo-comienzo-8-150x84.jpg 150w, https:\/\/www.medellin.gov.co\/es\/wp-content\/uploads\/2026\/08\/Imagen-Mas-que-un-tinto-la-historia-de-una-mujer-que-hizo-del-cafe-su-nuevo-comienzo-8-768x432.jpg 768w\" sizes=\"(max-width: 1280px) 100vw, 1280px\" \/><\/a>\n\t\t\t<\/dt><\/dl><dl class='gallery-item'>\n\t\t\t<dt class='gallery-icon landscape'>\n\t\t\t\t<a href='https:\/\/www.medellin.gov.co\/es\/sala-de-prensa\/noticias\/mas-que-un-tinto-la-historia-de-una-mujer-que-hizo-del-cafe-su-nuevo-comienzo\/imagen-mas-que-un-tinto-la-historia-de-una-mujer-que-hizo-del-cafe-su-nuevo-comienzo-10\/'><img width=\"1280\" height=\"720\" src=\"https:\/\/www.medellin.gov.co\/es\/wp-content\/uploads\/2026\/08\/Imagen-Mas-que-un-tinto-la-historia-de-una-mujer-que-hizo-del-cafe-su-nuevo-comienzo-10.jpg\" class=\"attachment-full size-full\" alt=\"Imagen M\u00e1s que un tinto la historia de una mujer que hizo del caf\u00e9 su nuevo comienzo (1)\" loading=\"lazy\" srcset=\"https:\/\/www.medellin.gov.co\/es\/wp-content\/uploads\/2026\/08\/Imagen-Mas-que-un-tinto-la-historia-de-una-mujer-que-hizo-del-cafe-su-nuevo-comienzo-10.jpg 1280w, https:\/\/www.medellin.gov.co\/es\/wp-content\/uploads\/2026\/08\/Imagen-Mas-que-un-tinto-la-historia-de-una-mujer-que-hizo-del-cafe-su-nuevo-comienzo-10-300x169.jpg 300w, https:\/\/www.medellin.gov.co\/es\/wp-content\/uploads\/2026\/08\/Imagen-Mas-que-un-tinto-la-historia-de-una-mujer-que-hizo-del-cafe-su-nuevo-comienzo-10-1024x576.jpg 1024w, https:\/\/www.medellin.gov.co\/es\/wp-content\/uploads\/2026\/08\/Imagen-Mas-que-un-tinto-la-historia-de-una-mujer-que-hizo-del-cafe-su-nuevo-comienzo-10-150x84.jpg 150w, https:\/\/www.medellin.gov.co\/es\/wp-content\/uploads\/2026\/08\/Imagen-Mas-que-un-tinto-la-historia-de-una-mujer-que-hizo-del-cafe-su-nuevo-comienzo-10-768x432.jpg 768w\" sizes=\"(max-width: 1280px) 100vw, 1280px\" \/><\/a>\n\t\t\t<\/dt><\/dl><br style=\"clear: both\" \/>\n\t\t<\/div>\n\n<p>Historias como las de Lina y Leidy hacen parte de la cotidianidad del Centro de Medell\u00edn. Como ellas, cerca de 200 tinteras y tinteros recorren cada d\u00eda las calles de La Candelaria, llevando en sus termos mucho m\u00e1s que caf\u00e9.<\/p>\n<p>En el caso de Lina, cada tinto representa el recuerdo de la tierra que tuvo que dejar atr\u00e1s y la oportunidad que encontr\u00f3 en Medell\u00edn para volver a empezar. \u00a0Despu\u00e9s de 27 a\u00f1os, el caf\u00e9 sigue siendo el mismo. Cambi\u00f3 el paisaje, cambi\u00f3 la ciudad y cambi\u00f3 su vida, pero cada tinto que sirve conserva el v\u00ednculo con la tierra donde aprendi\u00f3 el oficio que hoy le permite salir adelante.<\/p>\n","protected":false},"excerpt":{"rendered":"<p>Cada tarde, mientras cientos de personas suben y bajan por las escalas de la estaci\u00f3n Parque de Berr\u00edo del Metro, Lina V\u00e9lez sirve un tinto tras otro sin detenerse. Entre monedas, saludos y conversaciones de &#8230;<\/p>\n","protected":false},"author":97,"featured_media":555795,"comment_status":"open","ping_status":"open","sticky":false,"template":"","format":"standard","meta":[],"categories":[23,531],"tags":[691,433],"formato_nota":[],"programas_tax":[],"acf":[],"_links":{"self":[{"href":"https:\/\/www.medellin.gov.co\/es\/wp-json\/wp\/v2\/posts\/555741"}],"collection":[{"href":"https:\/\/www.medellin.gov.co\/es\/wp-json\/wp\/v2\/posts"}],"about":[{"href":"https:\/\/www.medellin.gov.co\/es\/wp-json\/wp\/v2\/types\/post"}],"author":[{"embeddable":true,"href":"https:\/\/www.medellin.gov.co\/es\/wp-json\/wp\/v2\/users\/97"}],"replies":[{"embeddable":true,"href":"https:\/\/www.medellin.gov.co\/es\/wp-json\/wp\/v2\/comments?post=555741"}],"version-history":[{"count":1,"href":"https:\/\/www.medellin.gov.co\/es\/wp-json\/wp\/v2\/posts\/555741\/revisions"}],"predecessor-version":[{"id":555797,"href":"https:\/\/www.medellin.gov.co\/es\/wp-json\/wp\/v2\/posts\/555741\/revisions\/555797"}],"wp:featuredmedia":[{"embeddable":true,"href":"https:\/\/www.medellin.gov.co\/es\/wp-json\/wp\/v2\/media\/555795"}],"wp:attachment":[{"href":"https:\/\/www.medellin.gov.co\/es\/wp-json\/wp\/v2\/media?parent=555741"}],"wp:term":[{"taxonomy":"category","embeddable":true,"href":"https:\/\/www.medellin.gov.co\/es\/wp-json\/wp\/v2\/categories?post=555741"},{"taxonomy":"post_tag","embeddable":true,"href":"https:\/\/www.medellin.gov.co\/es\/wp-json\/wp\/v2\/tags?post=555741"},{"taxonomy":"formato_nota","embeddable":true,"href":"https:\/\/www.medellin.gov.co\/es\/wp-json\/wp\/v2\/formato_nota?post=555741"},{"taxonomy":"programas_tax","embeddable":true,"href":"https:\/\/www.medellin.gov.co\/es\/wp-json\/wp\/v2\/programas_tax?post=555741"}],"curies":[{"name":"wp","href":"https:\/\/api.w.org\/{rel}","templated":true}]}}