{"id":556624,"date":"2026-08-15T05:00:35","date_gmt":"2026-08-15T10:00:35","guid":{"rendered":"https:\/\/www.medellin.gov.co\/es\/?p=556624"},"modified":"2026-08-13T12:05:03","modified_gmt":"2026-08-13T17:05:03","slug":"el-centro-de-medellin-visto-con-ojos-de-turista","status":"publish","type":"post","link":"https:\/\/www.medellin.gov.co\/es\/sala-de-prensa\/noticias\/el-centro-de-medellin-visto-con-ojos-de-turista\/","title":{"rendered":"El Centro de Medell\u00edn, visto con ojos de turista"},"content":{"rendered":"<blockquote><p><em>M\u00e1s de un mill\u00f3n de personas transitan a diario por el <\/em><em>Centro de Medell\u00edn<\/em><em>. Entre historia, arte, arquitectura y vida cotidiana, este territorio se consolida como un punto clave para entender la ciudad<\/em><em>.<\/em><\/p><\/blockquote>\n<p>Hay lugares que no necesitan presentaci\u00f3n, pero s\u00ed una nueva mirada. El Centro de <a href=\"https:\/\/www.instagram.com\/alcaldiademed\/\" target=\"_blank\" rel=\"noopener\">Medell\u00edn<\/a> es uno de ellos: cotidiano para muchos y \u00fanico para quienes lo visitan por primera vez. M\u00e1s que un espacio de tr\u00e1nsito, es un territorio cargado de memoria, donde la arquitectura, los teatros, los parques y los edificios patrimoniales narran la historia de una ciudad que se ha transformado sin perder su esencia.<\/p>\n<p>En su ritmo diario, transitan m\u00e1s de un mill\u00f3n de personas, la prisa suele marcar el paso y, entre ese ir y venir, se escapan detalles: fachadas con historias, expresiones de arte urbano, contrastes que muestran \u00e9pocas distintas y escenas vivas en cada esquina. Justo ah\u00ed es donde la mirada de quienes llegan desde lejos se detiene y descubre lo que, muchas veces, pasa desapercibido o queda oculto en la rutina.<\/p>\n<p>Ese asombro aparece en lo simple. En levantar la mirada, en sentarse con calma y escuchar. Dale Givens, de Mississippi, Estados Unidos, no habla del Centro como quien enumera lugares, sino como quien lo ha vivido. Se toma el tiempo, se sienta y observa.<\/p>\n<p><img loading=\"lazy\" class=\"alignnone size-full wp-image-556625\" src=\"https:\/\/www.medellin.gov.co\/es\/wp-content\/uploads\/2026\/08\/El-Centro-de-Medellin-visto-con-ojos-de-turista-foto-1.jpg\" alt=\"El Centro de Medell\u00edn, visto con ojos de turista foto 1\" width=\"960\" height=\"720\" srcset=\"https:\/\/www.medellin.gov.co\/es\/wp-content\/uploads\/2026\/08\/El-Centro-de-Medellin-visto-con-ojos-de-turista-foto-1.jpg 960w, https:\/\/www.medellin.gov.co\/es\/wp-content\/uploads\/2026\/08\/El-Centro-de-Medellin-visto-con-ojos-de-turista-foto-1-300x225.jpg 300w, https:\/\/www.medellin.gov.co\/es\/wp-content\/uploads\/2026\/08\/El-Centro-de-Medellin-visto-con-ojos-de-turista-foto-1-150x113.jpg 150w, https:\/\/www.medellin.gov.co\/es\/wp-content\/uploads\/2026\/08\/El-Centro-de-Medellin-visto-con-ojos-de-turista-foto-1-768x576.jpg 768w\" sizes=\"(max-width: 960px) 100vw, 960px\" \/><\/p>\n<p><em>\u201cA m\u00ed me gusta el <\/em><em>C<\/em><em>entro<\/em><em> de esta ciudad por muchas razones\u201d,<\/em> dice: \u201c<em>Hay cultura en todas partes: los parques, los teatros como el Peque\u00f1o Teatro de Medell\u00edn o el Teatro Pablo Tob\u00f3n Uribe<\/em><em> (<\/em><em>\u2026<\/em><em>)<\/em><em> pero sobre todo hay vida<\/em>\u201d.<\/p>\n<p>Cuenta que aqu\u00ed el tiempo se siente distinto. Que no es como otras zonas comerciales como El Poblado o Envigado, donde todo parece m\u00e1s r\u00e1pido y homog\u00e9neo. En el Centro, en cambio, encuentra algo m\u00e1s cercano: <em>\u201cLa gente es muy agradable. Puedes sentarte, tomarte un tinto en un caf\u00e9, pedir un buen plato en un restaurante y simplemente hablar. Eso no pasa igual en todos lados<\/em>\u201d.<\/p>\n<p>Tambi\u00e9n le llama la atenci\u00f3n lo cotidiano: que los precios sean accesibles, que se consiga de todo, que no haya que buscar mucho para encontrar lo que necesita. Pero lo que m\u00e1s le queda es la sensaci\u00f3n de autenticidad, esa mezcla de sonidos, olores, conversaciones y escenas que cambian a cada paso.<\/p>\n<p><img loading=\"lazy\" class=\"alignnone size-full wp-image-556626\" src=\"https:\/\/www.medellin.gov.co\/es\/wp-content\/uploads\/2026\/08\/El-Centro-de-Medellin-visto-con-ojos-de-turista-foto-2.jpg\" alt=\"El Centro de Medell\u00edn, visto con ojos de turista foto 2\" width=\"960\" height=\"720\" srcset=\"https:\/\/www.medellin.gov.co\/es\/wp-content\/uploads\/2026\/08\/El-Centro-de-Medellin-visto-con-ojos-de-turista-foto-2.jpg 960w, https:\/\/www.medellin.gov.co\/es\/wp-content\/uploads\/2026\/08\/El-Centro-de-Medellin-visto-con-ojos-de-turista-foto-2-300x225.jpg 300w, https:\/\/www.medellin.gov.co\/es\/wp-content\/uploads\/2026\/08\/El-Centro-de-Medellin-visto-con-ojos-de-turista-foto-2-150x113.jpg 150w, https:\/\/www.medellin.gov.co\/es\/wp-content\/uploads\/2026\/08\/El-Centro-de-Medellin-visto-con-ojos-de-turista-foto-2-768x576.jpg 768w\" sizes=\"(max-width: 960px) 100vw, 960px\" \/><\/p>\n<p>Cuando compara el Centro de Medell\u00edn con otros centros del mundo, no busca diferencias radicales, sino matices: <em>\u201cLa arquitectura cambia, claro, es diferente a ciudades de Estados Unidos o de Argentina, pero en el fondo es lo mismo: es el coraz\u00f3n de la ciudad\u201d.<\/em> Y ah\u00ed se detiene<em>: \u201cComo todos los centros, tiene cosas muy bonitas y otras que pueden mejorar. Eso pasa en todas partes. Pero aqu\u00ed hay lugares muy ch\u00e9veres, muy lindos\u2026 y eso es lo que hace que valga la pena recorrerlo\u201d<\/em>, resalta.<\/p>\n<p>Dale no habla desde la idealizaci\u00f3n, sino desde la experiencia. Y en esa mirada, el Centro aparece como lo que es: un lugar real, diverso, imperfecto y profundamente vivo.<\/p>\n<p>Esa misma autenticidad -la que no se maquilla y se deja ver tal como es- tambi\u00e9n despierta la curiosidad de quienes llegan con otras referencias, incluso antes de pisar la ciudad. Es el caso de Tory Peter, quien viaj\u00f3 desde Nueva York con una motivaci\u00f3n distinta: la que dejan los libros. Antes de llegar, ley\u00f3 <em>El ruido de las cosas al caer,<\/em> del escritor colombiano, Juan Gabriel V\u00e1squez, y <em>El r\u00edo,<\/em> del canadiense Wade Davis. Esas p\u00e1ginas -dice- le dibujaron una idea de Colombia, del pa\u00eds que quer\u00eda conocer en persona, y por eso su ruta la trajo directo al Centro de Medell\u00edn.<\/p>\n<p><img loading=\"lazy\" class=\"alignnone size-full wp-image-556627\" src=\"https:\/\/www.medellin.gov.co\/es\/wp-content\/uploads\/2026\/08\/El-Centro-de-Medellin-visto-con-ojos-de-turista-foto-3.jpg\" alt=\"El Centro de Medell\u00edn, visto con ojos de turista foto 3\" width=\"960\" height=\"720\" srcset=\"https:\/\/www.medellin.gov.co\/es\/wp-content\/uploads\/2026\/08\/El-Centro-de-Medellin-visto-con-ojos-de-turista-foto-3.jpg 960w, https:\/\/www.medellin.gov.co\/es\/wp-content\/uploads\/2026\/08\/El-Centro-de-Medellin-visto-con-ojos-de-turista-foto-3-300x225.jpg 300w, https:\/\/www.medellin.gov.co\/es\/wp-content\/uploads\/2026\/08\/El-Centro-de-Medellin-visto-con-ojos-de-turista-foto-3-150x113.jpg 150w, https:\/\/www.medellin.gov.co\/es\/wp-content\/uploads\/2026\/08\/El-Centro-de-Medellin-visto-con-ojos-de-turista-foto-3-768x576.jpg 768w\" sizes=\"(max-width: 960px) 100vw, 960px\" \/><\/p>\n<p>Estas obras construyen una mirada sobre Colombia que, aunque no se detiene directamente en el Centro, s\u00ed despierta la curiosidad por recorrer el pa\u00eds: un pa\u00eds atravesado por la memoria, los contrastes y la diversidad.<\/p>\n<p>\u201c<em>Quer\u00edamos ver las esculturas de Botero y el Palacio de la Cultura Rafael Uribe Uribe. Hemos le\u00eddo mucho sobre este lugar y su historia en el \u00faltimo siglo\u201d,<\/em> cuenta. Ella no lleg\u00f3 solo por intuici\u00f3n: entre libros, recomendaciones y referencias que circulan en el exterior, el Centro de Medell\u00edn aparec\u00eda una y otra vez como un punto clave para entender la ciudad.<\/p>\n<p>Cuando camina por la Plaza Botero se detiene en cada escultura y las fotograf\u00edas con calma: \u201c<em>Es arte al aire libre, m\u00e1s moderno<\/em>\u201d, dice, compar\u00e1ndolo con museos europeos que ha visitado. Pero lo que m\u00e1s le impacta no es solo la est\u00e9tica, sino tambi\u00e9n el acceso: \u201c<em>Me gusta que es libre, incluyente, que todo el mundo puede venir, no solo quienes pueden pagar<\/em>\u201d.<\/p>\n<p>Esa posibilidad de encontrarse con el arte en medio de la vida cotidiana se repite en otros visitantes. Para Miguel \u00c1ngel Garc\u00eda, de Zaragoza (Espa\u00f1a), la experiencia se resume en sensaciones: \u201c<em>Veo mucha gente, mucho ambiente\u2026 un poquito de caos por el tr\u00e1fico, pero es una ciudad que nos ha agradado mucho y queremos seguir conoci\u00e9ndola\u201d<\/em>.<\/p>\n<p>En su recorrido por el Museo de Antioquia, la Plaza Botero y el Parque de los Pies Descalzos, encuentra algo familiar: \u201c<em>La cultura es bastante parecida a Espa\u00f1a en la alegr\u00eda, en la gente y en el ambiente\u201d.<\/em><\/p>\n\n\t\t<style type=\"text\/css\">\n\t\t\t#gallery-1 {\n\t\t\t\tmargin: auto;\n\t\t\t}\n\t\t\t#gallery-1 .gallery-item {\n\t\t\t\tfloat: left;\n\t\t\t\tmargin-top: 10px;\n\t\t\t\ttext-align: center;\n\t\t\t\twidth: 50%;\n\t\t\t}\n\t\t\t#gallery-1 img {\n\t\t\t\tborder: 2px solid #cfcfcf;\n\t\t\t}\n\t\t\t#gallery-1 .gallery-caption {\n\t\t\t\tmargin-left: 0;\n\t\t\t}\n\t\t\t\/* see gallery_shortcode() in wp-includes\/media.php *\/\n\t\t<\/style>\n\t\t<div id='gallery-1' class='gallery galleryid-556624 gallery-columns-2 gallery-size-full'><dl class='gallery-item'>\n\t\t\t<dt class='gallery-icon landscape'>\n\t\t\t\t<a href='https:\/\/www.medellin.gov.co\/es\/sala-de-prensa\/noticias\/el-centro-de-medellin-visto-con-ojos-de-turista\/el-centro-de-medellin-visto-con-ojos-de-turista-foto4\/'><img width=\"960\" height=\"720\" src=\"https:\/\/www.medellin.gov.co\/es\/wp-content\/uploads\/2026\/08\/El-Centro-de-Medellin-visto-con-ojos-de-turista-foto4.jpg\" class=\"attachment-full size-full\" alt=\"El Centro de Medell\u00edn, visto con ojos de turista foto 3\" loading=\"lazy\" srcset=\"https:\/\/www.medellin.gov.co\/es\/wp-content\/uploads\/2026\/08\/El-Centro-de-Medellin-visto-con-ojos-de-turista-foto4.jpg 960w, https:\/\/www.medellin.gov.co\/es\/wp-content\/uploads\/2026\/08\/El-Centro-de-Medellin-visto-con-ojos-de-turista-foto4-300x225.jpg 300w, https:\/\/www.medellin.gov.co\/es\/wp-content\/uploads\/2026\/08\/El-Centro-de-Medellin-visto-con-ojos-de-turista-foto4-150x113.jpg 150w, https:\/\/www.medellin.gov.co\/es\/wp-content\/uploads\/2026\/08\/El-Centro-de-Medellin-visto-con-ojos-de-turista-foto4-768x576.jpg 768w\" sizes=\"(max-width: 960px) 100vw, 960px\" \/><\/a>\n\t\t\t<\/dt><\/dl><dl class='gallery-item'>\n\t\t\t<dt class='gallery-icon landscape'>\n\t\t\t\t<a href='https:\/\/www.medellin.gov.co\/es\/sala-de-prensa\/noticias\/el-centro-de-medellin-visto-con-ojos-de-turista\/el-centro-de-medellin-visto-con-ojos-de-turista-foto-7\/'><img width=\"960\" height=\"720\" src=\"https:\/\/www.medellin.gov.co\/es\/wp-content\/uploads\/2026\/08\/El-Centro-de-Medellin-visto-con-ojos-de-turista-foto-7.jpg\" class=\"attachment-full size-full\" alt=\"El Centro de Medell\u00edn, visto con ojos de turista foto 3\" loading=\"lazy\" srcset=\"https:\/\/www.medellin.gov.co\/es\/wp-content\/uploads\/2026\/08\/El-Centro-de-Medellin-visto-con-ojos-de-turista-foto-7.jpg 960w, https:\/\/www.medellin.gov.co\/es\/wp-content\/uploads\/2026\/08\/El-Centro-de-Medellin-visto-con-ojos-de-turista-foto-7-300x225.jpg 300w, https:\/\/www.medellin.gov.co\/es\/wp-content\/uploads\/2026\/08\/El-Centro-de-Medellin-visto-con-ojos-de-turista-foto-7-150x113.jpg 150w, https:\/\/www.medellin.gov.co\/es\/wp-content\/uploads\/2026\/08\/El-Centro-de-Medellin-visto-con-ojos-de-turista-foto-7-768x576.jpg 768w\" sizes=\"(max-width: 960px) 100vw, 960px\" \/><\/a>\n\t\t\t<\/dt><\/dl><br style=\"clear: both\" \/>\n\t\t<\/div>\n\n<p>Francisco Medel, desde Tijuana (M\u00e9xico), lo dice de forma m\u00e1s directa: <em>\u201cEs una ciudad muy hermosa, muy tranquila. Me gustaron las estatuas<\/em><em> (<\/em><em>refiri\u00e9ndose <\/em><em>a la Plaza Botero)<\/em><em>, el parque est\u00e1 muy bonito. Llevamos toda la semana visitando el Centro y la comida es muy sabrosa\u201d.<\/em><\/p>\n<p>A su lado, Luis Ram\u00edrez asegura: \u201c<em>En el Centro hay de todo: comida, artesan\u00edas, transporte, cultura. Venimos varias veces porque el hotel est\u00e1 cerca. Todo es maravilloso<\/em>\u201d.<\/p>\n<p>Esa idea -que en el Centro est\u00e1 todo- aparece una y otra vez. No como frase, sino como conclusi\u00f3n de quien lo recorre sin mapa. Y en medio de esas voces, hay una que lo resume desde lo esencial. Eduardo Diago Bose no enumera lugares: describe lo que se siente. \u201c<em>El movimiento es la vida. Aqu\u00ed se integra todo tipo de p\u00fablico, gente de todas partes, de todas las etnias. Encuentras de todo. El Centro fue supremamente importante en Medell\u00edn y sigue siendo una ciudad viva. El paisa es espont\u00e1neo, hablador\u2026 y eso es lo que se siente aqu\u00ed: hay autenticidad<\/em>\u201d.<\/p>\n\n\t\t<style type=\"text\/css\">\n\t\t\t#gallery-2 {\n\t\t\t\tmargin: auto;\n\t\t\t}\n\t\t\t#gallery-2 .gallery-item {\n\t\t\t\tfloat: left;\n\t\t\t\tmargin-top: 10px;\n\t\t\t\ttext-align: center;\n\t\t\t\twidth: 50%;\n\t\t\t}\n\t\t\t#gallery-2 img {\n\t\t\t\tborder: 2px solid #cfcfcf;\n\t\t\t}\n\t\t\t#gallery-2 .gallery-caption {\n\t\t\t\tmargin-left: 0;\n\t\t\t}\n\t\t\t\/* see gallery_shortcode() in wp-includes\/media.php *\/\n\t\t<\/style>\n\t\t<div id='gallery-2' class='gallery galleryid-556624 gallery-columns-2 gallery-size-full'><dl class='gallery-item'>\n\t\t\t<dt class='gallery-icon landscape'>\n\t\t\t\t<a href='https:\/\/www.medellin.gov.co\/es\/sala-de-prensa\/noticias\/el-centro-de-medellin-visto-con-ojos-de-turista\/el-centro-de-medellin-visto-con-ojos-de-turista-foto-5\/'><img width=\"960\" height=\"720\" src=\"https:\/\/www.medellin.gov.co\/es\/wp-content\/uploads\/2026\/08\/El-Centro-de-Medellin-visto-con-ojos-de-turista-foto-5.jpg\" class=\"attachment-full size-full\" alt=\"El Centro de Medell\u00edn, visto con ojos de turista foto 3\" loading=\"lazy\" srcset=\"https:\/\/www.medellin.gov.co\/es\/wp-content\/uploads\/2026\/08\/El-Centro-de-Medellin-visto-con-ojos-de-turista-foto-5.jpg 960w, https:\/\/www.medellin.gov.co\/es\/wp-content\/uploads\/2026\/08\/El-Centro-de-Medellin-visto-con-ojos-de-turista-foto-5-300x225.jpg 300w, https:\/\/www.medellin.gov.co\/es\/wp-content\/uploads\/2026\/08\/El-Centro-de-Medellin-visto-con-ojos-de-turista-foto-5-150x113.jpg 150w, https:\/\/www.medellin.gov.co\/es\/wp-content\/uploads\/2026\/08\/El-Centro-de-Medellin-visto-con-ojos-de-turista-foto-5-768x576.jpg 768w\" sizes=\"(max-width: 960px) 100vw, 960px\" \/><\/a>\n\t\t\t<\/dt><\/dl><dl class='gallery-item'>\n\t\t\t<dt class='gallery-icon landscape'>\n\t\t\t\t<a href='https:\/\/www.medellin.gov.co\/es\/sala-de-prensa\/noticias\/el-centro-de-medellin-visto-con-ojos-de-turista\/el-centro-de-medellin-visto-con-ojos-de-turista-foto-6\/'><img width=\"960\" height=\"720\" src=\"https:\/\/www.medellin.gov.co\/es\/wp-content\/uploads\/2026\/08\/El-Centro-de-Medellin-visto-con-ojos-de-turista-foto-6.jpg\" class=\"attachment-full size-full\" alt=\"El Centro de Medell\u00edn, visto con ojos de turista foto 3\" loading=\"lazy\" srcset=\"https:\/\/www.medellin.gov.co\/es\/wp-content\/uploads\/2026\/08\/El-Centro-de-Medellin-visto-con-ojos-de-turista-foto-6.jpg 960w, https:\/\/www.medellin.gov.co\/es\/wp-content\/uploads\/2026\/08\/El-Centro-de-Medellin-visto-con-ojos-de-turista-foto-6-300x225.jpg 300w, https:\/\/www.medellin.gov.co\/es\/wp-content\/uploads\/2026\/08\/El-Centro-de-Medellin-visto-con-ojos-de-turista-foto-6-150x113.jpg 150w, https:\/\/www.medellin.gov.co\/es\/wp-content\/uploads\/2026\/08\/El-Centro-de-Medellin-visto-con-ojos-de-turista-foto-6-768x576.jpg 768w\" sizes=\"(max-width: 960px) 100vw, 960px\" \/><\/a>\n\t\t\t<\/dt><\/dl><br style=\"clear: both\" \/>\n\t\t<\/div>\n\n<p>M\u00e1s all\u00e1 de las 23 esculturas del maestro Fernado Botero, que se despliegan a cielo abierto en la Plaza Botero -figuras monumentales, de formas redondeadas que invitan a mirarlas y tocarlas-, el Centro guarda muchas otras joyas para quien decide recorrerlo con calma. A pocos pasos aparece el Museo de Antioquia; el Palacio de la Cultura Rafael Uribe Uribe, con su arquitectura inconfundible y la imponente Catedral Bas\u00edlica Metropolitana de Medell\u00edn, una de las construcciones en ladrillo m\u00e1s grandes del mundo.<\/p>\n<p>Tambi\u00e9n est\u00e1n los pasajes tradicionales como Jun\u00edn, con su edificio Coltejer, como referente, donde el comercio y la memoria se cruzan; teatros, iglesias y caf\u00e9s que siguen siendo puntos de encuentro. Adem\u00e1s, barrios como el Perpetuo Socorro, de la comuna 10, La Candelaria, que pas\u00f3 de ser industrial a posicionarse como un sector creativo, reconocido en el ranking global de <em>Time Out<\/em> como uno de los barrios m\u00e1s cool del mundo.<\/p>\n<p>Esa capacidad de transformarse sin perder su esencia es la que hoy proyecta a Medell\u00edn ante el mundo. La ciudad supera los dos millones de pasajeros internacionales y el 67 % de los hu\u00e9spedes son extranjeros, en su mayor\u00eda viajeros que llegan por ocio, cultura y experiencias, seg\u00fan cifras del Sistema de Inteligencia Tur\u00edstica (SIT), con base en datos de Migraci\u00f3n Colombia y Cotelco.<\/p>\n\n\t\t<style type=\"text\/css\">\n\t\t\t#gallery-3 {\n\t\t\t\tmargin: auto;\n\t\t\t}\n\t\t\t#gallery-3 .gallery-item {\n\t\t\t\tfloat: left;\n\t\t\t\tmargin-top: 10px;\n\t\t\t\ttext-align: center;\n\t\t\t\twidth: 50%;\n\t\t\t}\n\t\t\t#gallery-3 img {\n\t\t\t\tborder: 2px solid #cfcfcf;\n\t\t\t}\n\t\t\t#gallery-3 .gallery-caption {\n\t\t\t\tmargin-left: 0;\n\t\t\t}\n\t\t\t\/* see gallery_shortcode() in wp-includes\/media.php *\/\n\t\t<\/style>\n\t\t<div id='gallery-3' class='gallery galleryid-556624 gallery-columns-2 gallery-size-full'><dl class='gallery-item'>\n\t\t\t<dt class='gallery-icon landscape'>\n\t\t\t\t<a href='https:\/\/www.medellin.gov.co\/es\/sala-de-prensa\/noticias\/habitar-plaza-botero-desde-los-sentidos-la-apuesta-de-vive-la-plaza-2025\/imagen-habitar-plaza-botero-3\/'><img width=\"1275\" height=\"850\" src=\"https:\/\/www.medellin.gov.co\/es\/wp-content\/uploads\/2025\/09\/Imagen-Habitar-Plaza-Botero-3.jpg\" class=\"attachment-full size-full\" alt=\"Imagen Habitar Plaza Botero (3)\" loading=\"lazy\" srcset=\"https:\/\/www.medellin.gov.co\/es\/wp-content\/uploads\/2025\/09\/Imagen-Habitar-Plaza-Botero-3.jpg 1275w, https:\/\/www.medellin.gov.co\/es\/wp-content\/uploads\/2025\/09\/Imagen-Habitar-Plaza-Botero-3-300x200.jpg 300w, https:\/\/www.medellin.gov.co\/es\/wp-content\/uploads\/2025\/09\/Imagen-Habitar-Plaza-Botero-3-1024x683.jpg 1024w, https:\/\/www.medellin.gov.co\/es\/wp-content\/uploads\/2025\/09\/Imagen-Habitar-Plaza-Botero-3-150x100.jpg 150w, https:\/\/www.medellin.gov.co\/es\/wp-content\/uploads\/2025\/09\/Imagen-Habitar-Plaza-Botero-3-768x512.jpg 768w\" sizes=\"(max-width: 1275px) 100vw, 1275px\" \/><\/a>\n\t\t\t<\/dt><\/dl><dl class='gallery-item'>\n\t\t\t<dt class='gallery-icon landscape'>\n\t\t\t\t<a href='https:\/\/www.medellin.gov.co\/es\/sala-de-prensa\/noticias\/habitar-plaza-botero-desde-los-sentidos-la-apuesta-de-vive-la-plaza-2025\/imagen-habitar-plaza-botero-2\/'><img width=\"1275\" height=\"850\" src=\"https:\/\/www.medellin.gov.co\/es\/wp-content\/uploads\/2025\/09\/Imagen-Habitar-Plaza-Botero-2.jpg\" class=\"attachment-full size-full\" alt=\"Imagen Habitar Plaza Botero (2)\" loading=\"lazy\" srcset=\"https:\/\/www.medellin.gov.co\/es\/wp-content\/uploads\/2025\/09\/Imagen-Habitar-Plaza-Botero-2.jpg 1275w, https:\/\/www.medellin.gov.co\/es\/wp-content\/uploads\/2025\/09\/Imagen-Habitar-Plaza-Botero-2-300x200.jpg 300w, https:\/\/www.medellin.gov.co\/es\/wp-content\/uploads\/2025\/09\/Imagen-Habitar-Plaza-Botero-2-1024x683.jpg 1024w, https:\/\/www.medellin.gov.co\/es\/wp-content\/uploads\/2025\/09\/Imagen-Habitar-Plaza-Botero-2-150x100.jpg 150w, https:\/\/www.medellin.gov.co\/es\/wp-content\/uploads\/2025\/09\/Imagen-Habitar-Plaza-Botero-2-768x512.jpg 768w\" sizes=\"(max-width: 1275px) 100vw, 1275px\" \/><\/a>\n\t\t\t<\/dt><\/dl><br style=\"clear: both\" \/>\n\t\t<\/div>\n\n<p>Esa invitaci\u00f3n a parar y mirar distinto es la que impulsa Cooltur\u00edzate, una estrategia del Distrito que propone volver a caminar La Candelaria, reconocer su valor patrimonial y redescubrir su historia. A trav\u00e9s de recorridos guiados, ciudadanos y visitantes se encuentran con arquitectura,\u00a0 templos,\u00a0 pasajes y relatos que han construido la ciudad, en un ejercicio que busca algo sencillo: no normalizar lo que tiene valor.<\/p>\n<p>Porque aqu\u00ed est\u00e1n las historias, la arquitectura que cambia de esquina en esquina, los caf\u00e9s donde a\u00fan se conversa sin prisa, los teatros, los museos abiertos. Aqu\u00ed est\u00e1, tambi\u00e9n, esa mezcla de orden y v\u00e9rtigo que define a las ciudades vivas.<\/p>\n\n\t\t<style type=\"text\/css\">\n\t\t\t#gallery-4 {\n\t\t\t\tmargin: auto;\n\t\t\t}\n\t\t\t#gallery-4 .gallery-item {\n\t\t\t\tfloat: left;\n\t\t\t\tmargin-top: 10px;\n\t\t\t\ttext-align: center;\n\t\t\t\twidth: 50%;\n\t\t\t}\n\t\t\t#gallery-4 img {\n\t\t\t\tborder: 2px solid #cfcfcf;\n\t\t\t}\n\t\t\t#gallery-4 .gallery-caption {\n\t\t\t\tmargin-left: 0;\n\t\t\t}\n\t\t\t\/* see gallery_shortcode() in wp-includes\/media.php *\/\n\t\t<\/style>\n\t\t<div id='gallery-4' class='gallery galleryid-556624 gallery-columns-2 gallery-size-full'><dl class='gallery-item'>\n\t\t\t<dt class='gallery-icon landscape'>\n\t\t\t\t<a href='https:\/\/www.medellin.gov.co\/es\/sala-de-prensa\/noticias\/el-centro-de-medellin-visto-con-ojos-de-turista\/el-centro-de-medellin-visto-con-ojos-de-turista-foto-8\/'><img width=\"960\" height=\"720\" src=\"https:\/\/www.medellin.gov.co\/es\/wp-content\/uploads\/2026\/08\/El-Centro-de-Medellin-visto-con-ojos-de-turista-foto-8.jpg\" class=\"attachment-full size-full\" alt=\"El Centro de Medell\u00edn, visto con ojos de turista foto 8\" loading=\"lazy\" srcset=\"https:\/\/www.medellin.gov.co\/es\/wp-content\/uploads\/2026\/08\/El-Centro-de-Medellin-visto-con-ojos-de-turista-foto-8.jpg 960w, https:\/\/www.medellin.gov.co\/es\/wp-content\/uploads\/2026\/08\/El-Centro-de-Medellin-visto-con-ojos-de-turista-foto-8-300x225.jpg 300w, https:\/\/www.medellin.gov.co\/es\/wp-content\/uploads\/2026\/08\/El-Centro-de-Medellin-visto-con-ojos-de-turista-foto-8-150x113.jpg 150w, https:\/\/www.medellin.gov.co\/es\/wp-content\/uploads\/2026\/08\/El-Centro-de-Medellin-visto-con-ojos-de-turista-foto-8-768x576.jpg 768w\" sizes=\"(max-width: 960px) 100vw, 960px\" \/><\/a>\n\t\t\t<\/dt><\/dl><dl class='gallery-item'>\n\t\t\t<dt class='gallery-icon landscape'>\n\t\t\t\t<a href='https:\/\/www.medellin.gov.co\/es\/sala-de-prensa\/noticias\/el-centro-de-medellin-visto-con-ojos-de-turista\/el-centro-de-medellin-visto-con-ojos-de-turista-foto-9\/'><img width=\"960\" height=\"720\" src=\"https:\/\/www.medellin.gov.co\/es\/wp-content\/uploads\/2026\/08\/El-Centro-de-Medellin-visto-con-ojos-de-turista-foto-9.jpg\" class=\"attachment-full size-full\" alt=\"El Centro de Medell\u00edn, visto con ojos de turista foto 8\" loading=\"lazy\" srcset=\"https:\/\/www.medellin.gov.co\/es\/wp-content\/uploads\/2026\/08\/El-Centro-de-Medellin-visto-con-ojos-de-turista-foto-9.jpg 960w, https:\/\/www.medellin.gov.co\/es\/wp-content\/uploads\/2026\/08\/El-Centro-de-Medellin-visto-con-ojos-de-turista-foto-9-300x225.jpg 300w, https:\/\/www.medellin.gov.co\/es\/wp-content\/uploads\/2026\/08\/El-Centro-de-Medellin-visto-con-ojos-de-turista-foto-9-150x113.jpg 150w, https:\/\/www.medellin.gov.co\/es\/wp-content\/uploads\/2026\/08\/El-Centro-de-Medellin-visto-con-ojos-de-turista-foto-9-768x576.jpg 768w\" sizes=\"(max-width: 960px) 100vw, 960px\" \/><\/a>\n\t\t\t<\/dt><\/dl><br style=\"clear: both\" \/>\n\t\t<\/div>\n\n<p>Tal vez por eso quienes llegan desde lejos lo recorren de otra manera. No vienen a confirmar lo que ya saben, sino a descubrir lo que no esperaban. Y en ese ejercicio, el Centro de Medell\u00edn deja de ser solo un lugar de paso para convertirse en una experiencia. Una que vale la pena vivir sin af\u00e1n. Porque mientras el mundo lo est\u00e1 descubriendo, el Centro sigue ah\u00ed, esperando a que lo volvamos a mirar.<\/p>\n","protected":false},"excerpt":{"rendered":"<p>M\u00e1s de un mill\u00f3n de personas transitan a diario por el Centro de Medell\u00edn. Entre historia, arte, arquitectura y vida cotidiana, este territorio se consolida como un punto clave para entender la ciudad. Hay lugares &#8230;<\/p>\n","protected":false},"author":97,"featured_media":556645,"comment_status":"open","ping_status":"open","sticky":false,"template":"","format":"standard","meta":[],"categories":[23,531],"tags":[444],"formato_nota":[],"programas_tax":[],"acf":[],"_links":{"self":[{"href":"https:\/\/www.medellin.gov.co\/es\/wp-json\/wp\/v2\/posts\/556624"}],"collection":[{"href":"https:\/\/www.medellin.gov.co\/es\/wp-json\/wp\/v2\/posts"}],"about":[{"href":"https:\/\/www.medellin.gov.co\/es\/wp-json\/wp\/v2\/types\/post"}],"author":[{"embeddable":true,"href":"https:\/\/www.medellin.gov.co\/es\/wp-json\/wp\/v2\/users\/97"}],"replies":[{"embeddable":true,"href":"https:\/\/www.medellin.gov.co\/es\/wp-json\/wp\/v2\/comments?post=556624"}],"version-history":[{"count":1,"href":"https:\/\/www.medellin.gov.co\/es\/wp-json\/wp\/v2\/posts\/556624\/revisions"}],"predecessor-version":[{"id":556955,"href":"https:\/\/www.medellin.gov.co\/es\/wp-json\/wp\/v2\/posts\/556624\/revisions\/556955"}],"wp:featuredmedia":[{"embeddable":true,"href":"https:\/\/www.medellin.gov.co\/es\/wp-json\/wp\/v2\/media\/556645"}],"wp:attachment":[{"href":"https:\/\/www.medellin.gov.co\/es\/wp-json\/wp\/v2\/media?parent=556624"}],"wp:term":[{"taxonomy":"category","embeddable":true,"href":"https:\/\/www.medellin.gov.co\/es\/wp-json\/wp\/v2\/categories?post=556624"},{"taxonomy":"post_tag","embeddable":true,"href":"https:\/\/www.medellin.gov.co\/es\/wp-json\/wp\/v2\/tags?post=556624"},{"taxonomy":"formato_nota","embeddable":true,"href":"https:\/\/www.medellin.gov.co\/es\/wp-json\/wp\/v2\/formato_nota?post=556624"},{"taxonomy":"programas_tax","embeddable":true,"href":"https:\/\/www.medellin.gov.co\/es\/wp-json\/wp\/v2\/programas_tax?post=556624"}],"curies":[{"name":"wp","href":"https:\/\/api.w.org\/{rel}","templated":true}]}}