{"id":556812,"date":"2026-08-13T11:26:08","date_gmt":"2026-08-13T16:26:08","guid":{"rendered":"https:\/\/www.medellin.gov.co\/es\/?p=556812"},"modified":"2026-08-13T11:26:08","modified_gmt":"2026-08-13T16:26:08","slug":"el-distrito-pone-en-marcha-coolpets-una-estrategia-para-promover-la-tenencia-responsable-de-animales-de-compania","status":"publish","type":"post","link":"https:\/\/www.medellin.gov.co\/es\/sala-de-prensa\/noticias\/el-distrito-pone-en-marcha-coolpets-una-estrategia-para-promover-la-tenencia-responsable-de-animales-de-compania\/","title":{"rendered":"El Distrito pone en marcha Coolpets: una estrategia para promover la tenencia responsable de animales de compa\u00f1\u00eda"},"content":{"rendered":"<ul>\n<li>Los participantes podr\u00e1n realizar un test para identificar qu\u00e9 tan saludable es el v\u00ednculo con sus animales de compa\u00f1\u00eda<\/li>\n<\/ul>\n<!--[if lt IE 9]><script>document.createElement('audio');<\/script><![endif]-->\n\t<div class=\"wp-playlist wp-audio-playlist wp-playlist-light\">\n\t\t\t<div class=\"wp-playlist-current-item\"><\/div>\n\t\t<audio controls=\"controls\" preload=\"none\" width=\"640\"\n\t\t\t><\/audio>\n\t<div class=\"wp-playlist-next\"><\/div>\n\t<div class=\"wp-playlist-prev\"><\/div>\n\t<noscript>\n\t<ol>\n\t\t<li><a href='https:\/\/www.medellin.gov.co\/es\/wp-content\/uploads\/2026\/08\/Declaraciones-del-gerente-del-Centro-y-Territorios-Estrategicos-Juliana-Coral.mp3'>Declaraciones del gerente del Centro y Territorios Estrat\u00e9gicos, Juliana Coral<\/a><\/li>\t<\/ol>\n\t<\/noscript>\n\t<script type=\"application\/json\" class=\"wp-playlist-script\">{\"type\":\"audio\",\"tracklist\":true,\"tracknumbers\":true,\"images\":true,\"artists\":true,\"tracks\":[{\"src\":\"https:\\\/\\\/www.medellin.gov.co\\\/es\\\/wp-content\\\/uploads\\\/2026\\\/08\\\/Declaraciones-del-gerente-del-Centro-y-Territorios-Estrategicos-Juliana-Coral.mp3\",\"type\":\"audio\\\/mpeg\",\"title\":\"Declaraciones del gerente del Centro y Territorios Estrat\\u00e9gicos, Juliana Coral\",\"caption\":\"\",\"description\":\"\\u00abDeclaraciones del gerente del Centro y Territorios Estrat\\u00e9gicos, Juliana Coral\\u00bb. \",\"meta\":{\"genre\":\"Blues\",\"length_formatted\":\"0:44\"},\"image\":{\"src\":\"https:\\\/\\\/www.medellin.gov.co\\\/es\\\/wp-includes\\\/images\\\/media\\\/audio.png\",\"width\":48,\"height\":64},\"thumb\":{\"src\":\"https:\\\/\\\/www.medellin.gov.co\\\/es\\\/wp-includes\\\/images\\\/media\\\/audio.png\",\"width\":48,\"height\":64}}]}<\/script>\n<\/div>\n\t\n<p>Con un festival, que incluir\u00e1 una jornada de adopci\u00f3n responsable, implementaci\u00f3n de microchips para mascotas y una muestra de emprendimientos especializados, el Distrito pone en marcha Coolpets, una estrategia que busca promover la tenencia responsable de animales de compa\u00f1\u00eda y el cuidado del espacio p\u00fablico. Ser\u00e1 el 14 de agosto, con el primer Festival Coolpets, entre las 3:00 p. m. y las 7:00 p. m., en el Parque Lineal Ciudad del R\u00edo.<\/p>\n<p>\u201c<em>Queremos que cada persona entienda que cuidar a una mascota va mucho m\u00e1s all\u00e1 del afecto: significa garantizar su bienestar y asumir comportamientos responsables, que permitan que ni\u00f1os, adultos mayores, familias y animales de compa\u00f1\u00eda disfruten de espacios p\u00fablicos limpios, seguros y pensados para todos. Esta estrategia busca construir una cultura ciudadana basada en el respeto, el cuidado y la corresponsabilidad<\/em>\u201d, afirm\u00f3 la gerente del Centro y Territorios Estrat\u00e9gicos, Juliana Coral.<\/p>\n<p><a href=\"https:\/\/www.medellin.gov.co\/es\/wp-content\/uploads\/2026\/08\/Imagen-de-un-perro-acostado.jpg\" target=\"_blank\" rel=\"noopener\"><img loading=\"lazy\" class=\"alignnone wp-image-556850 size-full\" title=\"Un perro acostado, que hace parte de la campa\u00f1a Coolpets\" src=\"https:\/\/www.medellin.gov.co\/es\/wp-content\/uploads\/2026\/08\/Imagen-de-un-perro-acostado.jpg\" alt=\"Un perro acostado, que hace parte de la campa\u00f1a Coolpets\" width=\"1138\" height=\"760\" srcset=\"https:\/\/www.medellin.gov.co\/es\/wp-content\/uploads\/2026\/08\/Imagen-de-un-perro-acostado.jpg 1138w, https:\/\/www.medellin.gov.co\/es\/wp-content\/uploads\/2026\/08\/Imagen-de-un-perro-acostado-300x200.jpg 300w, https:\/\/www.medellin.gov.co\/es\/wp-content\/uploads\/2026\/08\/Imagen-de-un-perro-acostado-1024x684.jpg 1024w, https:\/\/www.medellin.gov.co\/es\/wp-content\/uploads\/2026\/08\/Imagen-de-un-perro-acostado-150x100.jpg 150w, https:\/\/www.medellin.gov.co\/es\/wp-content\/uploads\/2026\/08\/Imagen-de-un-perro-acostado-768x513.jpg 768w\" sizes=\"(max-width: 1138px) 100vw, 1138px\" \/><\/a><\/p>\n<p>Los asistentes podr\u00e1n realizar un test para identificar qu\u00e9 tan saludable es el v\u00ednculo con sus animales de compa\u00f1\u00eda y participar en una campa\u00f1a de donaci\u00f3n de alimentos destinada a perros y gatos en condici\u00f3n de vulnerabilidad.<\/p>\n<p>Coolpets hace parte de Cooltur\u00edzate, una iniciativa de la Gerencia del Centro y Territorios Estrat\u00e9gicos que promueve acciones de cultura ciudadana para incentivar comportamientos responsables en el espacio p\u00fablico.<\/p>\n\n\t\t<style type=\"text\/css\">\n\t\t\t#gallery-1 {\n\t\t\t\tmargin: auto;\n\t\t\t}\n\t\t\t#gallery-1 .gallery-item {\n\t\t\t\tfloat: left;\n\t\t\t\tmargin-top: 10px;\n\t\t\t\ttext-align: center;\n\t\t\t\twidth: 50%;\n\t\t\t}\n\t\t\t#gallery-1 img {\n\t\t\t\tborder: 2px solid #cfcfcf;\n\t\t\t}\n\t\t\t#gallery-1 .gallery-caption {\n\t\t\t\tmargin-left: 0;\n\t\t\t}\n\t\t\t\/* see gallery_shortcode() in wp-includes\/media.php *\/\n\t\t<\/style>\n\t\t<div id='gallery-1' class='gallery galleryid-556812 gallery-columns-2 gallery-size-full'><dl class='gallery-item'>\n\t\t\t<dt class='gallery-icon landscape'>\n\t\t\t\t<a href='https:\/\/www.medellin.gov.co\/es\/sala-de-prensa\/noticias\/el-distrito-pone-en-marcha-coolpets-una-estrategia-para-promover-la-tenencia-responsable-de-animales-de-compania\/imagen-de-un-perro-en-una-plaza\/'><img width=\"1138\" height=\"760\" src=\"https:\/\/www.medellin.gov.co\/es\/wp-content\/uploads\/2026\/08\/Imagen-de-un-perro-en-una-plaza.jpg\" class=\"attachment-full size-full\" alt=\"Imagen de un perro en una plaza\" loading=\"lazy\" srcset=\"https:\/\/www.medellin.gov.co\/es\/wp-content\/uploads\/2026\/08\/Imagen-de-un-perro-en-una-plaza.jpg 1138w, https:\/\/www.medellin.gov.co\/es\/wp-content\/uploads\/2026\/08\/Imagen-de-un-perro-en-una-plaza-300x200.jpg 300w, https:\/\/www.medellin.gov.co\/es\/wp-content\/uploads\/2026\/08\/Imagen-de-un-perro-en-una-plaza-1024x684.jpg 1024w, https:\/\/www.medellin.gov.co\/es\/wp-content\/uploads\/2026\/08\/Imagen-de-un-perro-en-una-plaza-150x100.jpg 150w, https:\/\/www.medellin.gov.co\/es\/wp-content\/uploads\/2026\/08\/Imagen-de-un-perro-en-una-plaza-768x513.jpg 768w\" sizes=\"(max-width: 1138px) 100vw, 1138px\" \/><\/a>\n\t\t\t<\/dt><\/dl><dl class='gallery-item'>\n\t\t\t<dt class='gallery-icon landscape'>\n\t\t\t\t<a href='https:\/\/www.medellin.gov.co\/es\/sala-de-prensa\/noticias\/el-distrito-pone-en-marcha-coolpets-una-estrategia-para-promover-la-tenencia-responsable-de-animales-de-compania\/imagen-de-un-perro-3\/'><img width=\"1138\" height=\"760\" src=\"https:\/\/www.medellin.gov.co\/es\/wp-content\/uploads\/2026\/08\/Imagen-de-un-perro.jpg\" class=\"attachment-full size-full\" alt=\"Imagen de un perro\" loading=\"lazy\" srcset=\"https:\/\/www.medellin.gov.co\/es\/wp-content\/uploads\/2026\/08\/Imagen-de-un-perro.jpg 1138w, https:\/\/www.medellin.gov.co\/es\/wp-content\/uploads\/2026\/08\/Imagen-de-un-perro-300x200.jpg 300w, https:\/\/www.medellin.gov.co\/es\/wp-content\/uploads\/2026\/08\/Imagen-de-un-perro-1024x684.jpg 1024w, https:\/\/www.medellin.gov.co\/es\/wp-content\/uploads\/2026\/08\/Imagen-de-un-perro-150x100.jpg 150w, https:\/\/www.medellin.gov.co\/es\/wp-content\/uploads\/2026\/08\/Imagen-de-un-perro-768x513.jpg 768w\" sizes=\"(max-width: 1138px) 100vw, 1138px\" \/><\/a>\n\t\t\t<\/dt><\/dl><br style=\"clear: both\" \/>\n\t\t<\/div>\n\n<p>En el caso de las mascotas, ser cool significa recoger adecuadamente sus excretas, mantener al d\u00eda su esquema de vacunaci\u00f3n, cuidar su bienestar y dejar los espacios p\u00fablicos limpios.<\/p>\n<p>A partir de este primer Festival Coolpets, el <a href=\"https:\/\/www.instagram.com\/alcaldiademed\/?hl=es-la\" target=\"_blank\" rel=\"noopener\">Distrito<\/a> continuar\u00e1 llevando esta estrategia a la comuna 14-El Poblado, mediante actividades pedag\u00f3gicas y espacios de participaci\u00f3n.<\/p>\n","protected":false},"excerpt":{"rendered":"<p>Los participantes podr\u00e1n realizar un test para identificar qu\u00e9 tan saludable es el v\u00ednculo con sus animales de compa\u00f1\u00eda Con un festival, que incluir\u00e1 una jornada de adopci\u00f3n responsable, implementaci\u00f3n de microchips para mascotas y &#8230;<\/p>\n","protected":false},"author":21,"featured_media":556843,"comment_status":"open","ping_status":"open","sticky":false,"template":"","format":"standard","meta":[],"categories":[23,13],"tags":[451,436],"formato_nota":[],"programas_tax":[],"acf":[],"_links":{"self":[{"href":"https:\/\/www.medellin.gov.co\/es\/wp-json\/wp\/v2\/posts\/556812"}],"collection":[{"href":"https:\/\/www.medellin.gov.co\/es\/wp-json\/wp\/v2\/posts"}],"about":[{"href":"https:\/\/www.medellin.gov.co\/es\/wp-json\/wp\/v2\/types\/post"}],"author":[{"embeddable":true,"href":"https:\/\/www.medellin.gov.co\/es\/wp-json\/wp\/v2\/users\/21"}],"replies":[{"embeddable":true,"href":"https:\/\/www.medellin.gov.co\/es\/wp-json\/wp\/v2\/comments?post=556812"}],"version-history":[{"count":1,"href":"https:\/\/www.medellin.gov.co\/es\/wp-json\/wp\/v2\/posts\/556812\/revisions"}],"predecessor-version":[{"id":556887,"href":"https:\/\/www.medellin.gov.co\/es\/wp-json\/wp\/v2\/posts\/556812\/revisions\/556887"}],"wp:featuredmedia":[{"embeddable":true,"href":"https:\/\/www.medellin.gov.co\/es\/wp-json\/wp\/v2\/media\/556843"}],"wp:attachment":[{"href":"https:\/\/www.medellin.gov.co\/es\/wp-json\/wp\/v2\/media?parent=556812"}],"wp:term":[{"taxonomy":"category","embeddable":true,"href":"https:\/\/www.medellin.gov.co\/es\/wp-json\/wp\/v2\/categories?post=556812"},{"taxonomy":"post_tag","embeddable":true,"href":"https:\/\/www.medellin.gov.co\/es\/wp-json\/wp\/v2\/tags?post=556812"},{"taxonomy":"formato_nota","embeddable":true,"href":"https:\/\/www.medellin.gov.co\/es\/wp-json\/wp\/v2\/formato_nota?post=556812"},{"taxonomy":"programas_tax","embeddable":true,"href":"https:\/\/www.medellin.gov.co\/es\/wp-json\/wp\/v2\/programas_tax?post=556812"}],"curies":[{"name":"wp","href":"https:\/\/api.w.org\/{rel}","templated":true}]}}