{"id":556899,"date":"2026-08-13T11:34:57","date_gmt":"2026-08-13T16:34:57","guid":{"rendered":"https:\/\/www.medellin.gov.co\/es\/?p=556899"},"modified":"2026-08-13T11:34:57","modified_gmt":"2026-08-13T16:34:57","slug":"con-876-propuestas-ciudadanas-la-alcaldia-de-medellin-culmino-los-encuentros-para-promover-el-desarrollo-de-los-territorios","status":"publish","type":"post","link":"https:\/\/www.medellin.gov.co\/es\/sala-de-prensa\/noticias\/con-876-propuestas-ciudadanas-la-alcaldia-de-medellin-culmino-los-encuentros-para-promover-el-desarrollo-de-los-territorios\/","title":{"rendered":"Con 876 propuestas ciudadanas, la Alcald\u00eda de Medell\u00edn culmin\u00f3 los encuentros para promover el desarrollo de los territorios"},"content":{"rendered":"<ul>\n<li>Se trata de la iniciativa \u201cVoces para el Desarrollo\u201d, que incluy\u00f3 21 jornadas para contribuir a la formulaci\u00f3n de los Planes de Desarrollo Local 2028-2039.<\/li>\n<li>Los aportes de la gente fueron construidos alrededor de dimensiones estrat\u00e9gicas sobre los principales retos, oportunidades y potencialidades de cada comuna y corregimiento.<\/li>\n<\/ul>\n<!--[if lt IE 9]><script>document.createElement('audio');<\/script><![endif]-->\n\t<div class=\"wp-playlist wp-audio-playlist wp-playlist-light\">\n\t\t\t<div class=\"wp-playlist-current-item\"><\/div>\n\t\t<audio controls=\"controls\" preload=\"none\" width=\"640\"\n\t\t\t><\/audio>\n\t<div class=\"wp-playlist-next\"><\/div>\n\t<div class=\"wp-playlist-prev\"><\/div>\n\t<noscript>\n\t<ol>\n\t\t<li><a href='https:\/\/www.medellin.gov.co\/es\/wp-content\/uploads\/2026\/08\/Declaraciones-del-subdirector-de-Planeacion-Social-y-Economica-Alejandro-Osorio-Carmona.mp3'>Declaraciones del subdirector de Planeaci\u00f3n Social y Econ\u00f3mica, Alejandro Osorio Carmona<\/a><\/li>\t<\/ol>\n\t<\/noscript>\n\t<script type=\"application\/json\" class=\"wp-playlist-script\">{\"type\":\"audio\",\"tracklist\":true,\"tracknumbers\":true,\"images\":true,\"artists\":true,\"tracks\":[{\"src\":\"https:\\\/\\\/www.medellin.gov.co\\\/es\\\/wp-content\\\/uploads\\\/2026\\\/08\\\/Declaraciones-del-subdirector-de-Planeacion-Social-y-Economica-Alejandro-Osorio-Carmona.mp3\",\"type\":\"audio\\\/mpeg\",\"title\":\"Declaraciones del subdirector de Planeaci\\u00f3n Social y Econ\\u00f3mica, Alejandro Osorio Carmona\",\"caption\":\"\",\"description\":\"\\u00abDeclaraciones del subdirector de Planeaci\\u00f3n Social y Econ\\u00f3mica, Alejandro Osorio Carmona\\u00bb. \",\"meta\":{\"genre\":\"Blues\",\"length_formatted\":\"0:59\"},\"image\":{\"src\":\"https:\\\/\\\/www.medellin.gov.co\\\/es\\\/wp-includes\\\/images\\\/media\\\/audio.png\",\"width\":48,\"height\":64},\"thumb\":{\"src\":\"https:\\\/\\\/www.medellin.gov.co\\\/es\\\/wp-includes\\\/images\\\/media\\\/audio.png\",\"width\":48,\"height\":64}}]}<\/script>\n<\/div>\n\t\n<p>La <a href=\"https:\/\/www.instagram.com\/alcaldiademed\/?hl=es-la\" target=\"_blank\" rel=\"noopener\">Alcald\u00eda de Medell\u00edn<\/a>, en articulaci\u00f3n con las Juntas Administradoras Locales (JAL), culmin\u00f3 los encuentros territoriales \u201cVoces para el Desarrollo\u201d, una estrategia de participaci\u00f3n que llev\u00f3 la planeaci\u00f3n a comunas y corregimientos de la ciudad para construir, junto a los habitantes, las alternativas de soluci\u00f3n que requieren los principales retos de cada territorio.<\/p>\n<p>Durante 21 jornadas, lideradas a trav\u00e9s del Departamento Administrativo de Planeaci\u00f3n, participaron 2.746 ciudadanos, quienes aportaron su conocimiento y experiencia, y contribuyeron a construir 876 propuestas que ser\u00e1n incorporadas como insumo al proceso de formulaci\u00f3n de los Planes de Desarrollo Local (PDL) 2028-2039.<\/p>\n<p><a href=\"https:\/\/www.medellin.gov.co\/es\/wp-content\/uploads\/2026\/08\/Imagen-de-personas-reunidas-en-un-salon.jpg\" target=\"_blank\" rel=\"noopener\"><img loading=\"lazy\" class=\"alignnone wp-image-556853 size-full\" title=\"personas reunidas en un sal\u00f3n\" src=\"https:\/\/www.medellin.gov.co\/es\/wp-content\/uploads\/2026\/08\/Imagen-de-personas-reunidas-en-un-salon.jpg\" alt=\"Imagen de personas reunidas en un sal\u00f3n\" width=\"1141\" height=\"760\" srcset=\"https:\/\/www.medellin.gov.co\/es\/wp-content\/uploads\/2026\/08\/Imagen-de-personas-reunidas-en-un-salon.jpg 1141w, https:\/\/www.medellin.gov.co\/es\/wp-content\/uploads\/2026\/08\/Imagen-de-personas-reunidas-en-un-salon-300x200.jpg 300w, https:\/\/www.medellin.gov.co\/es\/wp-content\/uploads\/2026\/08\/Imagen-de-personas-reunidas-en-un-salon-1024x682.jpg 1024w, https:\/\/www.medellin.gov.co\/es\/wp-content\/uploads\/2026\/08\/Imagen-de-personas-reunidas-en-un-salon-150x100.jpg 150w, https:\/\/www.medellin.gov.co\/es\/wp-content\/uploads\/2026\/08\/Imagen-de-personas-reunidas-en-un-salon-768x512.jpg 768w\" sizes=\"(max-width: 1141px) 100vw, 1141px\" \/><\/a><\/p>\n<p>Los PDL son los instrumentos de planificaci\u00f3n que orientar\u00e1n el desarrollo de las 16 comunas y los cinco corregimientos de Medell\u00edn durante 12 a\u00f1os. Su formulaci\u00f3n parte de las necesidades, oportunidades y fortalezas identificadas en cada zona para definir una visi\u00f3n compartida y determinar las apuestas estrat\u00e9gicas que orientar\u00e1n su transformaci\u00f3n.<\/p>\n<p>\u201c<em>Estas propuestas se convertir\u00e1n, dentro de cada Plan de Desarrollo Local, en acciones estrat\u00e9gicas, en prop\u00f3sitos que van a realizarse y cumplirse desde cada uno de los planes de nuestras comunas y corregimientos<\/em>\u201d, afirm\u00f3 el subdirector de Planeaci\u00f3n Social y Econ\u00f3mica, Alejandro Osorio Carmona.<\/p>\n<p>La metodolog\u00eda de los encuentros incluy\u00f3 seis dimensiones estrat\u00e9gicas relacionadas con desarrollo econ\u00f3mico, sociocultural y humano; gobernanza territorial; infraestructura f\u00edsica; ordenamiento territorial; sostenibilidad ambiental; y gesti\u00f3n del riesgo. A trav\u00e9s de mesas de trabajo, los participantes analizaron los hallazgos identificados previamente, profundizaron en sus causas y construyeron alternativas de soluci\u00f3n.<\/p>\n<p><a href=\"https:\/\/www.medellin.gov.co\/es\/wp-content\/uploads\/2026\/08\/Imagen-de-ciudadanos-reunidos-en-un-salon.jpg\" target=\"_blank\" rel=\"noopener\"><img loading=\"lazy\" class=\"alignnone wp-image-556862 size-full\" title=\"Ciudadanos reunidos en un sal\u00f3n\" src=\"https:\/\/www.medellin.gov.co\/es\/wp-content\/uploads\/2026\/08\/Imagen-de-ciudadanos-reunidos-en-un-salon.jpg\" alt=\"Imagen de ciudadanos reunidos en un sal\u00f3n\" width=\"1141\" height=\"760\" srcset=\"https:\/\/www.medellin.gov.co\/es\/wp-content\/uploads\/2026\/08\/Imagen-de-ciudadanos-reunidos-en-un-salon.jpg 1141w, https:\/\/www.medellin.gov.co\/es\/wp-content\/uploads\/2026\/08\/Imagen-de-ciudadanos-reunidos-en-un-salon-300x200.jpg 300w, https:\/\/www.medellin.gov.co\/es\/wp-content\/uploads\/2026\/08\/Imagen-de-ciudadanos-reunidos-en-un-salon-1024x682.jpg 1024w, https:\/\/www.medellin.gov.co\/es\/wp-content\/uploads\/2026\/08\/Imagen-de-ciudadanos-reunidos-en-un-salon-150x100.jpg 150w, https:\/\/www.medellin.gov.co\/es\/wp-content\/uploads\/2026\/08\/Imagen-de-ciudadanos-reunidos-en-un-salon-768x512.jpg 768w\" sizes=\"(max-width: 1141px) 100vw, 1141px\" \/><\/a><\/p>\n<p>El ejercicio permiti\u00f3 reconocer que cada comuna y corregimiento tiene necesidades, din\u00e1micas y vocaciones particulares, y que las decisiones sobre su desarrollo requieren respuestas construidas con los habitantes. Por esto, el proceso cont\u00f3 con la participaci\u00f3n y articulaci\u00f3n de las Juntas Administradoras Locales, con el fin de potenciar los liderazgos locales en la planeaci\u00f3n de sus comunidades.<\/p>\n<p>Con el cierre de estas jornadas, Medell\u00edn avanza a una nueva etapa de la formulaci\u00f3n de los PDL 2028-2039, en la que los aportes ciudadanos ser\u00e1n analizados y articulados para consolidar la visi\u00f3n estrat\u00e9gica de cada territorio y definir sus apuestas de desarrollo.<\/p>\n","protected":false},"excerpt":{"rendered":"<p>Se trata de la iniciativa \u201cVoces para el Desarrollo\u201d, que incluy\u00f3 21 jornadas para contribuir a la formulaci\u00f3n de los Planes de Desarrollo Local 2028-2039. Los aportes de la gente fueron construidos alrededor de dimensiones &#8230;<\/p>\n","protected":false},"author":21,"featured_media":556859,"comment_status":"open","ping_status":"open","sticky":false,"template":"","format":"standard","meta":[],"categories":[29],"tags":[451,455],"formato_nota":[],"programas_tax":[],"acf":[],"_links":{"self":[{"href":"https:\/\/www.medellin.gov.co\/es\/wp-json\/wp\/v2\/posts\/556899"}],"collection":[{"href":"https:\/\/www.medellin.gov.co\/es\/wp-json\/wp\/v2\/posts"}],"about":[{"href":"https:\/\/www.medellin.gov.co\/es\/wp-json\/wp\/v2\/types\/post"}],"author":[{"embeddable":true,"href":"https:\/\/www.medellin.gov.co\/es\/wp-json\/wp\/v2\/users\/21"}],"replies":[{"embeddable":true,"href":"https:\/\/www.medellin.gov.co\/es\/wp-json\/wp\/v2\/comments?post=556899"}],"version-history":[{"count":1,"href":"https:\/\/www.medellin.gov.co\/es\/wp-json\/wp\/v2\/posts\/556899\/revisions"}],"predecessor-version":[{"id":556922,"href":"https:\/\/www.medellin.gov.co\/es\/wp-json\/wp\/v2\/posts\/556899\/revisions\/556922"}],"wp:featuredmedia":[{"embeddable":true,"href":"https:\/\/www.medellin.gov.co\/es\/wp-json\/wp\/v2\/media\/556859"}],"wp:attachment":[{"href":"https:\/\/www.medellin.gov.co\/es\/wp-json\/wp\/v2\/media?parent=556899"}],"wp:term":[{"taxonomy":"category","embeddable":true,"href":"https:\/\/www.medellin.gov.co\/es\/wp-json\/wp\/v2\/categories?post=556899"},{"taxonomy":"post_tag","embeddable":true,"href":"https:\/\/www.medellin.gov.co\/es\/wp-json\/wp\/v2\/tags?post=556899"},{"taxonomy":"formato_nota","embeddable":true,"href":"https:\/\/www.medellin.gov.co\/es\/wp-json\/wp\/v2\/formato_nota?post=556899"},{"taxonomy":"programas_tax","embeddable":true,"href":"https:\/\/www.medellin.gov.co\/es\/wp-json\/wp\/v2\/programas_tax?post=556899"}],"curies":[{"name":"wp","href":"https:\/\/api.w.org\/{rel}","templated":true}]}}