{"id":556934,"date":"2026-08-13T12:07:59","date_gmt":"2026-08-13T17:07:59","guid":{"rendered":"https:\/\/www.medellin.gov.co\/es\/?p=556934"},"modified":"2026-08-13T12:07:59","modified_gmt":"2026-08-13T17:07:59","slug":"decisiones-que-cambian-vidas-medellin-vivira-jornadas-especiales-de-adopcion-de-gatos","status":"publish","type":"post","link":"https:\/\/www.medellin.gov.co\/es\/sala-de-prensa\/noticias\/decisiones-que-cambian-vidas-medellin-vivira-jornadas-especiales-de-adopcion-de-gatos\/","title":{"rendered":"Decisiones que cambian vidas: Medell\u00edn vivir\u00e1 jornadas especiales de adopci\u00f3n de gatos"},"content":{"rendered":"<ul>\n<li>M\u00e1s de 1.300 felinos han sido rescatados este a\u00f1o y 262 ya encontraron un hogar, gracias a las acciones de protecci\u00f3n y bienestar animal.<\/li>\n<li>Hasta el 17 de agosto, uno de los centros comerciales de la ciudad ser\u00e1 un escenario de adopci\u00f3n.<\/li>\n<\/ul>\n<!--[if lt IE 9]><script>document.createElement('audio');<\/script><![endif]-->\n\t<div class=\"wp-playlist wp-audio-playlist wp-playlist-light\">\n\t\t\t<div class=\"wp-playlist-current-item\"><\/div>\n\t\t<audio controls=\"controls\" preload=\"none\" width=\"640\"\n\t\t\t><\/audio>\n\t<div class=\"wp-playlist-next\"><\/div>\n\t<div class=\"wp-playlist-prev\"><\/div>\n\t<noscript>\n\t<ol>\n\t\t<li><a href='https:\/\/www.medellin.gov.co\/es\/wp-content\/uploads\/2026\/08\/Declaraciones-de-la-secretaria-de-Medio-Ambiente-Marcela-Ruiz-1.mp3'>Declaraciones de la secretaria de Medio Ambiente, Marcela Ruiz<\/a><\/li>\t<\/ol>\n\t<\/noscript>\n\t<script type=\"application\/json\" class=\"wp-playlist-script\">{\"type\":\"audio\",\"tracklist\":true,\"tracknumbers\":true,\"images\":true,\"artists\":true,\"tracks\":[{\"src\":\"https:\\\/\\\/www.medellin.gov.co\\\/es\\\/wp-content\\\/uploads\\\/2026\\\/08\\\/Declaraciones-de-la-secretaria-de-Medio-Ambiente-Marcela-Ruiz-1.mp3\",\"type\":\"audio\\\/mpeg\",\"title\":\"Declaraciones de la secretaria de Medio Ambiente, Marcela Ruiz\",\"caption\":\"\",\"description\":\"\\u00abDeclaraciones de la secretaria de Medio Ambiente, Marcela Ruiz\\u00bb. \",\"meta\":{\"genre\":\"Blues\",\"length_formatted\":\"1:04\"},\"image\":{\"src\":\"https:\\\/\\\/www.medellin.gov.co\\\/es\\\/wp-includes\\\/images\\\/media\\\/audio.png\",\"width\":48,\"height\":64},\"thumb\":{\"src\":\"https:\\\/\\\/www.medellin.gov.co\\\/es\\\/wp-includes\\\/images\\\/media\\\/audio.png\",\"width\":48,\"height\":64}}]}<\/script>\n<\/div>\n\t\n<p>Por estos d\u00edas, cuando el valor de la solidaridad, el cuidado y la protecci\u00f3n de la vida tiene especial sentido, Medell\u00edn tambi\u00e9n tiene buenas noticias para compartir. Hasta el lunes 17 de agosto, el <a href=\"https:\/\/ccpremiumplaza.com\/\" target=\"_blank\" rel=\"noopener\">Centro Comercial Premium Plaza<\/a> ser\u00e1 escenario para la adopci\u00f3n de gatos, una actividad que busca que m\u00e1s felinos encuentren un hogar y una segunda oportunidad.<\/p>\n<p>Esta iniciativa estuvo precedida por m\u00e1s de 300 esterilizaciones realizadas a gatos el pasado 8 de agosto. Los ciudadanos podr\u00e1n acercarse al centro comercial, conocer a los felinos que est\u00e1n disponibles para adopci\u00f3n y descubrir la oportunidad de convertir a uno de ellos en el nuevo integrante de sus familias.<\/p>\n\n\t\t<style type=\"text\/css\">\n\t\t\t#gallery-1 {\n\t\t\t\tmargin: auto;\n\t\t\t}\n\t\t\t#gallery-1 .gallery-item {\n\t\t\t\tfloat: left;\n\t\t\t\tmargin-top: 10px;\n\t\t\t\ttext-align: center;\n\t\t\t\twidth: 50%;\n\t\t\t}\n\t\t\t#gallery-1 img {\n\t\t\t\tborder: 2px solid #cfcfcf;\n\t\t\t}\n\t\t\t#gallery-1 .gallery-caption {\n\t\t\t\tmargin-left: 0;\n\t\t\t}\n\t\t\t\/* see gallery_shortcode() in wp-includes\/media.php *\/\n\t\t<\/style>\n\t\t<div id='gallery-1' class='gallery galleryid-556934 gallery-columns-2 gallery-size-full'><dl class='gallery-item'>\n\t\t\t<dt class='gallery-icon landscape'>\n\t\t\t\t<a href='https:\/\/www.medellin.gov.co\/es\/sala-de-prensa\/noticias\/el-distrito-pone-en-marcha-coolpets-una-estrategia-para-promover-la-tenencia-responsable-de-animales-de-compania\/imagen-de-una-mujer-tomando-foto-de-un-gato\/'><img width=\"1141\" height=\"760\" src=\"https:\/\/www.medellin.gov.co\/es\/wp-content\/uploads\/2026\/08\/Imagen-de-una-mujer-tomando-foto-de-un-gato.jpg\" class=\"attachment-full size-full\" alt=\"Imagen de una mujer tomando foto de un gato\" loading=\"lazy\" srcset=\"https:\/\/www.medellin.gov.co\/es\/wp-content\/uploads\/2026\/08\/Imagen-de-una-mujer-tomando-foto-de-un-gato.jpg 1141w, https:\/\/www.medellin.gov.co\/es\/wp-content\/uploads\/2026\/08\/Imagen-de-una-mujer-tomando-foto-de-un-gato-300x200.jpg 300w, https:\/\/www.medellin.gov.co\/es\/wp-content\/uploads\/2026\/08\/Imagen-de-una-mujer-tomando-foto-de-un-gato-1024x682.jpg 1024w, https:\/\/www.medellin.gov.co\/es\/wp-content\/uploads\/2026\/08\/Imagen-de-una-mujer-tomando-foto-de-un-gato-150x100.jpg 150w, https:\/\/www.medellin.gov.co\/es\/wp-content\/uploads\/2026\/08\/Imagen-de-una-mujer-tomando-foto-de-un-gato-768x512.jpg 768w\" sizes=\"(max-width: 1141px) 100vw, 1141px\" \/><\/a>\n\t\t\t<\/dt><\/dl><dl class='gallery-item'>\n\t\t\t<dt class='gallery-icon landscape'>\n\t\t\t\t<a href='https:\/\/www.medellin.gov.co\/es\/sala-de-prensa\/noticias\/el-distrito-pone-en-marcha-coolpets-una-estrategia-para-promover-la-tenencia-responsable-de-animales-de-compania\/imagen-de-una-pareja-mimando-un-gato\/'><img width=\"1141\" height=\"760\" src=\"https:\/\/www.medellin.gov.co\/es\/wp-content\/uploads\/2026\/08\/Imagen-de-una-pareja-mimando-un-gato.jpg\" class=\"attachment-full size-full\" alt=\"Imagen de una pareja mimando un gato\" loading=\"lazy\" srcset=\"https:\/\/www.medellin.gov.co\/es\/wp-content\/uploads\/2026\/08\/Imagen-de-una-pareja-mimando-un-gato.jpg 1141w, https:\/\/www.medellin.gov.co\/es\/wp-content\/uploads\/2026\/08\/Imagen-de-una-pareja-mimando-un-gato-300x200.jpg 300w, https:\/\/www.medellin.gov.co\/es\/wp-content\/uploads\/2026\/08\/Imagen-de-una-pareja-mimando-un-gato-1024x682.jpg 1024w, https:\/\/www.medellin.gov.co\/es\/wp-content\/uploads\/2026\/08\/Imagen-de-una-pareja-mimando-un-gato-150x100.jpg 150w, https:\/\/www.medellin.gov.co\/es\/wp-content\/uploads\/2026\/08\/Imagen-de-una-pareja-mimando-un-gato-768x512.jpg 768w\" sizes=\"(max-width: 1141px) 100vw, 1141px\" \/><\/a>\n\t\t\t<\/dt><\/dl><br style=\"clear: both\" \/>\n\t\t<\/div>\n\n<p>En lo que va del a\u00f1o, m\u00e1s de 1.300 gatos han sido rescatados y 262 han encontrado un hogar, cifras que reflejan el trabajo que adelanta la Administraci\u00f3n Distrital para proteger a los animales y promover una cultura de cuidado y adopci\u00f3n responsable.<\/p>\n<p>\u201c<em>Podr\u00e1n conocer a estos animales que est\u00e1n llenos de amor y en toda la mejor condici\u00f3n para llegar a sus hogares, para encontrar el afecto de sus familias. Estamos pasando por unos eventos dif\u00edciles, una situaci\u00f3n dif\u00edcil de pa\u00eds, sin embargo, es muy importante la solidaridad con nuestros animales. La adopci\u00f3n siempre ser\u00e1 una muy buena manifestaci\u00f3n de solidaridad y la tenencia responsable evita que nuestros gatos y perros est\u00e9n abandonados y expuestos a peligros y a vulneraci\u00f3n de sus derechos<\/em>\u201d, se\u00f1al\u00f3 la secretaria de Medio Ambiente, Marcela Ruiz.<\/p>\n<p>La invitaci\u00f3n de la Administraci\u00f3n Distrital es para que las familias se acerquen a conocer estos seres que esperan por una oportunidad y, si est\u00e1n preparadas para asumir esta responsabilidad, permitan que uno de ellos llegue a sus hogares, porque en Medell\u00edn se cuidan, protegen y celebran todas las formas de vida.<\/p>\n","protected":false},"excerpt":{"rendered":"<p>M\u00e1s de 1.300 felinos han sido rescatados este a\u00f1o y 262 ya encontraron un hogar, gracias a las acciones de protecci\u00f3n y bienestar animal. Hasta el 17 de agosto, uno de los centros comerciales de &#8230;<\/p>\n","protected":false},"author":21,"featured_media":556860,"comment_status":"open","ping_status":"open","sticky":false,"template":"","format":"standard","meta":[],"categories":[13],"tags":[451,436],"formato_nota":[],"programas_tax":[],"acf":[],"_links":{"self":[{"href":"https:\/\/www.medellin.gov.co\/es\/wp-json\/wp\/v2\/posts\/556934"}],"collection":[{"href":"https:\/\/www.medellin.gov.co\/es\/wp-json\/wp\/v2\/posts"}],"about":[{"href":"https:\/\/www.medellin.gov.co\/es\/wp-json\/wp\/v2\/types\/post"}],"author":[{"embeddable":true,"href":"https:\/\/www.medellin.gov.co\/es\/wp-json\/wp\/v2\/users\/21"}],"replies":[{"embeddable":true,"href":"https:\/\/www.medellin.gov.co\/es\/wp-json\/wp\/v2\/comments?post=556934"}],"version-history":[{"count":1,"href":"https:\/\/www.medellin.gov.co\/es\/wp-json\/wp\/v2\/posts\/556934\/revisions"}],"predecessor-version":[{"id":556956,"href":"https:\/\/www.medellin.gov.co\/es\/wp-json\/wp\/v2\/posts\/556934\/revisions\/556956"}],"wp:featuredmedia":[{"embeddable":true,"href":"https:\/\/www.medellin.gov.co\/es\/wp-json\/wp\/v2\/media\/556860"}],"wp:attachment":[{"href":"https:\/\/www.medellin.gov.co\/es\/wp-json\/wp\/v2\/media?parent=556934"}],"wp:term":[{"taxonomy":"category","embeddable":true,"href":"https:\/\/www.medellin.gov.co\/es\/wp-json\/wp\/v2\/categories?post=556934"},{"taxonomy":"post_tag","embeddable":true,"href":"https:\/\/www.medellin.gov.co\/es\/wp-json\/wp\/v2\/tags?post=556934"},{"taxonomy":"formato_nota","embeddable":true,"href":"https:\/\/www.medellin.gov.co\/es\/wp-json\/wp\/v2\/formato_nota?post=556934"},{"taxonomy":"programas_tax","embeddable":true,"href":"https:\/\/www.medellin.gov.co\/es\/wp-json\/wp\/v2\/programas_tax?post=556934"}],"curies":[{"name":"wp","href":"https:\/\/api.w.org\/{rel}","templated":true}]}}