{"id":556957,"date":"2026-08-13T12:12:29","date_gmt":"2026-08-13T17:12:29","guid":{"rendered":"https:\/\/www.medellin.gov.co\/es\/?p=556957"},"modified":"2026-08-13T12:12:29","modified_gmt":"2026-08-13T17:12:29","slug":"la-pista-multiproposito-del-aeroparque-juan-pablo-ii-de-medellin-cerrara-temporalmente-por-obras-de-renovacion","status":"publish","type":"post","link":"https:\/\/www.medellin.gov.co\/es\/sala-de-prensa\/noticias\/la-pista-multiproposito-del-aeroparque-juan-pablo-ii-de-medellin-cerrara-temporalmente-por-obras-de-renovacion\/","title":{"rendered":"La pista multiprop\u00f3sito del aeroparque Juan Pablo II de Medell\u00edn cerrar\u00e1 temporalmente por obras de renovaci\u00f3n"},"content":{"rendered":"<ul>\n<li>La intervenci\u00f3n hace parte de la fase 3 del Gran Parque Medell\u00edn, que registra un avance superior al 60 %.<\/li>\n<li>Durante el cierre, los usuarios podr\u00e1n realizar sus actividades en la Unidad Deportiva de Bel\u00e9n, la Unidad Deportiva Atanasio Girardot y el Estadio de Atletismo Alfonso Galvis Duque.<\/li>\n<\/ul>\n<!--[if lt IE 9]><script>document.createElement('audio');<\/script><![endif]-->\n\t<div class=\"wp-playlist wp-audio-playlist wp-playlist-light\">\n\t\t\t<div class=\"wp-playlist-current-item\"><\/div>\n\t\t<audio controls=\"controls\" preload=\"none\" width=\"640\"\n\t\t\t><\/audio>\n\t<div class=\"wp-playlist-next\"><\/div>\n\t<div class=\"wp-playlist-prev\"><\/div>\n\t<noscript>\n\t<ol>\n\t\t<li><a href='https:\/\/www.medellin.gov.co\/es\/wp-content\/uploads\/2026\/08\/Declaraciones-del-director-del-Inder-Eduardo-Silva-Meluk.mp3'>Declaraciones del director del Inder, Eduardo Silva Meluk<\/a><\/li><li><a href='https:\/\/www.medellin.gov.co\/es\/wp-content\/uploads\/2026\/08\/Declaraciones-del-gerente-de-la-EDU-Emiro-Valdes-Lopez-1.mp3'>Declaraciones del gerente de la EDU, Emiro Valdes L\u00f3pez<\/a><\/li>\t<\/ol>\n\t<\/noscript>\n\t<script type=\"application\/json\" class=\"wp-playlist-script\">{\"type\":\"audio\",\"tracklist\":true,\"tracknumbers\":true,\"images\":true,\"artists\":true,\"tracks\":[{\"src\":\"https:\\\/\\\/www.medellin.gov.co\\\/es\\\/wp-content\\\/uploads\\\/2026\\\/08\\\/Declaraciones-del-director-del-Inder-Eduardo-Silva-Meluk.mp3\",\"type\":\"audio\\\/mpeg\",\"title\":\"Declaraciones del director del Inder, Eduardo Silva Meluk\",\"caption\":\"\",\"description\":\"\\u00abDeclaraciones del director del Inder, Eduardo Silva Meluk\\u00bb. \",\"meta\":{\"genre\":\"Blues\",\"length_formatted\":\"1:04\"},\"image\":{\"src\":\"https:\\\/\\\/www.medellin.gov.co\\\/es\\\/wp-includes\\\/images\\\/media\\\/audio.png\",\"width\":48,\"height\":64},\"thumb\":{\"src\":\"https:\\\/\\\/www.medellin.gov.co\\\/es\\\/wp-includes\\\/images\\\/media\\\/audio.png\",\"width\":48,\"height\":64}},{\"src\":\"https:\\\/\\\/www.medellin.gov.co\\\/es\\\/wp-content\\\/uploads\\\/2026\\\/08\\\/Declaraciones-del-gerente-de-la-EDU-Emiro-Valdes-Lopez-1.mp3\",\"type\":\"audio\\\/mpeg\",\"title\":\"Declaraciones del gerente de la EDU, Emiro Valdes L\\u00f3pez\",\"caption\":\"\",\"description\":\"\\u00abDeclaraciones del gerente de la EDU, Emiro Valdes L\\u00f3pez\\u00bb. \",\"meta\":{\"genre\":\"Blues\",\"length_formatted\":\"1:11\"},\"image\":{\"src\":\"https:\\\/\\\/www.medellin.gov.co\\\/es\\\/wp-includes\\\/images\\\/media\\\/audio.png\",\"width\":48,\"height\":64},\"thumb\":{\"src\":\"https:\\\/\\\/www.medellin.gov.co\\\/es\\\/wp-includes\\\/images\\\/media\\\/audio.png\",\"width\":48,\"height\":64}}]}<\/script>\n<\/div>\n\t\n<p>A partir de este jueves 13 de agosto, la Administraci\u00f3n Distrital cerrar\u00e1 temporalmente la pista multiprop\u00f3sito del aeroparque Juan Pablo II por un periodo aproximado de 40 d\u00edas, con el fin de ejecutar las obras de renovaci\u00f3n de la pista de ciclismo y trote, as\u00ed como la demarcaci\u00f3n del circuito.<\/p>\n<p>\u00abVamos a cerrar la Pista del Juan Pablo II durante tres semanas para intervenir el escenario y esperar que los deportistas vuelvan a un escenario ch\u00e9vere, mejorado, arreglado y pavimentado, con todas las mejores condiciones\u00bb, dijo el director del <a href=\"https:\/\/www.inder.gov.co\/\" target=\"_blank\" rel=\"noopener\">Inder<\/a>, Eduardo Silva Meluk.<\/p>\n<p><a href=\"https:\/\/www.medellin.gov.co\/es\/wp-content\/uploads\/2026\/08\/Imagen-de-obreros-pavimentando-una-ciclovia.jpg\" target=\"_blank\" rel=\"noopener\"><img loading=\"lazy\" class=\"alignnone wp-image-556854 size-full\" title=\"obreros pavimentando una ciclov\u00eda\" src=\"https:\/\/www.medellin.gov.co\/es\/wp-content\/uploads\/2026\/08\/Imagen-de-obreros-pavimentando-una-ciclovia.jpg\" alt=\"Imagen de obreros pavimentando una ciclov\u00eda\" width=\"1013\" height=\"760\" srcset=\"https:\/\/www.medellin.gov.co\/es\/wp-content\/uploads\/2026\/08\/Imagen-de-obreros-pavimentando-una-ciclovia.jpg 1013w, https:\/\/www.medellin.gov.co\/es\/wp-content\/uploads\/2026\/08\/Imagen-de-obreros-pavimentando-una-ciclovia-300x225.jpg 300w, https:\/\/www.medellin.gov.co\/es\/wp-content\/uploads\/2026\/08\/Imagen-de-obreros-pavimentando-una-ciclovia-150x113.jpg 150w, https:\/\/www.medellin.gov.co\/es\/wp-content\/uploads\/2026\/08\/Imagen-de-obreros-pavimentando-una-ciclovia-768x576.jpg 768w\" sizes=\"(max-width: 1013px) 100vw, 1013px\" \/><\/a><\/p>\n<p>Las obras hacen parte de una inversi\u00f3n cercana a los $20.000 millones y, a la fecha, presentan un avance superior al 60 %.<\/p>\n<p>Esta intervenci\u00f3n busca entregar a la ciudadan\u00eda un escenario renovado con mejores condiciones para los usuarios.<\/p>\n<p>Durante el tiempo que el sitio permanezca cerrado, el Distrito garantizar\u00e1 la continuidad de la pr\u00e1ctica deportiva mediante la habilitaci\u00f3n de espacios alternativos para el trote y el entrenamiento, entre ellos, la Unidad Deportiva de Bel\u00e9n, la Unidad Deportiva Atanasio Girardot y el Estadio de Atletismo Alfonso Galvis Duque.<\/p>\n<p><a href=\"https:\/\/www.medellin.gov.co\/es\/wp-content\/uploads\/2026\/08\/Imagen-de-un-parque.jpg\" target=\"_blank\" rel=\"noopener\"><img loading=\"lazy\" class=\"alignnone wp-image-556851 size-full\" title=\"parque\" src=\"https:\/\/www.medellin.gov.co\/es\/wp-content\/uploads\/2026\/08\/Imagen-de-un-parque.jpg\" alt=\"Imagen de un parque\" width=\"1013\" height=\"760\" srcset=\"https:\/\/www.medellin.gov.co\/es\/wp-content\/uploads\/2026\/08\/Imagen-de-un-parque.jpg 1013w, https:\/\/www.medellin.gov.co\/es\/wp-content\/uploads\/2026\/08\/Imagen-de-un-parque-300x225.jpg 300w, https:\/\/www.medellin.gov.co\/es\/wp-content\/uploads\/2026\/08\/Imagen-de-un-parque-150x113.jpg 150w, https:\/\/www.medellin.gov.co\/es\/wp-content\/uploads\/2026\/08\/Imagen-de-un-parque-768x576.jpg 768w\" sizes=\"(max-width: 1013px) 100vw, 1013px\" \/><\/a><\/p>\n<p>Esta obra hace parte del plan de recuperaci\u00f3n de la infraestructura deportiva que adelanta la Alcald\u00eda de Medell\u00edn. De los 1.044 escenarios administrados por el Inder, cerca de 700 fueron encontrados con necesidades de mantenimiento o renovaci\u00f3n.<\/p>\n<p>Con estas intervenciones, la Administraci\u00f3n Distrital trabaja para ofrecer espacios adecuados para deportistas, clubes y ciudadan\u00eda.<\/p>\n","protected":false},"excerpt":{"rendered":"<p>La intervenci\u00f3n hace parte de la fase 3 del Gran Parque Medell\u00edn, que registra un avance superior al 60 %. Durante el cierre, los usuarios podr\u00e1n realizar sus actividades en la Unidad Deportiva de Bel\u00e9n, &#8230;<\/p>\n","protected":false},"author":21,"featured_media":556865,"comment_status":"open","ping_status":"open","sticky":false,"template":"","format":"standard","meta":[],"categories":[747],"tags":[451,689,442],"formato_nota":[],"programas_tax":[],"acf":[],"_links":{"self":[{"href":"https:\/\/www.medellin.gov.co\/es\/wp-json\/wp\/v2\/posts\/556957"}],"collection":[{"href":"https:\/\/www.medellin.gov.co\/es\/wp-json\/wp\/v2\/posts"}],"about":[{"href":"https:\/\/www.medellin.gov.co\/es\/wp-json\/wp\/v2\/types\/post"}],"author":[{"embeddable":true,"href":"https:\/\/www.medellin.gov.co\/es\/wp-json\/wp\/v2\/users\/21"}],"replies":[{"embeddable":true,"href":"https:\/\/www.medellin.gov.co\/es\/wp-json\/wp\/v2\/comments?post=556957"}],"version-history":[{"count":1,"href":"https:\/\/www.medellin.gov.co\/es\/wp-json\/wp\/v2\/posts\/556957\/revisions"}],"predecessor-version":[{"id":556959,"href":"https:\/\/www.medellin.gov.co\/es\/wp-json\/wp\/v2\/posts\/556957\/revisions\/556959"}],"wp:featuredmedia":[{"embeddable":true,"href":"https:\/\/www.medellin.gov.co\/es\/wp-json\/wp\/v2\/media\/556865"}],"wp:attachment":[{"href":"https:\/\/www.medellin.gov.co\/es\/wp-json\/wp\/v2\/media?parent=556957"}],"wp:term":[{"taxonomy":"category","embeddable":true,"href":"https:\/\/www.medellin.gov.co\/es\/wp-json\/wp\/v2\/categories?post=556957"},{"taxonomy":"post_tag","embeddable":true,"href":"https:\/\/www.medellin.gov.co\/es\/wp-json\/wp\/v2\/tags?post=556957"},{"taxonomy":"formato_nota","embeddable":true,"href":"https:\/\/www.medellin.gov.co\/es\/wp-json\/wp\/v2\/formato_nota?post=556957"},{"taxonomy":"programas_tax","embeddable":true,"href":"https:\/\/www.medellin.gov.co\/es\/wp-json\/wp\/v2\/programas_tax?post=556957"}],"curies":[{"name":"wp","href":"https:\/\/api.w.org\/{rel}","templated":true}]}}